{"id":67646,"date":"2026-02-24T09:48:40","date_gmt":"2026-02-24T12:48:40","guid":{"rendered":"https:\/\/hablemosclarotdf.com.ar\/?p=67646"},"modified":"2026-02-24T09:48:40","modified_gmt":"2026-02-24T12:48:40","slug":"los-centros-de-formacion-laboral-abren-sus-inscripciones","status":"publish","type":"post","link":"https:\/\/hablemosclarotdf.com.ar\/?p=67646","title":{"rendered":"LOS CENTROS DE FORMACI\u00d3N LABORAL ABREN SUS INSCRIPCIONES"},"content":{"rendered":"<p>El Ministerio de Educaci\u00f3n de la provincia, informa que los Centros de Formaci\u00f3n Laboral de Ushuaia y R\u00edo Grande, abren sus inscripciones a una variedad de Talleres formativos, destinados a mayores de 18 a\u00f1os que deseen formarse para el mundo laboral.<\/p>\n<p>El Centro Educativo y de Formaci\u00f3n Laboral \u201cDr. Manuel Belgrano\u201d de la ciudad de R\u00edo Grande, ubicado en calle Minkyol 119 del B\u00b0 CAP, ofrece propuesta de cursos de Formaci\u00f3n como:<\/p>\n<p>\u2022Auxiliar de cocina.<br \/>\n* Asistente de Oficina.<br \/>\n* Asistente de Oficina con orientaci\u00f3n en Administraci\u00f3n (Requisito: curso de asistente de Oficina).<br \/>\n* Auxiliar en dise\u00f1o b\u00e1sico de objetos artesanales y muebles.<br \/>\n* Auxiliar en familia especializado en cuidados orientados a la atenci\u00f3n de personas.<br \/>\n* Auxiliar en instalaciones sanitarias domiciliarias.<br \/>\n* Cocinero.<br \/>\n* Confeccionista a Medida: Modista\/o.<br \/>\n* Electricista de Inmuebles \u2013 Nivel III (Requisitos: Secundario completo, curso de montador electricista).<br \/>\n* Instalador de Sistemas el\u00e9ctricos de energ\u00edas renovables, Nivel III (Requisitos: Secundario completo, curso de montador electricista, electricista de inmuebles o T\u00e9cnico electricista).<br \/>\n* Montador electricista \u2013 Nivel II.<br \/>\n* Mozo \/ Camarero de Sal\u00f3n.<br \/>\n* Operador de inform\u00e1tica para la administraci\u00f3n y gesti\u00f3n.<br \/>\n* Operador de inform\u00e1tica para la administraci\u00f3n y gesti\u00f3n (Impresi\u00f3n 3D).<br \/>\n* Operador de inform\u00e1tica para la administraci\u00f3n y gesti\u00f3n (Introducci\u00f3n a<br \/>\nProgramaci\u00f3n).<br \/>\n* Dise\u00f1ador y Confeccionista de Indumentaria Artesanal (Tejido).<br \/>\n* Operador de PC para programas de dibujo asistido en 2D (Dise\u00f1o Gr\u00e1fico).<br \/>\n* Operador de PC para programas de dibujo asistido en 2D (Autocad El\u00e9ctrico).<br \/>\n* Operador de PC para programas de dibujo asistido en 3D (Dise\u00f1o de piezas mec\u00e1nicas).<br \/>\n* Panadero.<br \/>\n* Pastelero.<br \/>\n* Soldador b\u00e1sico.<\/p>\n<p>Las inscripciones ser\u00e1n virtual, el d\u00eda mi\u00e9rcoles 25 de febrero del corriente, a partir de las 9:00 horas, a trav\u00e9s de la p\u00e1gina web www.ceflmanuelbelgrano-tdf.com.ar<\/p>\n<p>En tanto, en la ciudad de Ushuaia, el Centro Educativo y de Formaci\u00f3n Laboral Ushuaia (CEFLU), ofrece:<\/p>\n<p>\u2022Auxiliar El\u00e9ctrico Domiciliario (Mod. I)<br \/>\n\u2022Montador El\u00e9ctrico Domiciliario (Mod. Ii)<br \/>\n\u2022Operador De Pc Para Dibujo En 2 Dimensiones<br \/>\n\u2022Soldador B\u00e1sico<br \/>\n\u2022Operador Inform\u00e1tico de Oficina<br \/>\n\u2022Recepcionista de Oficina<br \/>\n\u2022Ingles Para Actividades Tur\u00edsticas<br \/>\n\u2022Corte y Confecci\u00f3n<br \/>\n\u2022Modista\/O: Confeccionista a Medida (Mod. Ii)<br \/>\n\u2022Auxiliar de Instalaciones Sanitarias (Mod. I)<br \/>\n\u2022Pastelero<br \/>\n\u2022Auxiliar de Cocina<br \/>\n\u2022Organizador de Eventos<\/p>\n<p>En este caso, las inscripciones se realizar\u00e1n de manera presencial, desde el 23 al 27 de febrero, de 10:00 a 18:00 horas, en sus instalaciones ubicadas en Intevu 14 Casa N\u00ba 130 (Frente l I.P.V).<\/p>\n<p>Los requisitos necesarios para las inscripciones son:<br \/>\n-Fotocopia de D.N.I<br \/>\n-Fotocopia de Certificado de Estudios Primario\/Secundario<br \/>\n-Tener de 18 a 69 a\u00f1os.<\/p>\n","protected":false},"excerpt":{"rendered":"<p>El Ministerio de Educaci\u00f3n de la provincia, informa que los Centros de Formaci\u00f3n Laboral de&#8230;<\/p>\n","protected":false},"author":1,"featured_media":67647,"comment_status":"closed","ping_status":"closed","sticky":false,"template":"","format":"standard","meta":{"footnotes":""},"categories":[3],"tags":[],"class_list":["post-67646","post","type-post","status-publish","format-standard","has-post-thumbnail","hentry","category-noticias"],"jetpack_featured_media_url":"https:\/\/hablemosclarotdf.com.ar\/wp-content\/uploads\/2026\/02\/photo_2026-02-24_09-48-13.jpg","_links":{"self":[{"href":"https:\/\/hablemosclarotdf.com.ar\/index.php?rest_route=\/wp\/v2\/posts\/67646","targetHints":{"allow":["GET"]}}],"collection":[{"href":"https:\/\/hablemosclarotdf.com.ar\/index.php?rest_route=\/wp\/v2\/posts"}],"about":[{"href":"https:\/\/hablemosclarotdf.com.ar\/index.php?rest_route=\/wp\/v2\/types\/post"}],"author":[{"embeddable":true,"href":"https:\/\/hablemosclarotdf.com.ar\/index.php?rest_route=\/wp\/v2\/users\/1"}],"replies":[{"embeddable":true,"href":"https:\/\/hablemosclarotdf.com.ar\/index.php?rest_route=%2Fwp%2Fv2%2Fcomments&post=67646"}],"version-history":[{"count":1,"href":"https:\/\/hablemosclarotdf.com.ar\/index.php?rest_route=\/wp\/v2\/posts\/67646\/revisions"}],"predecessor-version":[{"id":67648,"href":"https:\/\/hablemosclarotdf.com.ar\/index.php?rest_route=\/wp\/v2\/posts\/67646\/revisions\/67648"}],"wp:featuredmedia":[{"embeddable":true,"href":"https:\/\/hablemosclarotdf.com.ar\/index.php?rest_route=\/wp\/v2\/media\/67647"}],"wp:attachment":[{"href":"https:\/\/hablemosclarotdf.com.ar\/index.php?rest_route=%2Fwp%2Fv2%2Fmedia&parent=67646"}],"wp:term":[{"taxonomy":"category","embeddable":true,"href":"https:\/\/hablemosclarotdf.com.ar\/index.php?rest_route=%2Fwp%2Fv2%2Fcategories&post=67646"},{"taxonomy":"post_tag","embeddable":true,"href":"https:\/\/hablemosclarotdf.com.ar\/index.php?rest_route=%2Fwp%2Fv2%2Ftags&post=67646"}],"curies":[{"name":"wp","href":"https:\/\/api.w.org\/{rel}","templated":true}]}}