{"id":67602,"date":"2026-02-23T17:06:32","date_gmt":"2026-02-23T20:06:32","guid":{"rendered":"https:\/\/hablemosclarotdf.com.ar\/?p=67602"},"modified":"2026-02-23T17:06:32","modified_gmt":"2026-02-23T20:06:32","slug":"exitosa-primera-jornada-de-captacion-de-talentos-de-voley-en-tolhuin-de-cara-a-los-juegos-epade-2026","status":"publish","type":"post","link":"https:\/\/hablemosclarotdf.com.ar\/?p=67602","title":{"rendered":"EXITOSA PRIMERA JORNADA DE CAPTACI\u00d3N DE TALENTOS DE V\u00d3LEY EN TOLHUIN DE CARA A LOS JUEGOS EPADE 2026"},"content":{"rendered":"<p>La Secretar\u00eda de Deportes de la provincia llev\u00f3 adelante este domingo 22, en la Casa del Deporte de Tolhuin, la primera jornada provincial de observaci\u00f3n de jugadores y jugadoras de v\u00f3ley, con el objetivo de conformar el seleccionado de Tierra del Fuego que representar\u00e1 a la provincia en los Juegos Patag\u00f3nicos EPADE 2026, a disputarse del 17 al 23 de mayo en La Pampa.<\/p>\n<p>En la rama femenina, la evaluaci\u00f3n estuvo encabezada por los entrenadores Sebasti\u00e1n Ybars y Dami\u00e1n Di Lernia, quienes destacaron el alto nivel y la proyecci\u00f3n de las deportistas convocadas. Di Lernia calific\u00f3 la jornada como &#8220;muy enriquecedora&#8221; y resalt\u00f3 la importancia de poder observar un grupo amplio de jugadoras para consolidar una base s\u00f3lida con vistas al futuro.<\/p>\n<p>&#8220;Evaluamos aspectos fundamentales como la estatura \u2014que es determinante en nuestra disciplina\u2014, la t\u00e9cnica individual y los fundamentos b\u00e1sicos como el saque y el ataque&#8221;, explic\u00f3 el entrenador, quien adem\u00e1s remarc\u00f3 la importancia estrat\u00e9gica de Tolhuin como sede de concentraci\u00f3n por su ubicaci\u00f3n central, que facilita la convocatoria desde R\u00edo Grande y Ushuaia.<\/p>\n<p>Di Lernia adelant\u00f3 que el proceso de selecci\u00f3n continuar\u00e1 en el marco del calendario federativo, lo que permitir\u00e1 evaluar a las jugadoras en instancias reales de competencia antes de la definici\u00f3n del plantel definitivo. Asimismo, valor\u00f3 el trabajo articulado con los entrenadores de los clubes, fortaleciendo el v\u00ednculo entre el desarrollo formativo y el seleccionado provincial.<\/p>\n<p>En la preselecci\u00f3n masculina, la evaluaci\u00f3n estuvo a cargo de los entrenadores Joaqu\u00edn Romero y Jerem\u00edas Sipaila, quienes destacaron especialmente la amplia convocatoria registrada. Como dato relevante, se\u00f1alaron la presencia de numerosos jugadores de categor\u00edas formativas (2013\u20132015), un aspecto clave para garantizar el crecimiento sostenido del v\u00f3ley masculino en la provincia.<\/p>\n<p>La observaci\u00f3n se centr\u00f3 en aspectos t\u00e9cnicos, t\u00e1cticos y de comprensi\u00f3n del juego, incorporando adem\u00e1s el eje de preparaci\u00f3n f\u00edsica temprana a trav\u00e9s del CEPAR (Centro Provincial de Alto Rendimiento), considerado fundamental para el desarrollo integral de los deportistas.<\/p>\n<p>En total participaron 22 jugadores en esta instancia inicial, realiz\u00e1ndose posteriormente cortes por edad y categor\u00eda para optimizar el trabajo de seguimiento.<\/p>\n<p>El proceso de captaci\u00f3n continuar\u00e1 con una jornada en Ushuaia, mientras que en R\u00edo Grande ya se cuenta con una base de preseleccionados. Adem\u00e1s, est\u00e1n previstas concentraciones durante los meses de marzo y abril para definir los planteles que competir\u00e1n tanto en los EPADE como en los Juegos de la Araucan\u00eda.<\/p>\n<p>La jornada en Tolhuin no solo permiti\u00f3 avanzar en la conformaci\u00f3n de los seleccionados provinciales, sino que tambi\u00e9n coincidi\u00f3 con una capacitaci\u00f3n arbitral desarrollada en la misma sede, lo que posibilit\u00f3 un abordaje integral de proyecci\u00f3n y crecimiento para la disciplina en toda la provincia.<\/p>\n<p>De esta manera, la Secretar\u00eda de Deportes contin\u00faa fortaleciendo el desarrollo del v\u00f3ley fueguino, apostando a la detecci\u00f3n de talentos y al trabajo articulado con clubes y centros de alto rendimiento en el camino hacia los compromisos regionales de 2026.<\/p>\n<p><img loading=\"lazy\" decoding=\"async\" class=\"alignnone size-medium wp-image-67604\" src=\"https:\/\/hablemosclarotdf.com.ar\/wp-content\/uploads\/2026\/02\/photo_2026-02-23_17-01-10-300x200.jpg\" alt=\"\" width=\"300\" height=\"200\" srcset=\"https:\/\/hablemosclarotdf.com.ar\/wp-content\/uploads\/2026\/02\/photo_2026-02-23_17-01-10-300x200.jpg 300w, https:\/\/hablemosclarotdf.com.ar\/wp-content\/uploads\/2026\/02\/photo_2026-02-23_17-01-10-1024x682.jpg 1024w, https:\/\/hablemosclarotdf.com.ar\/wp-content\/uploads\/2026\/02\/photo_2026-02-23_17-01-10-768x512.jpg 768w, https:\/\/hablemosclarotdf.com.ar\/wp-content\/uploads\/2026\/02\/photo_2026-02-23_17-01-10.jpg 1280w\" sizes=\"auto, (max-width: 300px) 100vw, 300px\" \/> <img loading=\"lazy\" decoding=\"async\" class=\"alignnone size-medium wp-image-67605\" src=\"https:\/\/hablemosclarotdf.com.ar\/wp-content\/uploads\/2026\/02\/photo_2026-02-23_17-01-15-300x200.jpg\" alt=\"\" width=\"300\" height=\"200\" srcset=\"https:\/\/hablemosclarotdf.com.ar\/wp-content\/uploads\/2026\/02\/photo_2026-02-23_17-01-15-300x200.jpg 300w, https:\/\/hablemosclarotdf.com.ar\/wp-content\/uploads\/2026\/02\/photo_2026-02-23_17-01-15-1024x682.jpg 1024w, https:\/\/hablemosclarotdf.com.ar\/wp-content\/uploads\/2026\/02\/photo_2026-02-23_17-01-15-768x512.jpg 768w, https:\/\/hablemosclarotdf.com.ar\/wp-content\/uploads\/2026\/02\/photo_2026-02-23_17-01-15.jpg 1280w\" sizes=\"auto, (max-width: 300px) 100vw, 300px\" \/> <img loading=\"lazy\" decoding=\"async\" class=\"alignnone size-medium wp-image-67606\" src=\"https:\/\/hablemosclarotdf.com.ar\/wp-content\/uploads\/2026\/02\/photo_2026-02-23_17-03-26-300x200.jpg\" alt=\"\" width=\"300\" height=\"200\" srcset=\"https:\/\/hablemosclarotdf.com.ar\/wp-content\/uploads\/2026\/02\/photo_2026-02-23_17-03-26-300x200.jpg 300w, https:\/\/hablemosclarotdf.com.ar\/wp-content\/uploads\/2026\/02\/photo_2026-02-23_17-03-26-1024x682.jpg 1024w, https:\/\/hablemosclarotdf.com.ar\/wp-content\/uploads\/2026\/02\/photo_2026-02-23_17-03-26-768x512.jpg 768w, https:\/\/hablemosclarotdf.com.ar\/wp-content\/uploads\/2026\/02\/photo_2026-02-23_17-03-26.jpg 1280w\" sizes=\"auto, (max-width: 300px) 100vw, 300px\" \/> <img loading=\"lazy\" decoding=\"async\" class=\"alignnone size-medium wp-image-67607\" src=\"https:\/\/hablemosclarotdf.com.ar\/wp-content\/uploads\/2026\/02\/photo_2026-02-23_17-01-48-300x200.jpg\" alt=\"\" width=\"300\" height=\"200\" srcset=\"https:\/\/hablemosclarotdf.com.ar\/wp-content\/uploads\/2026\/02\/photo_2026-02-23_17-01-48-300x200.jpg 300w, https:\/\/hablemosclarotdf.com.ar\/wp-content\/uploads\/2026\/02\/photo_2026-02-23_17-01-48-1024x682.jpg 1024w, https:\/\/hablemosclarotdf.com.ar\/wp-content\/uploads\/2026\/02\/photo_2026-02-23_17-01-48-768x512.jpg 768w, https:\/\/hablemosclarotdf.com.ar\/wp-content\/uploads\/2026\/02\/photo_2026-02-23_17-01-48.jpg 1280w\" sizes=\"auto, (max-width: 300px) 100vw, 300px\" \/> <img loading=\"lazy\" decoding=\"async\" class=\"alignnone size-medium wp-image-67608\" src=\"https:\/\/hablemosclarotdf.com.ar\/wp-content\/uploads\/2026\/02\/photo_2026-02-23_17-02-01-300x200.jpg\" alt=\"\" width=\"300\" height=\"200\" srcset=\"https:\/\/hablemosclarotdf.com.ar\/wp-content\/uploads\/2026\/02\/photo_2026-02-23_17-02-01-300x200.jpg 300w, https:\/\/hablemosclarotdf.com.ar\/wp-content\/uploads\/2026\/02\/photo_2026-02-23_17-02-01-1024x682.jpg 1024w, https:\/\/hablemosclarotdf.com.ar\/wp-content\/uploads\/2026\/02\/photo_2026-02-23_17-02-01-768x512.jpg 768w, https:\/\/hablemosclarotdf.com.ar\/wp-content\/uploads\/2026\/02\/photo_2026-02-23_17-02-01.jpg 1280w\" sizes=\"auto, (max-width: 300px) 100vw, 300px\" \/> <img loading=\"lazy\" decoding=\"async\" class=\"alignnone size-medium wp-image-67609\" src=\"https:\/\/hablemosclarotdf.com.ar\/wp-content\/uploads\/2026\/02\/photo_2026-02-23_17-02-07-300x200.jpg\" alt=\"\" width=\"300\" height=\"200\" srcset=\"https:\/\/hablemosclarotdf.com.ar\/wp-content\/uploads\/2026\/02\/photo_2026-02-23_17-02-07-300x200.jpg 300w, https:\/\/hablemosclarotdf.com.ar\/wp-content\/uploads\/2026\/02\/photo_2026-02-23_17-02-07-1024x682.jpg 1024w, https:\/\/hablemosclarotdf.com.ar\/wp-content\/uploads\/2026\/02\/photo_2026-02-23_17-02-07-768x512.jpg 768w, https:\/\/hablemosclarotdf.com.ar\/wp-content\/uploads\/2026\/02\/photo_2026-02-23_17-02-07.jpg 1280w\" sizes=\"auto, (max-width: 300px) 100vw, 300px\" \/> <img loading=\"lazy\" decoding=\"async\" class=\"alignnone size-medium wp-image-67610\" src=\"https:\/\/hablemosclarotdf.com.ar\/wp-content\/uploads\/2026\/02\/photo_2026-02-23_17-02-44-300x200.jpg\" alt=\"\" width=\"300\" height=\"200\" srcset=\"https:\/\/hablemosclarotdf.com.ar\/wp-content\/uploads\/2026\/02\/photo_2026-02-23_17-02-44-300x200.jpg 300w, https:\/\/hablemosclarotdf.com.ar\/wp-content\/uploads\/2026\/02\/photo_2026-02-23_17-02-44-1024x682.jpg 1024w, https:\/\/hablemosclarotdf.com.ar\/wp-content\/uploads\/2026\/02\/photo_2026-02-23_17-02-44-768x512.jpg 768w, https:\/\/hablemosclarotdf.com.ar\/wp-content\/uploads\/2026\/02\/photo_2026-02-23_17-02-44.jpg 1280w\" sizes=\"auto, (max-width: 300px) 100vw, 300px\" \/> <img loading=\"lazy\" decoding=\"async\" class=\"alignnone size-medium wp-image-67611\" src=\"https:\/\/hablemosclarotdf.com.ar\/wp-content\/uploads\/2026\/02\/photo_2026-02-23_17-02-49-300x200.jpg\" alt=\"\" width=\"300\" height=\"200\" srcset=\"https:\/\/hablemosclarotdf.com.ar\/wp-content\/uploads\/2026\/02\/photo_2026-02-23_17-02-49-300x200.jpg 300w, https:\/\/hablemosclarotdf.com.ar\/wp-content\/uploads\/2026\/02\/photo_2026-02-23_17-02-49-1024x682.jpg 1024w, https:\/\/hablemosclarotdf.com.ar\/wp-content\/uploads\/2026\/02\/photo_2026-02-23_17-02-49-768x512.jpg 768w, https:\/\/hablemosclarotdf.com.ar\/wp-content\/uploads\/2026\/02\/photo_2026-02-23_17-02-49.jpg 1280w\" sizes=\"auto, (max-width: 300px) 100vw, 300px\" \/> <img loading=\"lazy\" decoding=\"async\" class=\"alignnone size-medium wp-image-67612\" src=\"https:\/\/hablemosclarotdf.com.ar\/wp-content\/uploads\/2026\/02\/photo_2026-02-23_17-01-21-300x200.jpg\" alt=\"\" width=\"300\" height=\"200\" srcset=\"https:\/\/hablemosclarotdf.com.ar\/wp-content\/uploads\/2026\/02\/photo_2026-02-23_17-01-21-300x200.jpg 300w, https:\/\/hablemosclarotdf.com.ar\/wp-content\/uploads\/2026\/02\/photo_2026-02-23_17-01-21-1024x682.jpg 1024w, https:\/\/hablemosclarotdf.com.ar\/wp-content\/uploads\/2026\/02\/photo_2026-02-23_17-01-21-768x512.jpg 768w, https:\/\/hablemosclarotdf.com.ar\/wp-content\/uploads\/2026\/02\/photo_2026-02-23_17-01-21.jpg 1280w\" sizes=\"auto, (max-width: 300px) 100vw, 300px\" \/><\/p>\n","protected":false},"excerpt":{"rendered":"<p>La Secretar\u00eda de Deportes de la provincia llev\u00f3 adelante este domingo 22, en la Casa&#8230;<\/p>\n","protected":false},"author":1,"featured_media":67603,"comment_status":"closed","ping_status":"closed","sticky":false,"template":"","format":"standard","meta":{"footnotes":""},"categories":[3],"tags":[],"class_list":["post-67602","post","type-post","status-publish","format-standard","has-post-thumbnail","hentry","category-noticias"],"jetpack_featured_media_url":"https:\/\/hablemosclarotdf.com.ar\/wp-content\/uploads\/2026\/02\/photo_2026-02-23_17-01-06.jpg","_links":{"self":[{"href":"https:\/\/hablemosclarotdf.com.ar\/index.php?rest_route=\/wp\/v2\/posts\/67602","targetHints":{"allow":["GET"]}}],"collection":[{"href":"https:\/\/hablemosclarotdf.com.ar\/index.php?rest_route=\/wp\/v2\/posts"}],"about":[{"href":"https:\/\/hablemosclarotdf.com.ar\/index.php?rest_route=\/wp\/v2\/types\/post"}],"author":[{"embeddable":true,"href":"https:\/\/hablemosclarotdf.com.ar\/index.php?rest_route=\/wp\/v2\/users\/1"}],"replies":[{"embeddable":true,"href":"https:\/\/hablemosclarotdf.com.ar\/index.php?rest_route=%2Fwp%2Fv2%2Fcomments&post=67602"}],"version-history":[{"count":1,"href":"https:\/\/hablemosclarotdf.com.ar\/index.php?rest_route=\/wp\/v2\/posts\/67602\/revisions"}],"predecessor-version":[{"id":67613,"href":"https:\/\/hablemosclarotdf.com.ar\/index.php?rest_route=\/wp\/v2\/posts\/67602\/revisions\/67613"}],"wp:featuredmedia":[{"embeddable":true,"href":"https:\/\/hablemosclarotdf.com.ar\/index.php?rest_route=\/wp\/v2\/media\/67603"}],"wp:attachment":[{"href":"https:\/\/hablemosclarotdf.com.ar\/index.php?rest_route=%2Fwp%2Fv2%2Fmedia&parent=67602"}],"wp:term":[{"taxonomy":"category","embeddable":true,"href":"https:\/\/hablemosclarotdf.com.ar\/index.php?rest_route=%2Fwp%2Fv2%2Fcategories&post=67602"},{"taxonomy":"post_tag","embeddable":true,"href":"https:\/\/hablemosclarotdf.com.ar\/index.php?rest_route=%2Fwp%2Fv2%2Ftags&post=67602"}],"curies":[{"name":"wp","href":"https:\/\/api.w.org\/{rel}","templated":true}]}}