{"id":67598,"date":"2026-02-23T16:55:53","date_gmt":"2026-02-23T19:55:53","guid":{"rendered":"https:\/\/hablemosclarotdf.com.ar\/?p=67598"},"modified":"2026-02-23T16:55:53","modified_gmt":"2026-02-23T19:55:53","slug":"el-gobierno-provincial-incorporo-cuatro-nuevas-camionetas-para-la-direccion-provincial-de-energia","status":"publish","type":"post","link":"https:\/\/hablemosclarotdf.com.ar\/?p=67598","title":{"rendered":"EL GOBIERNO PROVINCIAL INCORPOR\u00d3 CUATRO NUEVAS CAMIONETAS PARA LA DIRECCI\u00d3N PROVINCIAL DE ENERG\u00cdA"},"content":{"rendered":"<p>El Gobierno de la Provincia incorpor\u00f3 cuatro nuevas camionetas doble cabina, destinadas a la Direcci\u00f3n Provincial de Energ\u00eda (DPE), que ser\u00e1n distribuidas en Ushuaia, Tolhuin y Almanza para fortalecer las tareas operativas en territorio.<\/p>\n<p>La directora del organismo, Cintia Fern\u00e1ndez, explic\u00f3 que las unidades forman parte de un proceso de ampliaci\u00f3n del parque automotor y responden a necesidades planteadas por las distintas \u00e1reas t\u00e9cnicas.<\/p>\n<p>\u201cEstamos recepcionando parte de la adquisici\u00f3n de veh\u00edculos para las localidades donde tiene competencia la Direcci\u00f3n. Vienen a reforzar el parque automotor para los trabajos en calle. Es un pedido que surge de las necesidades manifestadas tanto por los responsables de las \u00e1reas como por la entidad sindical, que ha acompa\u00f1ado esta compra\u201d, se\u00f1al\u00f3.<\/p>\n<p>Las camionetas ser\u00e1n destinadas a las \u00e1reas de Generaci\u00f3n y Distribuci\u00f3n en Ushuaia y Tolhuin, y tambi\u00e9n se afectar\u00e1 una unidad para la localidad de Almanza.<\/p>\n<p>Fern\u00e1ndez adelant\u00f3 adem\u00e1s que pr\u00f3ximamente se concretar\u00e1 la entrega de dos camiones, que actualmente se encuentran dentro del plazo previsto y en proceso de adecuaci\u00f3n y equipamiento espec\u00edfico para las tareas t\u00e9cnicas que desarrolla el organismo.<\/p>\n<p>Por su parte, H\u00e9ctor Jorquera, integrante de la Comisi\u00f3n Directiva del Sindicato Austral, destac\u00f3 el trabajo conjunto con el Gobierno provincial para concretar la incorporaci\u00f3n.<\/p>\n<p>\u201cEsto es un logro que se hizo entre el Sindicato Austral y el Gobierno. Entendemos el momento econ\u00f3mico que est\u00e1 atravesando la provincia y la Direcci\u00f3n de Energ\u00eda, pero era necesario este esfuerzo porque son herramientas de trabajo\u201d, expres\u00f3.<\/p>\n<p>Jorquera remarc\u00f3 que se trata de una gesti\u00f3n que demand\u00f3 varios meses debido al contexto econ\u00f3mico y a la disponibilidad de veh\u00edculos, y valor\u00f3 la decisi\u00f3n pol\u00edtica de avanzar con la compra.<\/p>\n<p>Desde el Gobierno provincial se\u00f1alaron que la incorporaci\u00f3n de estas unidades permitir\u00e1 optimizar el trabajo diario de las cuadrillas y mejorar la movilidad para las tareas operativas en Ushuaia, Tolhuin y Almanza.<\/p>\n<p><img loading=\"lazy\" decoding=\"async\" class=\"alignnone size-medium wp-image-67600\" src=\"https:\/\/hablemosclarotdf.com.ar\/wp-content\/uploads\/2026\/02\/photo_2026-02-23_16-53-11-300x200.jpg\" alt=\"\" width=\"300\" height=\"200\" srcset=\"https:\/\/hablemosclarotdf.com.ar\/wp-content\/uploads\/2026\/02\/photo_2026-02-23_16-53-11-300x200.jpg 300w, https:\/\/hablemosclarotdf.com.ar\/wp-content\/uploads\/2026\/02\/photo_2026-02-23_16-53-11-1024x684.jpg 1024w, https:\/\/hablemosclarotdf.com.ar\/wp-content\/uploads\/2026\/02\/photo_2026-02-23_16-53-11-768x513.jpg 768w, https:\/\/hablemosclarotdf.com.ar\/wp-content\/uploads\/2026\/02\/photo_2026-02-23_16-53-11.jpg 1280w\" sizes=\"auto, (max-width: 300px) 100vw, 300px\" \/><\/p>\n","protected":false},"excerpt":{"rendered":"<p>El Gobierno de la Provincia incorpor\u00f3 cuatro nuevas camionetas doble cabina, destinadas a la Direcci\u00f3n&#8230;<\/p>\n","protected":false},"author":1,"featured_media":67599,"comment_status":"closed","ping_status":"closed","sticky":false,"template":"","format":"standard","meta":{"footnotes":""},"categories":[3],"tags":[],"class_list":["post-67598","post","type-post","status-publish","format-standard","has-post-thumbnail","hentry","category-noticias"],"jetpack_featured_media_url":"https:\/\/hablemosclarotdf.com.ar\/wp-content\/uploads\/2026\/02\/photo_2026-02-23_16-53-05.jpg","_links":{"self":[{"href":"https:\/\/hablemosclarotdf.com.ar\/index.php?rest_route=\/wp\/v2\/posts\/67598","targetHints":{"allow":["GET"]}}],"collection":[{"href":"https:\/\/hablemosclarotdf.com.ar\/index.php?rest_route=\/wp\/v2\/posts"}],"about":[{"href":"https:\/\/hablemosclarotdf.com.ar\/index.php?rest_route=\/wp\/v2\/types\/post"}],"author":[{"embeddable":true,"href":"https:\/\/hablemosclarotdf.com.ar\/index.php?rest_route=\/wp\/v2\/users\/1"}],"replies":[{"embeddable":true,"href":"https:\/\/hablemosclarotdf.com.ar\/index.php?rest_route=%2Fwp%2Fv2%2Fcomments&post=67598"}],"version-history":[{"count":1,"href":"https:\/\/hablemosclarotdf.com.ar\/index.php?rest_route=\/wp\/v2\/posts\/67598\/revisions"}],"predecessor-version":[{"id":67601,"href":"https:\/\/hablemosclarotdf.com.ar\/index.php?rest_route=\/wp\/v2\/posts\/67598\/revisions\/67601"}],"wp:featuredmedia":[{"embeddable":true,"href":"https:\/\/hablemosclarotdf.com.ar\/index.php?rest_route=\/wp\/v2\/media\/67599"}],"wp:attachment":[{"href":"https:\/\/hablemosclarotdf.com.ar\/index.php?rest_route=%2Fwp%2Fv2%2Fmedia&parent=67598"}],"wp:term":[{"taxonomy":"category","embeddable":true,"href":"https:\/\/hablemosclarotdf.com.ar\/index.php?rest_route=%2Fwp%2Fv2%2Fcategories&post=67598"},{"taxonomy":"post_tag","embeddable":true,"href":"https:\/\/hablemosclarotdf.com.ar\/index.php?rest_route=%2Fwp%2Fv2%2Ftags&post=67598"}],"curies":[{"name":"wp","href":"https:\/\/api.w.org\/{rel}","templated":true}]}}