{"id":67590,"date":"2026-02-23T16:49:54","date_gmt":"2026-02-23T19:49:54","guid":{"rendered":"https:\/\/hablemosclarotdf.com.ar\/?p=67590"},"modified":"2026-02-23T16:49:54","modified_gmt":"2026-02-23T19:49:54","slug":"rio-grande-continuan-activos-los-dispositivos-municipales-de-acompanamiento-en-consumo-problematico","status":"publish","type":"post","link":"https:\/\/hablemosclarotdf.com.ar\/?p=67590","title":{"rendered":"RIO GRANDE : CONTIN\u00daAN ACTIVOS LOS DISPOSITIVOS MUNICIPALES DE ACOMPA\u00d1AMIENTO EN CONSUMO PROBLEM\u00c1TICO"},"content":{"rendered":"<p>El Municipio de R\u00edo Grande, por medio de la Direcci\u00f3n de Salud Mental y Adicciones, informa a la comunidad que contin\u00faan activos los dispositivos de acompa\u00f1amiento destinados a personas que atraviesan consumos problem\u00e1ticos, as\u00ed como a sus entornos familiares.<\/p>\n<p>Se trata de los grupos \u201cPersonas en consumo problem\u00e1tico\u201d y \u201cFamiliares de personas en consumo problem\u00e1tico\u201d, propuestas que buscan brindar espacios de escucha activa, contenci\u00f3n y orientaci\u00f3n, fortaleciendo el autocuidado y promoviendo la construcci\u00f3n de redes de acompa\u00f1amiento y apoyo comunitario.<\/p>\n<p>Ambas iniciativas se llevan adelante en el Centro de Abordaje Integral en Consumo Problem\u00e1tico \u201cHna. Carla Riva\u201d, sito en Thorne 481. Quienes deseen recibir m\u00e1s informaci\u00f3n pueden comunicarse al 2964-436223 (int. 6069) o acercarse personalmente a la instituci\u00f3n.<\/p>\n<p>De esta manera, el Municipio ratifica su compromiso con el desarrollo de pol\u00edticas p\u00fablicas de salud mental que sean cercanas, accesibles y con una mirada integral.<\/p>\n<p>BECAS UMET: HASTA EL 6 DE MARZO ESTAR\u00c1N ABIERTAS LAS INSCRIPCIONES<\/p>\n<p><img loading=\"lazy\" decoding=\"async\" class=\"alignnone size-medium wp-image-67593\" src=\"https:\/\/hablemosclarotdf.com.ar\/wp-content\/uploads\/2026\/02\/photo_2026-02-23_16-49-12-240x300.jpg\" alt=\"\" width=\"240\" height=\"300\" srcset=\"https:\/\/hablemosclarotdf.com.ar\/wp-content\/uploads\/2026\/02\/photo_2026-02-23_16-49-12-240x300.jpg 240w, https:\/\/hablemosclarotdf.com.ar\/wp-content\/uploads\/2026\/02\/photo_2026-02-23_16-49-12-819x1024.jpg 819w, https:\/\/hablemosclarotdf.com.ar\/wp-content\/uploads\/2026\/02\/photo_2026-02-23_16-49-12-768x960.jpg 768w, https:\/\/hablemosclarotdf.com.ar\/wp-content\/uploads\/2026\/02\/photo_2026-02-23_16-49-12.jpg 1024w\" sizes=\"auto, (max-width: 240px) 100vw, 240px\" \/><\/p>\n","protected":false},"excerpt":{"rendered":"<p>El Municipio de R\u00edo Grande, por medio de la Direcci\u00f3n de Salud Mental y Adicciones,&#8230;<\/p>\n","protected":false},"author":1,"featured_media":67592,"comment_status":"closed","ping_status":"closed","sticky":false,"template":"","format":"standard","meta":{"footnotes":""},"categories":[3],"tags":[],"class_list":["post-67590","post","type-post","status-publish","format-standard","has-post-thumbnail","hentry","category-noticias"],"jetpack_featured_media_url":"https:\/\/hablemosclarotdf.com.ar\/wp-content\/uploads\/2026\/02\/photo_2026-02-23_16-45-26.jpg","_links":{"self":[{"href":"https:\/\/hablemosclarotdf.com.ar\/index.php?rest_route=\/wp\/v2\/posts\/67590","targetHints":{"allow":["GET"]}}],"collection":[{"href":"https:\/\/hablemosclarotdf.com.ar\/index.php?rest_route=\/wp\/v2\/posts"}],"about":[{"href":"https:\/\/hablemosclarotdf.com.ar\/index.php?rest_route=\/wp\/v2\/types\/post"}],"author":[{"embeddable":true,"href":"https:\/\/hablemosclarotdf.com.ar\/index.php?rest_route=\/wp\/v2\/users\/1"}],"replies":[{"embeddable":true,"href":"https:\/\/hablemosclarotdf.com.ar\/index.php?rest_route=%2Fwp%2Fv2%2Fcomments&post=67590"}],"version-history":[{"count":2,"href":"https:\/\/hablemosclarotdf.com.ar\/index.php?rest_route=\/wp\/v2\/posts\/67590\/revisions"}],"predecessor-version":[{"id":67594,"href":"https:\/\/hablemosclarotdf.com.ar\/index.php?rest_route=\/wp\/v2\/posts\/67590\/revisions\/67594"}],"wp:featuredmedia":[{"embeddable":true,"href":"https:\/\/hablemosclarotdf.com.ar\/index.php?rest_route=\/wp\/v2\/media\/67592"}],"wp:attachment":[{"href":"https:\/\/hablemosclarotdf.com.ar\/index.php?rest_route=%2Fwp%2Fv2%2Fmedia&parent=67590"}],"wp:term":[{"taxonomy":"category","embeddable":true,"href":"https:\/\/hablemosclarotdf.com.ar\/index.php?rest_route=%2Fwp%2Fv2%2Fcategories&post=67590"},{"taxonomy":"post_tag","embeddable":true,"href":"https:\/\/hablemosclarotdf.com.ar\/index.php?rest_route=%2Fwp%2Fv2%2Ftags&post=67590"}],"curies":[{"name":"wp","href":"https:\/\/api.w.org\/{rel}","templated":true}]}}