{"id":67586,"date":"2026-02-23T16:43:33","date_gmt":"2026-02-23T19:43:33","guid":{"rendered":"https:\/\/hablemosclarotdf.com.ar\/?p=67586"},"modified":"2026-02-23T16:43:33","modified_gmt":"2026-02-23T19:43:33","slug":"rio-grande-gracias-al-convenio-firmado-con-el-municipio-cuatro-jovenes-riograndenses-podran-jugar-en-el-club-xeneize","status":"publish","type":"post","link":"https:\/\/hablemosclarotdf.com.ar\/?p=67586","title":{"rendered":"RIO GRANDE : GRACIAS AL CONVENIO FIRMADO CON EL MUNICIPIO , CUATRO J\u00d3VENES RIOGRANDENSES PODR\u00c1N JUGAR EN EL CLUB XENEIZE"},"content":{"rendered":"<p>Cuatro j\u00f3venes riograndenses fueron seleccionados por Boca Juniors para continuar su formaci\u00f3n en el futsal, como resultado del convenio firmado entre el Municipio de R\u00edo Grande y el club.<\/p>\n<p>El proceso comenz\u00f3 en el 2025, donde m\u00e1s de 200 chicos participaron en la primera b\u00fasqueda de talentos. A partir de esa instancia se organizaron dos Campus de Futsal en R\u00edo Grande, que reunieron a deportistas de toda la provincia y permitieron evaluar su desempe\u00f1o en entrenamientos y pruebas espec\u00edficas.<\/p>\n<p>De este trabajo sostenido surgi\u00f3 la convocatoria de Francisco Contreras del Club San Isidro, Facundo Godoy de 18 a\u00f1os del Club San Mart\u00edn, Benjam\u00edn L\u00f3pez de 16 a\u00f1os del Club Luz y Fuerza y Lisandro Vel\u00e1zquez de 16 a\u00f1os tambi\u00e9n del Club Luz y Fuerza.<\/p>\n<p>En el marco del convenio, se realiz\u00f3 un encuentro con las familias y los deportistas convocados, junto a Sebasti\u00e1n Benda\u00f1a, gerente de la Agencia Municipal de Deportes, Cultura y Turismo, y Diego Radwanitzer, subsecretario de Deportes. All\u00ed se destac\u00f3 la importancia del acompa\u00f1amiento t\u00e9cnico y familiar, as\u00ed como las posibilidades que se abren para los j\u00f3venes en cuanto a vivienda, educaci\u00f3n y desarrollo deportivo. Tambi\u00e9n se subray\u00f3 que el acuerdo con Boca Juniors podr\u00eda brindar oportunidades al futsal femenino, ampliando el horizonte de inclusi\u00f3n y crecimiento.<\/p>\n<p>Sebasti\u00e1n Benda\u00f1a se\u00f1al\u00f3 que la convocatoria de estos cuatro j\u00f3venes es el \u201cresultado de un proceso planificado y sostenido, que comenz\u00f3 en la ExpoDeportes del 2025 y se consolid\u00f3 con los campus realizados en R\u00edo Grande.\u201d Destac\u00f3 que este convenio con Boca Juniors abre nuevas puertas y proyecta m\u00e1s oportunidades para la juventud fueguina, gracias al esfuerzo de los deportistas, el acompa\u00f1amiento de sus familias y el compromiso del Estado.<\/p>\n<p>Por su parte, Diego Radwanitzer expres\u00f3 que \u201ces un orgullo para R\u00edo Grande ser la \u00fanica ciudad del pa\u00eds donde se desarroll\u00f3 este campus\u201d y subray\u00f3 que este logro demuestra la importancia del trabajo conjunto entre instituciones, familias y Estado para generar espacios \u00fanicos que ponen a los j\u00f3venes fueguinos en la elite del futsal nacional.<\/p>\n<p>Con este cierre exitoso, R\u00edo Grande reafirma su compromiso con el deporte como herramienta de inclusi\u00f3n y desarrollo deportivo, fortaleciendo el v\u00ednculo con Boca Juniors y proyectando nuevas oportunidades para la juventud fueguina.<\/p>\n","protected":false},"excerpt":{"rendered":"<p>Cuatro j\u00f3venes riograndenses fueron seleccionados por Boca Juniors para continuar su formaci\u00f3n en el futsal,&#8230;<\/p>\n","protected":false},"author":1,"featured_media":67588,"comment_status":"closed","ping_status":"closed","sticky":false,"template":"","format":"standard","meta":{"footnotes":""},"categories":[3],"tags":[],"class_list":["post-67586","post","type-post","status-publish","format-standard","has-post-thumbnail","hentry","category-noticias"],"jetpack_featured_media_url":"https:\/\/hablemosclarotdf.com.ar\/wp-content\/uploads\/2026\/02\/photo_2026-02-23_16-42-55.jpg","_links":{"self":[{"href":"https:\/\/hablemosclarotdf.com.ar\/index.php?rest_route=\/wp\/v2\/posts\/67586","targetHints":{"allow":["GET"]}}],"collection":[{"href":"https:\/\/hablemosclarotdf.com.ar\/index.php?rest_route=\/wp\/v2\/posts"}],"about":[{"href":"https:\/\/hablemosclarotdf.com.ar\/index.php?rest_route=\/wp\/v2\/types\/post"}],"author":[{"embeddable":true,"href":"https:\/\/hablemosclarotdf.com.ar\/index.php?rest_route=\/wp\/v2\/users\/1"}],"replies":[{"embeddable":true,"href":"https:\/\/hablemosclarotdf.com.ar\/index.php?rest_route=%2Fwp%2Fv2%2Fcomments&post=67586"}],"version-history":[{"count":2,"href":"https:\/\/hablemosclarotdf.com.ar\/index.php?rest_route=\/wp\/v2\/posts\/67586\/revisions"}],"predecessor-version":[{"id":67589,"href":"https:\/\/hablemosclarotdf.com.ar\/index.php?rest_route=\/wp\/v2\/posts\/67586\/revisions\/67589"}],"wp:featuredmedia":[{"embeddable":true,"href":"https:\/\/hablemosclarotdf.com.ar\/index.php?rest_route=\/wp\/v2\/media\/67588"}],"wp:attachment":[{"href":"https:\/\/hablemosclarotdf.com.ar\/index.php?rest_route=%2Fwp%2Fv2%2Fmedia&parent=67586"}],"wp:term":[{"taxonomy":"category","embeddable":true,"href":"https:\/\/hablemosclarotdf.com.ar\/index.php?rest_route=%2Fwp%2Fv2%2Fcategories&post=67586"},{"taxonomy":"post_tag","embeddable":true,"href":"https:\/\/hablemosclarotdf.com.ar\/index.php?rest_route=%2Fwp%2Fv2%2Ftags&post=67586"}],"curies":[{"name":"wp","href":"https:\/\/api.w.org\/{rel}","templated":true}]}}