{"id":67571,"date":"2026-02-23T12:08:53","date_gmt":"2026-02-23T15:08:53","guid":{"rendered":"https:\/\/hablemosclarotdf.com.ar\/?p=67571"},"modified":"2026-02-23T12:08:53","modified_gmt":"2026-02-23T15:08:53","slug":"vivi-la-antartida-como-nunca-antes-llega-antartida-360-al-museo-del-fin-del-mundo","status":"publish","type":"post","link":"https:\/\/hablemosclarotdf.com.ar\/?p=67571","title":{"rendered":"VIV\u00cd LA ANT\u00c1RTIDA COMO NUNCA ANTES: LLEGA \u201cANT\u00c1RTIDA 360\u00b0\u201d AL MUSEO DEL FIN DEL MUNDO"},"content":{"rendered":"<p>En el marco del Mes de la Ant\u00e1rtida, la Secretar\u00eda de Ciencia y Tecnolog\u00eda y la Secretar\u00eda de Cultura, invitan a la comunidad a participar de \u201cAnt\u00e1rtida 360\u00b0: Una Experiencia Inmersiva\u201d. La iniciativa est\u00e1 dirigida a p\u00fablico de todas las edades, turistas y familias, en la sede Fundacional del Museo del Fin del Mundo (Av. Maip\u00fa 173) de la ciudad de Ushuaia.<\/p>\n<p>La propuesta, busca acercar a la ciudadan\u00eda al entorno ant\u00e1rtico mediante el uso de tecnolog\u00edas, permitiendo una percepci\u00f3n sensorial \u00fanica de los paisajes, la fauna y la labor cient\u00edfica argentina en el territorio, del 23 al 27 de febrero de 15:00 a 17:00 horas, con entrada libre y gratuita.<\/p>\n<p>A trav\u00e9s de Modo CyT, se busca que el conocimiento cient\u00edfico sea accesible y cercano mediante estaciones tecnol\u00f3gicas donde los visitantes podr\u00e1n experimentar la inmensidad ant\u00e1rtica de una manera interactiva, reforzando el sentido de pertenencia y la identidad bicontinental de Tierra del Fuego.<\/p>\n<p>Al respecto, la secretaria de Ciencia y Tecnolog\u00eda, Elida Rechi, destac\u00f3 que \u201cbuscamos que la tecnolog\u00eda sea el veh\u00edculo para acortar distancias. Con Ant\u00e1rtida 360\u00b0 no solo brindamos informaci\u00f3n, sino que generamos una emoci\u00f3n, que cada fueguino y fueguina sienta que la Ant\u00e1rtida es parte de su hogar. Es una apuesta por la divulgaci\u00f3n cient\u00edfica innovadora y el fortalecer nuestra soberan\u00eda\u201d.<\/p>\n<p>Por su parte, el secretario de Cultura, Aureliano Rodr\u00edguez, subray\u00f3 la importancia de esta sinergia institucional. \u201cPara nosotros, la Ant\u00e1rtida no es solo un mapa o una referencia lejana; es parte constitutiva de nuestra identidad como provincia grande. Por eso, a trav\u00e9s de este trabajo conjunto entre la Secretar\u00eda de Cultura y la Secretar\u00eda de Ciencia y Tecnolog\u00eda, logramos acercar el Continente Blanco a la comunidad de una forma in\u00e9dita\u201d.<\/p>\n<p>Asimismo, Rodr\u00edguez sostuvo que \u201ccon Ant\u00e1rtida 360\u00b0 queremos que cada vecino y cada turista pueda cruzar esa frontera invisible y sentir la inmensidad del paisaje. Esta colaboraci\u00f3n estrat\u00e9gica nos permite usar la tecnolog\u00eda como un puente para valorar nuestro patrimonio y fortalecer el sentimiento de soberan\u00eda desde una experiencia sensorial \u00fanica en el Museo del Fin del Mundo\u201d.<\/p>\n","protected":false},"excerpt":{"rendered":"<p>En el marco del Mes de la Ant\u00e1rtida, la Secretar\u00eda de Ciencia y Tecnolog\u00eda y&#8230;<\/p>\n","protected":false},"author":1,"featured_media":67572,"comment_status":"closed","ping_status":"closed","sticky":false,"template":"","format":"standard","meta":{"footnotes":""},"categories":[3],"tags":[],"class_list":["post-67571","post","type-post","status-publish","format-standard","has-post-thumbnail","hentry","category-noticias"],"jetpack_featured_media_url":"https:\/\/hablemosclarotdf.com.ar\/wp-content\/uploads\/2026\/02\/photo_2026-02-23_12-08-22.jpg","_links":{"self":[{"href":"https:\/\/hablemosclarotdf.com.ar\/index.php?rest_route=\/wp\/v2\/posts\/67571","targetHints":{"allow":["GET"]}}],"collection":[{"href":"https:\/\/hablemosclarotdf.com.ar\/index.php?rest_route=\/wp\/v2\/posts"}],"about":[{"href":"https:\/\/hablemosclarotdf.com.ar\/index.php?rest_route=\/wp\/v2\/types\/post"}],"author":[{"embeddable":true,"href":"https:\/\/hablemosclarotdf.com.ar\/index.php?rest_route=\/wp\/v2\/users\/1"}],"replies":[{"embeddable":true,"href":"https:\/\/hablemosclarotdf.com.ar\/index.php?rest_route=%2Fwp%2Fv2%2Fcomments&post=67571"}],"version-history":[{"count":1,"href":"https:\/\/hablemosclarotdf.com.ar\/index.php?rest_route=\/wp\/v2\/posts\/67571\/revisions"}],"predecessor-version":[{"id":67573,"href":"https:\/\/hablemosclarotdf.com.ar\/index.php?rest_route=\/wp\/v2\/posts\/67571\/revisions\/67573"}],"wp:featuredmedia":[{"embeddable":true,"href":"https:\/\/hablemosclarotdf.com.ar\/index.php?rest_route=\/wp\/v2\/media\/67572"}],"wp:attachment":[{"href":"https:\/\/hablemosclarotdf.com.ar\/index.php?rest_route=%2Fwp%2Fv2%2Fmedia&parent=67571"}],"wp:term":[{"taxonomy":"category","embeddable":true,"href":"https:\/\/hablemosclarotdf.com.ar\/index.php?rest_route=%2Fwp%2Fv2%2Fcategories&post=67571"},{"taxonomy":"post_tag","embeddable":true,"href":"https:\/\/hablemosclarotdf.com.ar\/index.php?rest_route=%2Fwp%2Fv2%2Ftags&post=67571"}],"curies":[{"name":"wp","href":"https:\/\/api.w.org\/{rel}","templated":true}]}}