{"id":67567,"date":"2026-02-23T10:47:11","date_gmt":"2026-02-23T13:47:11","guid":{"rendered":"https:\/\/hablemosclarotdf.com.ar\/?p=67567"},"modified":"2026-02-23T10:47:11","modified_gmt":"2026-02-23T13:47:11","slug":"rio-grande-ampliacion-del-laboratorio-extension-del-servicio-odontologico-y-mas-prevencion-los-anuncios-de-salud-para-el-2026","status":"publish","type":"post","link":"https:\/\/hablemosclarotdf.com.ar\/?p=67567","title":{"rendered":"RIO GRANDE : AMPLIACI\u00d3N DEL LABORATORIO, EXTENSI\u00d3N DEL SERVICIO ODONTOL\u00d3GICO Y M\u00c1S PREVENCI\u00d3N: LOS ANUNCIOS DE SALUD PARA EL 2026"},"content":{"rendered":"<p>El intendente Mart\u00edn Perez anunci\u00f3 que el 2026 ser\u00e1 el a\u00f1o de consolidaci\u00f3n y profundizaci\u00f3n del modelo de salud municipal, con una agenda enfocada en ampliar servicios, incorporar tecnolog\u00eda y fortalecer la prevenci\u00f3n.<\/p>\n<p>\u201cNo nos conformamos con resistir. Pese al contexto adverso, R\u00edo Grande sigue avanzando\u201d, afirm\u00f3 el Intendente al abrir el XLIII Per\u00edodo de Sesiones Ordinarias del Concejo Deliberante.<\/p>\n<p>Entre los principales anuncios, adelant\u00f3 la extensi\u00f3n del Laboratorio Municipal con anexos en Chacra XI y Chacra XIII; la incorporaci\u00f3n de tecnolog\u00eda GeneXpert para el diagn\u00f3stico temprano de HPV; la cobertura odontol\u00f3gica completa en todos los centros municipales; y la puesta en marcha de un programa espec\u00edfico ante el aumento de casos de s\u00edfilis, que ampliar\u00e1 los testeos y reforzar\u00e1 las campa\u00f1as de prevenci\u00f3n. Asimismo, confirm\u00f3 que R\u00edo Grande liderar\u00e1 la formaci\u00f3n provincial en salud mental, con especial \u00e9nfasis en infancias y adolescencias.<\/p>\n<p>\u201cHace a\u00f1os sostenemos una salud p\u00fablica que es referencia en la Patagonia. El 2026 ser\u00e1 el a\u00f1o de consolidaci\u00f3n de un modelo aut\u00f3nomo, moderno, de calidad y profundamente humano\u201d, sostuvo el Intendente, remarcando que la planificaci\u00f3n sanitaria no se detiene pese a las dificultades econ\u00f3micas nacionales.<\/p>\n<p>En ese marco, Perez record\u00f3 que durante el \u00faltimo a\u00f1o el Municipio destin\u00f3 m\u00e1s de 10.000 millones de pesos al fortalecimiento del sistema municipal de salud, donde se llevaron adelante 275.000 atenciones en 15 dispositivos distribuidos en la ciudad. \u201cNo se trata de una estad\u00edstica m\u00e1s, sino de vecinos y vecinas que acceden a consultas, estudios, tratamientos y acompa\u00f1amiento integral\u201d, expres\u00f3.<\/p>\n<p>El Intendente se\u00f1al\u00f3 que el sistema municipal se consolida como un pilar fundamental para miles de familias riograndenses en un contexto social que se traduce en mayores demandas sobre la salud p\u00fablica. Detall\u00f3 que el 40% de las prestaciones correspondieron a pacientes sin cobertura que accedieron a trav\u00e9s del Plan Sumar y el 30% a afiliados de OSEF, lo que implic\u00f3 una inversi\u00f3n municipal cercana a los 3.000 millones de pesos para sostener la atenci\u00f3n ante la falta de compensaci\u00f3n de la obra social provincial.<\/p>\n<p>En ese sentido, renov\u00f3 el reclamo institucional a OSEF para la firma del convenio de compensaci\u00f3n prestacional. \u201cEs lo que manda la ley. Es lo que hacemos con otras obras sociales y prepagas. No interrumpimos la atenci\u00f3n porque la salud es un derecho, pero tambi\u00e9n es nuestra responsabilidad defender el presupuesto de los riograndenses\u201d, afirm\u00f3, subrayando que se trata de una cuesti\u00f3n de justicia institucional y no de una disputa pol\u00edtica.<\/p>\n<p>Perez tambi\u00e9n destac\u00f3 el crecimiento de las pol\u00edticas de salud mental, \u00e1rea en la que el Municipio invierte m\u00e1s del 12,25% del presupuesto sanitario y cuenta con un equipo de m\u00e1s de 30 profesionales, el m\u00e1s amplio de la provincia. Record\u00f3 los cursos de prevenci\u00f3n del suicidio, que convocaron a 3.500 personas, el Congreso Internacional sobre la tem\u00e1tica con m\u00e1s de 4.100 inscriptos, la inauguraci\u00f3n del Centro de Abordaje Integral en Consumos Problem\u00e1ticos \u201cHermana Carla Riva\u201d -donde ya se otorgaron m\u00e1s de 2.150 turnos- y el programa de salud visual infantil, que concret\u00f3 1.700 atenciones y la entrega de m\u00e1s de 800 anteojos.<\/p>\n<p>\u201cMientras algunos creen que el equilibrio fiscal se logra recortando programas y debilitando sistemas p\u00fablicos, nosotros creemos que se alcanza gestionando con eficiencia sin resignar derechos\u201d, concluy\u00f3 el Intendente.<\/p>\n<p><img loading=\"lazy\" decoding=\"async\" class=\"alignnone size-medium wp-image-67569\" src=\"https:\/\/hablemosclarotdf.com.ar\/wp-content\/uploads\/2026\/02\/photo_2026-02-23_10-46-27-300x244.jpg\" alt=\"\" width=\"300\" height=\"244\" srcset=\"https:\/\/hablemosclarotdf.com.ar\/wp-content\/uploads\/2026\/02\/photo_2026-02-23_10-46-27-300x244.jpg 300w, https:\/\/hablemosclarotdf.com.ar\/wp-content\/uploads\/2026\/02\/photo_2026-02-23_10-46-27-1024x834.jpg 1024w, https:\/\/hablemosclarotdf.com.ar\/wp-content\/uploads\/2026\/02\/photo_2026-02-23_10-46-27-768x626.jpg 768w, https:\/\/hablemosclarotdf.com.ar\/wp-content\/uploads\/2026\/02\/photo_2026-02-23_10-46-27.jpg 1280w\" sizes=\"auto, (max-width: 300px) 100vw, 300px\" \/><\/p>\n","protected":false},"excerpt":{"rendered":"<p>El intendente Mart\u00edn Perez anunci\u00f3 que el 2026 ser\u00e1 el a\u00f1o de consolidaci\u00f3n y profundizaci\u00f3n&#8230;<\/p>\n","protected":false},"author":1,"featured_media":67568,"comment_status":"closed","ping_status":"closed","sticky":false,"template":"","format":"standard","meta":{"footnotes":""},"categories":[3],"tags":[],"class_list":["post-67567","post","type-post","status-publish","format-standard","has-post-thumbnail","hentry","category-noticias"],"jetpack_featured_media_url":"https:\/\/hablemosclarotdf.com.ar\/wp-content\/uploads\/2026\/02\/photo_2026-02-23_10-46-18.jpg","_links":{"self":[{"href":"https:\/\/hablemosclarotdf.com.ar\/index.php?rest_route=\/wp\/v2\/posts\/67567","targetHints":{"allow":["GET"]}}],"collection":[{"href":"https:\/\/hablemosclarotdf.com.ar\/index.php?rest_route=\/wp\/v2\/posts"}],"about":[{"href":"https:\/\/hablemosclarotdf.com.ar\/index.php?rest_route=\/wp\/v2\/types\/post"}],"author":[{"embeddable":true,"href":"https:\/\/hablemosclarotdf.com.ar\/index.php?rest_route=\/wp\/v2\/users\/1"}],"replies":[{"embeddable":true,"href":"https:\/\/hablemosclarotdf.com.ar\/index.php?rest_route=%2Fwp%2Fv2%2Fcomments&post=67567"}],"version-history":[{"count":1,"href":"https:\/\/hablemosclarotdf.com.ar\/index.php?rest_route=\/wp\/v2\/posts\/67567\/revisions"}],"predecessor-version":[{"id":67570,"href":"https:\/\/hablemosclarotdf.com.ar\/index.php?rest_route=\/wp\/v2\/posts\/67567\/revisions\/67570"}],"wp:featuredmedia":[{"embeddable":true,"href":"https:\/\/hablemosclarotdf.com.ar\/index.php?rest_route=\/wp\/v2\/media\/67568"}],"wp:attachment":[{"href":"https:\/\/hablemosclarotdf.com.ar\/index.php?rest_route=%2Fwp%2Fv2%2Fmedia&parent=67567"}],"wp:term":[{"taxonomy":"category","embeddable":true,"href":"https:\/\/hablemosclarotdf.com.ar\/index.php?rest_route=%2Fwp%2Fv2%2Fcategories&post=67567"},{"taxonomy":"post_tag","embeddable":true,"href":"https:\/\/hablemosclarotdf.com.ar\/index.php?rest_route=%2Fwp%2Fv2%2Ftags&post=67567"}],"curies":[{"name":"wp","href":"https:\/\/api.w.org\/{rel}","templated":true}]}}