{"id":67557,"date":"2026-02-23T10:27:41","date_gmt":"2026-02-23T13:27:41","guid":{"rendered":"https:\/\/hablemosclarotdf.com.ar\/?p=67557"},"modified":"2026-02-23T10:27:41","modified_gmt":"2026-02-23T13:27:41","slug":"gobierno-capacito-a-380-agentes-pomys-en-gestion-higiene-y-elaboracion-de-alimentos-en-comedores-escolares","status":"publish","type":"post","link":"https:\/\/hablemosclarotdf.com.ar\/?p=67557","title":{"rendered":"GOBIERNO CAPACIT\u00d3 A 380 AGENTES POMYS EN GESTI\u00d3N, HIGIENE Y ELABORACI\u00d3N DE ALIMENTOS EN COMEDORES ESCOLARES"},"content":{"rendered":"<p>La capacitaci\u00f3n estuvo orientada a fortalecer las pr\u00e1cticas cotidianas en las cocinas escolares, promoviendo condiciones seguras, saludables y eficientes en la elaboraci\u00f3n de los alimentos. Adem\u00e1s, se avanz\u00f3 en la elaboraci\u00f3n de un Manual de Procedimientos que servir\u00e1 como herramienta de consulta permanente para las instituciones educativas.<\/p>\n<p>El Gobierno Provincial llev\u00f3 adelante el Programa de Capacitaci\u00f3n en Gesti\u00f3n, Higiene y Elaboraci\u00f3n de Alimentos en Comedores Escolares, destinado al personal que se desempe\u00f1a en los servicios de alimentaci\u00f3n escolar. La iniciativa se desarroll\u00f3 en las ciudades de Ushuaia, Tolhuin y R\u00edo Grande, en el marco de un trabajo conjunto entre los Ministerios de Trabajo y Empleo, Educaci\u00f3n y Salud, junto a UTHGRA Seccional Tierra del Fuego, que dispuso los capacitadores para el desarrollo de la formaci\u00f3n.<\/p>\n<p>Durante los encuentros se abordaron contenidos vinculados a la manipulaci\u00f3n e higiene de los alimentos, la prevenci\u00f3n de Enfermedades Transmitidas por Alimentos (ETA), la organizaci\u00f3n del trabajo en cocina y los procedimientos de limpieza y saneamiento. Tambi\u00e9n se abordaron herramientas como los Procedimientos Operativos Estandarizados de Saneamiento (POES), las Buenas Pr\u00e1cticas de Manufactura, el manejo de desperdicios y el sistema de control HACCP, fundamentales para garantizar calidad e inocuidad alimentaria.<\/p>\n<p>La secretaria de Gesti\u00f3n Operativa, Paola Avenda\u00f1o, puso en valor el compromiso del personal POMyS y destac\u00f3 la importancia estrat\u00e9gica de la formaci\u00f3n para fortalecer el servicio que se brinda en los comedores escolares de la provincia. \u201cDesde la gesti\u00f3n entendemos que la capacitaci\u00f3n permanente es clave para seguir mejorando el servicio y acompa\u00f1ar el esfuerzo que realizan todos los d\u00edas en cada instituci\u00f3n educativa\u201d, expres\u00f3 la funcionaria.<\/p>\n<p>Desde el Ministerio de Educaci\u00f3n reconocieron a la Cooperativa Tierra del Fuego (ex Audivic) por la disposici\u00f3n de sus instalaciones para el desarrollo de la capacitaci\u00f3n, destacando su permanente colaboraci\u00f3n y acompa\u00f1amiento a las acciones que se impulsan desde la cartera educativa en toda la provincia.<\/p>\n<p>Como parte de este proceso de fortalecimiento institucional, los establecimientos educativos contar\u00e1n con un Manual de Procedimientos para los Servicios de Alimentaci\u00f3n Escolar en formato digital, accesible mediante c\u00f3digo QR. Esta herramienta permitir\u00e1 unificar criterios de trabajo y mejorar de manera sostenida el funcionamiento de las cocinas escolares en toda la provincia.<\/p>\n<p><img loading=\"lazy\" decoding=\"async\" class=\"alignnone size-medium wp-image-67559\" src=\"https:\/\/hablemosclarotdf.com.ar\/wp-content\/uploads\/2026\/02\/photo_2026-02-23_10-25-34-300x200.jpg\" alt=\"\" width=\"300\" height=\"200\" srcset=\"https:\/\/hablemosclarotdf.com.ar\/wp-content\/uploads\/2026\/02\/photo_2026-02-23_10-25-34-300x200.jpg 300w, https:\/\/hablemosclarotdf.com.ar\/wp-content\/uploads\/2026\/02\/photo_2026-02-23_10-25-34-1024x684.jpg 1024w, https:\/\/hablemosclarotdf.com.ar\/wp-content\/uploads\/2026\/02\/photo_2026-02-23_10-25-34-768x513.jpg 768w, https:\/\/hablemosclarotdf.com.ar\/wp-content\/uploads\/2026\/02\/photo_2026-02-23_10-25-34.jpg 1280w\" sizes=\"auto, (max-width: 300px) 100vw, 300px\" \/> <img loading=\"lazy\" decoding=\"async\" class=\"alignnone size-medium wp-image-67560\" src=\"https:\/\/hablemosclarotdf.com.ar\/wp-content\/uploads\/2026\/02\/photo_2026-02-23_10-25-42-300x202.jpg\" alt=\"\" width=\"300\" height=\"202\" srcset=\"https:\/\/hablemosclarotdf.com.ar\/wp-content\/uploads\/2026\/02\/photo_2026-02-23_10-25-42-300x202.jpg 300w, https:\/\/hablemosclarotdf.com.ar\/wp-content\/uploads\/2026\/02\/photo_2026-02-23_10-25-42-1024x688.jpg 1024w, https:\/\/hablemosclarotdf.com.ar\/wp-content\/uploads\/2026\/02\/photo_2026-02-23_10-25-42-768x516.jpg 768w, https:\/\/hablemosclarotdf.com.ar\/wp-content\/uploads\/2026\/02\/photo_2026-02-23_10-25-42.jpg 1280w\" sizes=\"auto, (max-width: 300px) 100vw, 300px\" \/> <img loading=\"lazy\" decoding=\"async\" class=\"alignnone size-medium wp-image-67561\" src=\"https:\/\/hablemosclarotdf.com.ar\/wp-content\/uploads\/2026\/02\/photo_2026-02-23_10-25-46-300x199.jpg\" alt=\"\" width=\"300\" height=\"199\" srcset=\"https:\/\/hablemosclarotdf.com.ar\/wp-content\/uploads\/2026\/02\/photo_2026-02-23_10-25-46-300x199.jpg 300w, https:\/\/hablemosclarotdf.com.ar\/wp-content\/uploads\/2026\/02\/photo_2026-02-23_10-25-46-1024x678.jpg 1024w, https:\/\/hablemosclarotdf.com.ar\/wp-content\/uploads\/2026\/02\/photo_2026-02-23_10-25-46-768x508.jpg 768w, https:\/\/hablemosclarotdf.com.ar\/wp-content\/uploads\/2026\/02\/photo_2026-02-23_10-25-46.jpg 1280w\" sizes=\"auto, (max-width: 300px) 100vw, 300px\" \/> <img loading=\"lazy\" decoding=\"async\" class=\"alignnone size-medium wp-image-67562\" src=\"https:\/\/hablemosclarotdf.com.ar\/wp-content\/uploads\/2026\/02\/photo_2026-02-23_10-25-52-300x200.jpg\" alt=\"\" width=\"300\" height=\"200\" srcset=\"https:\/\/hablemosclarotdf.com.ar\/wp-content\/uploads\/2026\/02\/photo_2026-02-23_10-25-52-300x200.jpg 300w, https:\/\/hablemosclarotdf.com.ar\/wp-content\/uploads\/2026\/02\/photo_2026-02-23_10-25-52-1024x682.jpg 1024w, https:\/\/hablemosclarotdf.com.ar\/wp-content\/uploads\/2026\/02\/photo_2026-02-23_10-25-52-768x512.jpg 768w, https:\/\/hablemosclarotdf.com.ar\/wp-content\/uploads\/2026\/02\/photo_2026-02-23_10-25-52.jpg 1280w\" sizes=\"auto, (max-width: 300px) 100vw, 300px\" \/> <img loading=\"lazy\" decoding=\"async\" class=\"alignnone size-medium wp-image-67563\" src=\"https:\/\/hablemosclarotdf.com.ar\/wp-content\/uploads\/2026\/02\/photo_2026-02-23_10-25-58-300x196.jpg\" alt=\"\" width=\"300\" height=\"196\" srcset=\"https:\/\/hablemosclarotdf.com.ar\/wp-content\/uploads\/2026\/02\/photo_2026-02-23_10-25-58-300x196.jpg 300w, https:\/\/hablemosclarotdf.com.ar\/wp-content\/uploads\/2026\/02\/photo_2026-02-23_10-25-58-1024x670.jpg 1024w, https:\/\/hablemosclarotdf.com.ar\/wp-content\/uploads\/2026\/02\/photo_2026-02-23_10-25-58-768x503.jpg 768w, https:\/\/hablemosclarotdf.com.ar\/wp-content\/uploads\/2026\/02\/photo_2026-02-23_10-25-58.jpg 1280w\" sizes=\"auto, (max-width: 300px) 100vw, 300px\" \/> <img loading=\"lazy\" decoding=\"async\" class=\"alignnone size-medium wp-image-67564\" src=\"https:\/\/hablemosclarotdf.com.ar\/wp-content\/uploads\/2026\/02\/photo_2026-02-23_10-26-07-300x196.jpg\" alt=\"\" width=\"300\" height=\"196\" srcset=\"https:\/\/hablemosclarotdf.com.ar\/wp-content\/uploads\/2026\/02\/photo_2026-02-23_10-26-07-300x196.jpg 300w, https:\/\/hablemosclarotdf.com.ar\/wp-content\/uploads\/2026\/02\/photo_2026-02-23_10-26-07-1024x670.jpg 1024w, https:\/\/hablemosclarotdf.com.ar\/wp-content\/uploads\/2026\/02\/photo_2026-02-23_10-26-07-768x503.jpg 768w, https:\/\/hablemosclarotdf.com.ar\/wp-content\/uploads\/2026\/02\/photo_2026-02-23_10-26-07.jpg 1280w\" sizes=\"auto, (max-width: 300px) 100vw, 300px\" \/> <img loading=\"lazy\" decoding=\"async\" class=\"alignnone size-medium wp-image-67565\" src=\"https:\/\/hablemosclarotdf.com.ar\/wp-content\/uploads\/2026\/02\/photo_2026-02-23_10-26-13-300x196.jpg\" alt=\"\" width=\"300\" height=\"196\" srcset=\"https:\/\/hablemosclarotdf.com.ar\/wp-content\/uploads\/2026\/02\/photo_2026-02-23_10-26-13-300x196.jpg 300w, https:\/\/hablemosclarotdf.com.ar\/wp-content\/uploads\/2026\/02\/photo_2026-02-23_10-26-13-1024x670.jpg 1024w, https:\/\/hablemosclarotdf.com.ar\/wp-content\/uploads\/2026\/02\/photo_2026-02-23_10-26-13-768x503.jpg 768w, https:\/\/hablemosclarotdf.com.ar\/wp-content\/uploads\/2026\/02\/photo_2026-02-23_10-26-13.jpg 1280w\" sizes=\"auto, (max-width: 300px) 100vw, 300px\" \/><\/p>\n","protected":false},"excerpt":{"rendered":"<p>La capacitaci\u00f3n estuvo orientada a fortalecer las pr\u00e1cticas cotidianas en las cocinas escolares, promoviendo condiciones&#8230;<\/p>\n","protected":false},"author":1,"featured_media":67558,"comment_status":"closed","ping_status":"closed","sticky":false,"template":"","format":"standard","meta":{"footnotes":""},"categories":[3],"tags":[],"class_list":["post-67557","post","type-post","status-publish","format-standard","has-post-thumbnail","hentry","category-noticias"],"jetpack_featured_media_url":"https:\/\/hablemosclarotdf.com.ar\/wp-content\/uploads\/2026\/02\/photo_2026-02-23_10-25-19.jpg","_links":{"self":[{"href":"https:\/\/hablemosclarotdf.com.ar\/index.php?rest_route=\/wp\/v2\/posts\/67557","targetHints":{"allow":["GET"]}}],"collection":[{"href":"https:\/\/hablemosclarotdf.com.ar\/index.php?rest_route=\/wp\/v2\/posts"}],"about":[{"href":"https:\/\/hablemosclarotdf.com.ar\/index.php?rest_route=\/wp\/v2\/types\/post"}],"author":[{"embeddable":true,"href":"https:\/\/hablemosclarotdf.com.ar\/index.php?rest_route=\/wp\/v2\/users\/1"}],"replies":[{"embeddable":true,"href":"https:\/\/hablemosclarotdf.com.ar\/index.php?rest_route=%2Fwp%2Fv2%2Fcomments&post=67557"}],"version-history":[{"count":1,"href":"https:\/\/hablemosclarotdf.com.ar\/index.php?rest_route=\/wp\/v2\/posts\/67557\/revisions"}],"predecessor-version":[{"id":67566,"href":"https:\/\/hablemosclarotdf.com.ar\/index.php?rest_route=\/wp\/v2\/posts\/67557\/revisions\/67566"}],"wp:featuredmedia":[{"embeddable":true,"href":"https:\/\/hablemosclarotdf.com.ar\/index.php?rest_route=\/wp\/v2\/media\/67558"}],"wp:attachment":[{"href":"https:\/\/hablemosclarotdf.com.ar\/index.php?rest_route=%2Fwp%2Fv2%2Fmedia&parent=67557"}],"wp:term":[{"taxonomy":"category","embeddable":true,"href":"https:\/\/hablemosclarotdf.com.ar\/index.php?rest_route=%2Fwp%2Fv2%2Fcategories&post=67557"},{"taxonomy":"post_tag","embeddable":true,"href":"https:\/\/hablemosclarotdf.com.ar\/index.php?rest_route=%2Fwp%2Fv2%2Ftags&post=67557"}],"curies":[{"name":"wp","href":"https:\/\/api.w.org\/{rel}","templated":true}]}}