{"id":67480,"date":"2026-02-22T17:23:41","date_gmt":"2026-02-22T20:23:41","guid":{"rendered":"https:\/\/hablemosclarotdf.com.ar\/?p=67480"},"modified":"2026-02-22T17:23:41","modified_gmt":"2026-02-22T20:23:41","slug":"tierra-del-fuego-celebro-122-anos-de-presencia-argentina-ininterrumpida-en-el-continente-blanco","status":"publish","type":"post","link":"https:\/\/hablemosclarotdf.com.ar\/?p=67480","title":{"rendered":"TIERRA DEL FUEGO CELEBR\u00d3 122 A\u00d1OS DE PRESENCIA ARGENTINA ININTERRUMPIDA EN EL CONTINENTE BLANCO"},"content":{"rendered":"<p>El Gobierno de la Provincia de Tierra del Fuego, Ant\u00e1rtida e Islas del Atl\u00e1ntico Sur realiz\u00f3 este domingo, el acto oficial conmemorativo del D\u00eda de la Ant\u00e1rtida Argentina, en el marco del 122\u00b0 aniversario de la presencia permanente e ininterrumpida de nuestro pa\u00eds en el continente ant\u00e1rtico. La ceremonia se llev\u00f3 a cabo en la Plaza C\u00edvica de Ushuaia y cont\u00f3 con la participaci\u00f3n de Maestros Bicontinentales y ex alumnos de la Escuela Provincial N\u00ba 38 \u201cPresidente Ra\u00fal Ricardo Alfons\u00edn\u201d, la \u00fanica instituci\u00f3n educativa con funcionamiento permanente en la Ant\u00e1rtida.<\/p>\n<p>El acto tuvo como invitada de honor a Marisa de las Nieves Delgado, primera mujer nacida en el continente ant\u00e1rtico, cuya presencia simboliz\u00f3 la dimensi\u00f3n humana y el arraigo que sustentan la identidad bicontinental de la provincia. Desde 1904, la Argentina sostiene una presencia efectiva y continua en el territorio ant\u00e1rtico, actualmente a trav\u00e9s de siete bases permanentes y seis transitorias, consolidando una pol\u00edtica de Estado basada en el conocimiento cient\u00edfico, la cooperaci\u00f3n internacional y la responsabilidad ambiental como expresiones leg\u00edtimas de soberan\u00eda.<\/p>\n<p>Durante la jornada se destac\u00f3 la continuidad hist\u00f3rica de esa presencia, as\u00ed como el compromiso fueguino con la ciencia, la protecci\u00f3n ambiental y la proyecci\u00f3n geopol\u00edtica del pa\u00eds en el continente blanco.<\/p>\n<p>\u201cEstamos en una plaza c\u00edvica a metros del puerto provincial de donde muchos vecinos del mundo salen al continente ant\u00e1rtico. Geopol\u00edtica y estrat\u00e9gicamente no es cualquier puerto y no es cualquier mirada respecto del continente ant\u00e1rtico\u201d, afirm\u00f3 la ministra Gabriela Castillo, quien adem\u00e1s puso en valor el trabajo de las familias que habitan la base Esperanza: \u201cEn ese lugar, al lado de un glaciar, hay un grupo de familias que d\u00eda a d\u00eda se comprometen con el legado de trabajo en la Ant\u00e1rtida. Ni\u00f1os, j\u00f3venes, adolescentes, familias completas deciden llevar adelante una misi\u00f3n de un a\u00f1o en este compromiso cient\u00edfico, investigativo, de presencia soberana y de construcci\u00f3n de familia en el continente blanco\u201d.<\/p>\n<p>La funcionaria destac\u00f3 el contexto actual de la provincia: \u201cHoy podemos ver en el puerto algunos cruceros que est\u00e1n pr\u00f3ximos a partir en una cruzada ant\u00e1rtica. Es una imagen que en el verano se repite y que plantea para esta temporada 540 recaladas, 540 zarpadas de vecinos del mundo que entienden que este es un lugar estrat\u00e9gico\u201d. Y concluy\u00f3 con una invitaci\u00f3n: \u201cPensemos c\u00f3mo nos sumamos en ese compromiso, c\u00f3mo compartimos la importancia y la riqueza de nuestra provincia en el continente blanco, c\u00f3mo estamos atentos a las miradas de otros intereses para poder sostener, defender y estar comprometidos con una provincia que tiene presencia en la Ant\u00e1rtida, que es Ant\u00e1rtida, es Tierra del Fuego\u201d.<\/p>\n<p>Visiblemente emocionada por su primera participaci\u00f3n en un acto oficial en la provincia, Marisa Delgado se\u00f1al\u00f3: \u201cNac\u00ed con esto, me cri\u00e9 con esto, para m\u00ed es lo natural. Pero el calor de la gente cuando se entera reafirma que es una responsabilidad tambi\u00e9n representar ese car\u00e1cter de nativo ant\u00e1rtico y de bicontinental\u201d. Asimismo, record\u00f3 que \u201csomos solamente 11 nativos ant\u00e1rticos en la historia, en el mundo, y hasta que decidimos algunos de nosotros unirnos y crear la fundaci\u00f3n, no se sab\u00eda de nosotros\u201d.<\/p>\n<p>Delgado subray\u00f3 el objetivo de visibilizar no solo a las personas sino \u201cel trabajo que ha hecho Argentina en la Ant\u00e1rtida, remarcando el pionerismo argentino a nivel mundial. Me parece que esa es una diferencia o una aclaraci\u00f3n que hay que hacer, comenzando con los m\u00e1s chicos y reforz\u00e1ndoselo tambi\u00e9n a los m\u00e1s grandes\u201d.<\/p>\n<p>La jornada culmin\u00f3 con un homenaje a todos los argentinos y argentinas \u2014cient\u00edficos, docentes, personal sanitario, log\u00edstico y militar\u2014 que han sostenido generaci\u00f3n tras generaci\u00f3n estos 122 a\u00f1os de presencia nacional en la Ant\u00e1rtida, reafirmando el compromiso hist\u00f3rico y la identidad bicontinental de la provincia m\u00e1s austral del pa\u00eds.<\/p>\n<p>Participaron del acto, autoridades del Poder Ejecutivo Provincial, del Poder Ejecutivo Municipal; concejales de la ciudad de Ushuaia, R\u00edo Grande y Tolhuin; representantes de Organizaciones No Gubernamentales, Asociaciones, Docentes Bicontinentales e Hijos, vecinos; antiguos pobladores; Jefes y autoridades de las Fuerzas Armadas, Se\u00f1ores Jefes y Autoridades de las Fuerzas de Seguridad, representantes de las Universidades Nacionales, Excombatientes de Ushuaia.<\/p>\n<p><img loading=\"lazy\" decoding=\"async\" class=\"alignnone size-medium wp-image-67482\" src=\"https:\/\/hablemosclarotdf.com.ar\/wp-content\/uploads\/2026\/02\/photo_2026-02-22_17-20-05-300x200.jpg\" alt=\"\" width=\"300\" height=\"200\" srcset=\"https:\/\/hablemosclarotdf.com.ar\/wp-content\/uploads\/2026\/02\/photo_2026-02-22_17-20-05-300x200.jpg 300w, https:\/\/hablemosclarotdf.com.ar\/wp-content\/uploads\/2026\/02\/photo_2026-02-22_17-20-05-1024x684.jpg 1024w, https:\/\/hablemosclarotdf.com.ar\/wp-content\/uploads\/2026\/02\/photo_2026-02-22_17-20-05-768x513.jpg 768w, https:\/\/hablemosclarotdf.com.ar\/wp-content\/uploads\/2026\/02\/photo_2026-02-22_17-20-05.jpg 1280w\" sizes=\"auto, (max-width: 300px) 100vw, 300px\" \/> <img loading=\"lazy\" decoding=\"async\" class=\"alignnone size-medium wp-image-67483\" src=\"https:\/\/hablemosclarotdf.com.ar\/wp-content\/uploads\/2026\/02\/photo_2026-02-22_17-20-33-300x200.jpg\" alt=\"\" width=\"300\" height=\"200\" srcset=\"https:\/\/hablemosclarotdf.com.ar\/wp-content\/uploads\/2026\/02\/photo_2026-02-22_17-20-33-300x200.jpg 300w, https:\/\/hablemosclarotdf.com.ar\/wp-content\/uploads\/2026\/02\/photo_2026-02-22_17-20-33-1024x684.jpg 1024w, https:\/\/hablemosclarotdf.com.ar\/wp-content\/uploads\/2026\/02\/photo_2026-02-22_17-20-33-768x513.jpg 768w, https:\/\/hablemosclarotdf.com.ar\/wp-content\/uploads\/2026\/02\/photo_2026-02-22_17-20-33.jpg 1280w\" sizes=\"auto, (max-width: 300px) 100vw, 300px\" \/> <img loading=\"lazy\" decoding=\"async\" class=\"alignnone size-medium wp-image-67484\" src=\"https:\/\/hablemosclarotdf.com.ar\/wp-content\/uploads\/2026\/02\/photo_2026-02-22_17-20-37-300x200.jpg\" alt=\"\" width=\"300\" height=\"200\" srcset=\"https:\/\/hablemosclarotdf.com.ar\/wp-content\/uploads\/2026\/02\/photo_2026-02-22_17-20-37-300x200.jpg 300w, https:\/\/hablemosclarotdf.com.ar\/wp-content\/uploads\/2026\/02\/photo_2026-02-22_17-20-37-1024x684.jpg 1024w, https:\/\/hablemosclarotdf.com.ar\/wp-content\/uploads\/2026\/02\/photo_2026-02-22_17-20-37-768x513.jpg 768w, https:\/\/hablemosclarotdf.com.ar\/wp-content\/uploads\/2026\/02\/photo_2026-02-22_17-20-37.jpg 1280w\" sizes=\"auto, (max-width: 300px) 100vw, 300px\" \/> <img loading=\"lazy\" decoding=\"async\" class=\"alignnone size-medium wp-image-67485\" src=\"https:\/\/hablemosclarotdf.com.ar\/wp-content\/uploads\/2026\/02\/photo_2026-02-22_17-20-42-300x200.jpg\" alt=\"\" width=\"300\" height=\"200\" srcset=\"https:\/\/hablemosclarotdf.com.ar\/wp-content\/uploads\/2026\/02\/photo_2026-02-22_17-20-42-300x200.jpg 300w, https:\/\/hablemosclarotdf.com.ar\/wp-content\/uploads\/2026\/02\/photo_2026-02-22_17-20-42-1024x684.jpg 1024w, https:\/\/hablemosclarotdf.com.ar\/wp-content\/uploads\/2026\/02\/photo_2026-02-22_17-20-42-768x513.jpg 768w, https:\/\/hablemosclarotdf.com.ar\/wp-content\/uploads\/2026\/02\/photo_2026-02-22_17-20-42.jpg 1280w\" sizes=\"auto, (max-width: 300px) 100vw, 300px\" \/> <img loading=\"lazy\" decoding=\"async\" class=\"alignnone size-medium wp-image-67486\" src=\"https:\/\/hablemosclarotdf.com.ar\/wp-content\/uploads\/2026\/02\/photo_2026-02-22_17-20-46-300x200.jpg\" alt=\"\" width=\"300\" height=\"200\" srcset=\"https:\/\/hablemosclarotdf.com.ar\/wp-content\/uploads\/2026\/02\/photo_2026-02-22_17-20-46-300x200.jpg 300w, https:\/\/hablemosclarotdf.com.ar\/wp-content\/uploads\/2026\/02\/photo_2026-02-22_17-20-46-1024x684.jpg 1024w, https:\/\/hablemosclarotdf.com.ar\/wp-content\/uploads\/2026\/02\/photo_2026-02-22_17-20-46-768x513.jpg 768w, https:\/\/hablemosclarotdf.com.ar\/wp-content\/uploads\/2026\/02\/photo_2026-02-22_17-20-46.jpg 1280w\" sizes=\"auto, (max-width: 300px) 100vw, 300px\" \/> <img loading=\"lazy\" decoding=\"async\" class=\"alignnone size-medium wp-image-67487\" src=\"https:\/\/hablemosclarotdf.com.ar\/wp-content\/uploads\/2026\/02\/photo_2026-02-22_17-20-51-300x200.jpg\" alt=\"\" width=\"300\" height=\"200\" srcset=\"https:\/\/hablemosclarotdf.com.ar\/wp-content\/uploads\/2026\/02\/photo_2026-02-22_17-20-51-300x200.jpg 300w, https:\/\/hablemosclarotdf.com.ar\/wp-content\/uploads\/2026\/02\/photo_2026-02-22_17-20-51-1024x684.jpg 1024w, https:\/\/hablemosclarotdf.com.ar\/wp-content\/uploads\/2026\/02\/photo_2026-02-22_17-20-51-768x513.jpg 768w, https:\/\/hablemosclarotdf.com.ar\/wp-content\/uploads\/2026\/02\/photo_2026-02-22_17-20-51.jpg 1280w\" sizes=\"auto, (max-width: 300px) 100vw, 300px\" \/> <img loading=\"lazy\" decoding=\"async\" class=\"alignnone size-medium wp-image-67488\" src=\"https:\/\/hablemosclarotdf.com.ar\/wp-content\/uploads\/2026\/02\/photo_2026-02-22_17-20-55-300x200.jpg\" alt=\"\" width=\"300\" height=\"200\" srcset=\"https:\/\/hablemosclarotdf.com.ar\/wp-content\/uploads\/2026\/02\/photo_2026-02-22_17-20-55-300x200.jpg 300w, https:\/\/hablemosclarotdf.com.ar\/wp-content\/uploads\/2026\/02\/photo_2026-02-22_17-20-55-1024x684.jpg 1024w, https:\/\/hablemosclarotdf.com.ar\/wp-content\/uploads\/2026\/02\/photo_2026-02-22_17-20-55-768x513.jpg 768w, https:\/\/hablemosclarotdf.com.ar\/wp-content\/uploads\/2026\/02\/photo_2026-02-22_17-20-55.jpg 1280w\" sizes=\"auto, (max-width: 300px) 100vw, 300px\" \/> <img loading=\"lazy\" decoding=\"async\" class=\"alignnone size-medium wp-image-67489\" src=\"https:\/\/hablemosclarotdf.com.ar\/wp-content\/uploads\/2026\/02\/photo_2026-02-22_17-21-01-300x200.jpg\" alt=\"\" width=\"300\" height=\"200\" srcset=\"https:\/\/hablemosclarotdf.com.ar\/wp-content\/uploads\/2026\/02\/photo_2026-02-22_17-21-01-300x200.jpg 300w, https:\/\/hablemosclarotdf.com.ar\/wp-content\/uploads\/2026\/02\/photo_2026-02-22_17-21-01-1024x684.jpg 1024w, https:\/\/hablemosclarotdf.com.ar\/wp-content\/uploads\/2026\/02\/photo_2026-02-22_17-21-01-768x513.jpg 768w, https:\/\/hablemosclarotdf.com.ar\/wp-content\/uploads\/2026\/02\/photo_2026-02-22_17-21-01.jpg 1280w\" sizes=\"auto, (max-width: 300px) 100vw, 300px\" \/> <img loading=\"lazy\" decoding=\"async\" class=\"alignnone size-medium wp-image-67490\" src=\"https:\/\/hablemosclarotdf.com.ar\/wp-content\/uploads\/2026\/02\/photo_2026-02-22_17-21-07-300x200.jpg\" alt=\"\" width=\"300\" height=\"200\" srcset=\"https:\/\/hablemosclarotdf.com.ar\/wp-content\/uploads\/2026\/02\/photo_2026-02-22_17-21-07-300x200.jpg 300w, https:\/\/hablemosclarotdf.com.ar\/wp-content\/uploads\/2026\/02\/photo_2026-02-22_17-21-07-1024x684.jpg 1024w, https:\/\/hablemosclarotdf.com.ar\/wp-content\/uploads\/2026\/02\/photo_2026-02-22_17-21-07-768x513.jpg 768w, https:\/\/hablemosclarotdf.com.ar\/wp-content\/uploads\/2026\/02\/photo_2026-02-22_17-21-07.jpg 1280w\" sizes=\"auto, (max-width: 300px) 100vw, 300px\" \/> <img loading=\"lazy\" decoding=\"async\" class=\"alignnone size-medium wp-image-67491\" src=\"https:\/\/hablemosclarotdf.com.ar\/wp-content\/uploads\/2026\/02\/photo_2026-02-22_17-21-13-300x200.jpg\" alt=\"\" width=\"300\" height=\"200\" srcset=\"https:\/\/hablemosclarotdf.com.ar\/wp-content\/uploads\/2026\/02\/photo_2026-02-22_17-21-13-300x200.jpg 300w, https:\/\/hablemosclarotdf.com.ar\/wp-content\/uploads\/2026\/02\/photo_2026-02-22_17-21-13-1024x684.jpg 1024w, https:\/\/hablemosclarotdf.com.ar\/wp-content\/uploads\/2026\/02\/photo_2026-02-22_17-21-13-768x513.jpg 768w, https:\/\/hablemosclarotdf.com.ar\/wp-content\/uploads\/2026\/02\/photo_2026-02-22_17-21-13.jpg 1280w\" sizes=\"auto, (max-width: 300px) 100vw, 300px\" \/> <img loading=\"lazy\" decoding=\"async\" class=\"alignnone size-medium wp-image-67492\" src=\"https:\/\/hablemosclarotdf.com.ar\/wp-content\/uploads\/2026\/02\/photo_2026-02-22_17-21-23-300x200.jpg\" alt=\"\" width=\"300\" height=\"200\" srcset=\"https:\/\/hablemosclarotdf.com.ar\/wp-content\/uploads\/2026\/02\/photo_2026-02-22_17-21-23-300x200.jpg 300w, https:\/\/hablemosclarotdf.com.ar\/wp-content\/uploads\/2026\/02\/photo_2026-02-22_17-21-23-1024x684.jpg 1024w, https:\/\/hablemosclarotdf.com.ar\/wp-content\/uploads\/2026\/02\/photo_2026-02-22_17-21-23-768x513.jpg 768w, https:\/\/hablemosclarotdf.com.ar\/wp-content\/uploads\/2026\/02\/photo_2026-02-22_17-21-23.jpg 1280w\" sizes=\"auto, (max-width: 300px) 100vw, 300px\" \/><\/p>\n","protected":false},"excerpt":{"rendered":"<p>El Gobierno de la Provincia de Tierra del Fuego, Ant\u00e1rtida e Islas del Atl\u00e1ntico Sur&#8230;<\/p>\n","protected":false},"author":1,"featured_media":67481,"comment_status":"closed","ping_status":"closed","sticky":false,"template":"","format":"standard","meta":{"footnotes":""},"categories":[3],"tags":[],"class_list":["post-67480","post","type-post","status-publish","format-standard","has-post-thumbnail","hentry","category-noticias"],"jetpack_featured_media_url":"https:\/\/hablemosclarotdf.com.ar\/wp-content\/uploads\/2026\/02\/photo_2026-02-22_17-19-34.jpg","_links":{"self":[{"href":"https:\/\/hablemosclarotdf.com.ar\/index.php?rest_route=\/wp\/v2\/posts\/67480","targetHints":{"allow":["GET"]}}],"collection":[{"href":"https:\/\/hablemosclarotdf.com.ar\/index.php?rest_route=\/wp\/v2\/posts"}],"about":[{"href":"https:\/\/hablemosclarotdf.com.ar\/index.php?rest_route=\/wp\/v2\/types\/post"}],"author":[{"embeddable":true,"href":"https:\/\/hablemosclarotdf.com.ar\/index.php?rest_route=\/wp\/v2\/users\/1"}],"replies":[{"embeddable":true,"href":"https:\/\/hablemosclarotdf.com.ar\/index.php?rest_route=%2Fwp%2Fv2%2Fcomments&post=67480"}],"version-history":[{"count":1,"href":"https:\/\/hablemosclarotdf.com.ar\/index.php?rest_route=\/wp\/v2\/posts\/67480\/revisions"}],"predecessor-version":[{"id":67493,"href":"https:\/\/hablemosclarotdf.com.ar\/index.php?rest_route=\/wp\/v2\/posts\/67480\/revisions\/67493"}],"wp:featuredmedia":[{"embeddable":true,"href":"https:\/\/hablemosclarotdf.com.ar\/index.php?rest_route=\/wp\/v2\/media\/67481"}],"wp:attachment":[{"href":"https:\/\/hablemosclarotdf.com.ar\/index.php?rest_route=%2Fwp%2Fv2%2Fmedia&parent=67480"}],"wp:term":[{"taxonomy":"category","embeddable":true,"href":"https:\/\/hablemosclarotdf.com.ar\/index.php?rest_route=%2Fwp%2Fv2%2Fcategories&post=67480"},{"taxonomy":"post_tag","embeddable":true,"href":"https:\/\/hablemosclarotdf.com.ar\/index.php?rest_route=%2Fwp%2Fv2%2Ftags&post=67480"}],"curies":[{"name":"wp","href":"https:\/\/api.w.org\/{rel}","templated":true}]}}