{"id":67477,"date":"2026-02-22T17:17:20","date_gmt":"2026-02-22T20:17:20","guid":{"rendered":"https:\/\/hablemosclarotdf.com.ar\/?p=67477"},"modified":"2026-02-22T17:17:20","modified_gmt":"2026-02-22T20:17:20","slug":"rio-grande-defender-el-perfil-productivo-es-defender-nuestra-identidad","status":"publish","type":"post","link":"https:\/\/hablemosclarotdf.com.ar\/?p=67477","title":{"rendered":"RIO GRANDE :  DEFENDER EL PERFIL PRODUCTIVO  ES DEFENDER NUESTRA IDENTIDAD"},"content":{"rendered":"<p>En un discurso atravesado por la defensa del trabajo fueguino y la identidad productiva de la ciudad, el Intendente reafirm\u00f3 el compromiso de sostener la Ley 19.640, proteger la industria local y acompa\u00f1ar a cada trabajador frente a un modelo econ\u00f3mico que -advirti\u00f3- golpea el empleo y el consumo. Subray\u00f3 que detr\u00e1s de cada puesto de trabajo hay una familia y que defender la producci\u00f3n no es una consigna sectorial, sino una decisi\u00f3n estrat\u00e9gica para garantizar arraigo, dignidad y futuro en R\u00edo Grande.<\/p>\n<p>En el marco de la apertura del 43\u00ba Per\u00edodo de Sesiones Ordinarias del Concejo Deliberante de R\u00edo Grande, el intendente Mart\u00edn Perez brind\u00f3 un discurso centrado en la defensa del perfil productivo de la ciudad, el sostenimiento del trabajo y la necesidad de proteger la industria fueguina frente a un escenario nacional complejo.<\/p>\n<p>\u201cNos toca resistir frente a un modelo econ\u00f3mico que redujo el financiamiento de la salud, la educaci\u00f3n y la obra p\u00fablica, lo cual combina apertura de importaciones y quita de aranceles en un mundo donde la mayor\u00eda de los pa\u00edses protegen su producci\u00f3n\u201d.<\/p>\n<p>En ese sentido, el Intendente enumer\u00f3 algunos de los indicadores que atraviesa la ciudad como la ca\u00edda del consumo local superior al 20% en t\u00e9rminos reales en los \u00faltimos dos a\u00f1os; un aumento de tarifas cercano al 600%; la p\u00e9rdida de m\u00e1s de 10.000 puestos de trabajo privados; as\u00ed como cientos de puestos de trabajo en la industria electr\u00f3nica y textil por la ca\u00edda del consumo y la apertura indiscriminada de importaciones.<\/p>\n<p>\u201cSomos una de las ciudades con mayor ca\u00edda del empleo industrial del pa\u00eds y detr\u00e1s de esos n\u00fameros hay familias ajustando gastos, comercios reduciendo personal y j\u00f3venes postergando proyectos. Cuando cae la industria, cae el consumo; y cuando cae el consumo, se resiente toda la ciudad\u201d, expres\u00f3.<\/p>\n<p>Perez record\u00f3 que R\u00edo Grande creci\u00f3 de la mano de la industria y que miles de familias construyan aqu\u00ed su proyecto de vida gracias al desarrollo productivo. \u201cCuando el pa\u00eds necesit\u00f3 de nuestra capacidad productiva, estuvimos a la altura. En plena pandemia, trabajadores fueguinos adaptaron procesos en tiempo r\u00e9cord para abastecer de respiradores a terapias intensivas en todo el pa\u00eds\u201d.<\/p>\n<p>En esa l\u00ednea, defendi\u00f3 la importancia de sostener la Ley 19.640: \u201cno es un privilegio sectorial, es una pol\u00edtica de arraigo, de soberan\u00eda y de equilibrio territorial. Permiti\u00f3 poblar, desarrollar e industrializar una provincia estrat\u00e9gica en el extremo sur argentino. Defenderla no es corporativismo: es una obligaci\u00f3n hist\u00f3rica\u201d.<\/p>\n<p>Asimismo, se\u00f1al\u00f3 que \u201cvamos a defender con firmeza la Ley 19.640 y el r\u00e9gimen de promoci\u00f3n industrial y, al mismo tiempo, ampliar y fortalecer nuestro ecosistema productivo\u201d agregando que \u201cresistir no significa encerrarse, sino sostener convicciones con inteligencia y visi\u00f3n de futuro\u201d.<\/p>\n<p>El intendente se refiri\u00f3 a la pol\u00edtica salarial municipal y reafirm\u00f3 el compromiso con las paritarias libres, sosteniendo que \u201cen los 6 a\u00f1os que llevamos de gesti\u00f3n siempre discutimos los acuerdos salariales en paritarias libres y este a\u00f1o va a ser exactamente del mismo modo. Creemos en la negociaci\u00f3n colectiva como herramienta democr\u00e1tica, en el di\u00e1logo institucional y en el respeto al trabajador municipal\u201d.<\/p>\n<p>Adem\u00e1s, destac\u00f3 que \u201cen 2025, con mucho esfuerzo, logramos una escala salarial que se ubic\u00f3 por encima de los \u00edndices de inflaci\u00f3n, pero sabemos que todav\u00eda debemos seguir recomponiendo el poder adquisitivo del salario de nuestros trabajadores, porque detr\u00e1s de cada agente municipal hay una familia, y detr\u00e1s de cada salario hay consumo, movimiento econ\u00f3mico y dignidad\u201d.<\/p>\n<p>En tal sentido, Perez se pronunci\u00f3 sobre la reforma laboral aprobada en el Congreso se\u00f1alando que \u201cesta ley, lejos de aportar equilibrio, suma incertidumbre e inseguridad a quienes viven de su trabajo. Argentina necesita modernizaci\u00f3n, s\u00ed. Pero modernizar no es precarizar.<\/p>\n<p>Modernizar es fortalecer el empleo formal, generar reglas claras para quienes invierten y dar previsibilidad tanto al capital como al trabajo. Necesitamos producci\u00f3n con empleo y equilibrio entre capital y trabajo\u201d.<\/p>\n<p>Asimismo, expres\u00f3 el acompa\u00f1amiento del Municipio a las organizaciones sindicales: \u201ccuando se debilitan derechos laborales no hay avance, hay retroceso. El di\u00e1logo social se construye con equilibrio, respeto y justicia\u201d.<\/p>\n<p>El intendente subray\u00f3 que \u201cdefender el trabajo fueguino es defender el derecho de nuestras familias a construir su vida aqu\u00ed, con dignidad y futuro\u201d y agreg\u00f3 que \u201cla pol\u00edtica tiene una responsabilidad central: dialogar, escuchar y transformar esa escucha en decisiones concretas\u201d.<\/p>\n<p>Finalmente, afirm\u00f3 que \u201cel contexto puede condicionar nuestras respuestas, pero no determina nuestras convicciones. Nuestra convicci\u00f3n es clara: vamos a defender el trabajo, defender nuestra forma de vida y defender el futuro de R\u00edo Grande\u201d.<\/p>\n","protected":false},"excerpt":{"rendered":"<p>En un discurso atravesado por la defensa del trabajo fueguino y la identidad productiva de&#8230;<\/p>\n","protected":false},"author":1,"featured_media":67478,"comment_status":"closed","ping_status":"closed","sticky":false,"template":"","format":"standard","meta":{"footnotes":""},"categories":[3],"tags":[],"class_list":["post-67477","post","type-post","status-publish","format-standard","has-post-thumbnail","hentry","category-noticias"],"jetpack_featured_media_url":"https:\/\/hablemosclarotdf.com.ar\/wp-content\/uploads\/2026\/02\/photo_2026-02-22_17-17-00.jpg","_links":{"self":[{"href":"https:\/\/hablemosclarotdf.com.ar\/index.php?rest_route=\/wp\/v2\/posts\/67477","targetHints":{"allow":["GET"]}}],"collection":[{"href":"https:\/\/hablemosclarotdf.com.ar\/index.php?rest_route=\/wp\/v2\/posts"}],"about":[{"href":"https:\/\/hablemosclarotdf.com.ar\/index.php?rest_route=\/wp\/v2\/types\/post"}],"author":[{"embeddable":true,"href":"https:\/\/hablemosclarotdf.com.ar\/index.php?rest_route=\/wp\/v2\/users\/1"}],"replies":[{"embeddable":true,"href":"https:\/\/hablemosclarotdf.com.ar\/index.php?rest_route=%2Fwp%2Fv2%2Fcomments&post=67477"}],"version-history":[{"count":1,"href":"https:\/\/hablemosclarotdf.com.ar\/index.php?rest_route=\/wp\/v2\/posts\/67477\/revisions"}],"predecessor-version":[{"id":67479,"href":"https:\/\/hablemosclarotdf.com.ar\/index.php?rest_route=\/wp\/v2\/posts\/67477\/revisions\/67479"}],"wp:featuredmedia":[{"embeddable":true,"href":"https:\/\/hablemosclarotdf.com.ar\/index.php?rest_route=\/wp\/v2\/media\/67478"}],"wp:attachment":[{"href":"https:\/\/hablemosclarotdf.com.ar\/index.php?rest_route=%2Fwp%2Fv2%2Fmedia&parent=67477"}],"wp:term":[{"taxonomy":"category","embeddable":true,"href":"https:\/\/hablemosclarotdf.com.ar\/index.php?rest_route=%2Fwp%2Fv2%2Fcategories&post=67477"},{"taxonomy":"post_tag","embeddable":true,"href":"https:\/\/hablemosclarotdf.com.ar\/index.php?rest_route=%2Fwp%2Fv2%2Ftags&post=67477"}],"curies":[{"name":"wp","href":"https:\/\/api.w.org\/{rel}","templated":true}]}}