{"id":67460,"date":"2026-02-22T12:45:06","date_gmt":"2026-02-22T15:45:06","guid":{"rendered":"https:\/\/hablemosclarotdf.com.ar\/?p=67460"},"modified":"2026-02-22T12:45:06","modified_gmt":"2026-02-22T15:45:06","slug":"verano-en-la-ciudad-este-domingo-disfruta-de-vacaciones-en-el-parque","status":"publish","type":"post","link":"https:\/\/hablemosclarotdf.com.ar\/?p=67460","title":{"rendered":"VERANO EN LA CIUDAD: ESTE DOMINGO DISFRUT\u00c1 DE \u201cVACACIONES EN EL PARQUE\u201d"},"content":{"rendered":"<p>El Municipio de R\u00edo Grande invita a vecinas y vecinos a disfrutar este domingo de una nueva jornada de \u201cVacaciones en el Parque\u201d, la propuesta cultural, recreativa y gastron\u00f3mica que se desarrolla durante todo el verano en el Parque de los 100 A\u00f1os.<\/p>\n<p>Con una agenda pensada para todas las edades y en el marco de una jornada que se anticipa agradable, el espacio abrir\u00e1 sus puertas para que la comunidad comparta actividades al aire libre, espect\u00e1culos y el ya consolidado Patio Gastron\u00f3mico.<\/p>\n<p>Durante la tarde se llevar\u00e1n adelante propuestas recreativas destinadas a las infancias, con juegos y actividades que promueven el encuentro y el disfrute en un entorno seguro y cuidado. De esta manera, el Municipio contin\u00faa fortaleciendo los espacios p\u00fablicos como \u00e1mbitos de integraci\u00f3n, participaci\u00f3n y construcci\u00f3n comunitaria.<\/p>\n<p>Asimismo, el Patio Gastron\u00f3mico seguir\u00e1 siendo uno de los principales atractivos, con la participaci\u00f3n de 21 carros gastron\u00f3micos y cerveceros habilitados. Esta iniciativa no s\u00f3lo ampl\u00eda la oferta para quienes visitan el parque, sino que tambi\u00e9n impulsa el trabajo de emprendedores locales y dinamiza la econom\u00eda regional.<\/p>\n<p>\u201cVacaciones en el Parque\u201d se desarrolla desde el mes de enero y se extender\u00e1 hasta marzo, consolid\u00e1ndose como una de las propuestas m\u00e1s convocantes del verano en la ciudad. A trav\u00e9s de esta pol\u00edtica p\u00fablica, el Estado Municipal reafirma su compromiso con la generaci\u00f3n de espacios de encuentro, recreaci\u00f3n y acompa\u00f1amiento al desarrollo local.<\/p>\n<p>El Municipio invita a toda la comunidad a acercarse este domingo al Parque de los 100 A\u00f1os para continuar disfrutando de un verano con actividades culturales, recreativas y gastron\u00f3micas pensadas para las familias de R\u00edo Grande.<\/p>\n<p><img loading=\"lazy\" decoding=\"async\" class=\"alignnone size-medium wp-image-67462\" src=\"https:\/\/hablemosclarotdf.com.ar\/wp-content\/uploads\/2026\/02\/photo_2026-02-22_12-44-31-300x200.jpg\" alt=\"\" width=\"300\" height=\"200\" srcset=\"https:\/\/hablemosclarotdf.com.ar\/wp-content\/uploads\/2026\/02\/photo_2026-02-22_12-44-31-300x200.jpg 300w, https:\/\/hablemosclarotdf.com.ar\/wp-content\/uploads\/2026\/02\/photo_2026-02-22_12-44-31-1024x682.jpg 1024w, https:\/\/hablemosclarotdf.com.ar\/wp-content\/uploads\/2026\/02\/photo_2026-02-22_12-44-31-768x511.jpg 768w, https:\/\/hablemosclarotdf.com.ar\/wp-content\/uploads\/2026\/02\/photo_2026-02-22_12-44-31.jpg 1280w\" sizes=\"auto, (max-width: 300px) 100vw, 300px\" \/><\/p>\n","protected":false},"excerpt":{"rendered":"<p>El Municipio de R\u00edo Grande invita a vecinas y vecinos a disfrutar este domingo de&#8230;<\/p>\n","protected":false},"author":1,"featured_media":67461,"comment_status":"closed","ping_status":"closed","sticky":false,"template":"","format":"standard","meta":{"footnotes":""},"categories":[3],"tags":[],"class_list":["post-67460","post","type-post","status-publish","format-standard","has-post-thumbnail","hentry","category-noticias"],"jetpack_featured_media_url":"https:\/\/hablemosclarotdf.com.ar\/wp-content\/uploads\/2026\/02\/photo_2026-02-22_12-44-24.jpg","_links":{"self":[{"href":"https:\/\/hablemosclarotdf.com.ar\/index.php?rest_route=\/wp\/v2\/posts\/67460","targetHints":{"allow":["GET"]}}],"collection":[{"href":"https:\/\/hablemosclarotdf.com.ar\/index.php?rest_route=\/wp\/v2\/posts"}],"about":[{"href":"https:\/\/hablemosclarotdf.com.ar\/index.php?rest_route=\/wp\/v2\/types\/post"}],"author":[{"embeddable":true,"href":"https:\/\/hablemosclarotdf.com.ar\/index.php?rest_route=\/wp\/v2\/users\/1"}],"replies":[{"embeddable":true,"href":"https:\/\/hablemosclarotdf.com.ar\/index.php?rest_route=%2Fwp%2Fv2%2Fcomments&post=67460"}],"version-history":[{"count":1,"href":"https:\/\/hablemosclarotdf.com.ar\/index.php?rest_route=\/wp\/v2\/posts\/67460\/revisions"}],"predecessor-version":[{"id":67463,"href":"https:\/\/hablemosclarotdf.com.ar\/index.php?rest_route=\/wp\/v2\/posts\/67460\/revisions\/67463"}],"wp:featuredmedia":[{"embeddable":true,"href":"https:\/\/hablemosclarotdf.com.ar\/index.php?rest_route=\/wp\/v2\/media\/67461"}],"wp:attachment":[{"href":"https:\/\/hablemosclarotdf.com.ar\/index.php?rest_route=%2Fwp%2Fv2%2Fmedia&parent=67460"}],"wp:term":[{"taxonomy":"category","embeddable":true,"href":"https:\/\/hablemosclarotdf.com.ar\/index.php?rest_route=%2Fwp%2Fv2%2Fcategories&post=67460"},{"taxonomy":"post_tag","embeddable":true,"href":"https:\/\/hablemosclarotdf.com.ar\/index.php?rest_route=%2Fwp%2Fv2%2Ftags&post=67460"}],"curies":[{"name":"wp","href":"https:\/\/api.w.org\/{rel}","templated":true}]}}