{"id":67457,"date":"2026-02-22T12:43:26","date_gmt":"2026-02-22T15:43:26","guid":{"rendered":"https:\/\/hablemosclarotdf.com.ar\/?p=67457"},"modified":"2026-02-22T12:43:26","modified_gmt":"2026-02-22T15:43:26","slug":"rio-grande-este-lunes-inician-las-inscripciones-para-los-espacios-de-cuidado-2026","status":"publish","type":"post","link":"https:\/\/hablemosclarotdf.com.ar\/?p=67457","title":{"rendered":"RIO GRANDE : ESTE LUNES INICIAN LAS INSCRIPCIONES PARA LOS ESPACIOS DE CUIDADO 2026"},"content":{"rendered":"<p>El Municipio de R\u00edo Grande, a trav\u00e9s de la Secretar\u00eda de G\u00e9nero y Desarrollo Comunitario, informa a la comunidad que desde el 23 de febrero al 2 de marzo estar\u00e1n abiertas las inscripciones para los Espacios de Cuidado 2026.<\/p>\n<p>Esta propuesta est\u00e1 destinada a ni\u00f1os y ni\u00f1as de 1 a 3 a\u00f1os, con la cual se busca acompa\u00f1ar a las familias de la ciudad a trav\u00e9s de un servicio pensado para el bienestar de las infancias. Los Espacios de Cuidado ofrecen un entorno seguro, estimulante y con acompa\u00f1amiento de personal capacitado, generando instancias de juego, aprendizaje y socializaci\u00f3n acordes a cada etapa, con el objetivo de favorecer el desarrollo integral de las infancias y brindarles tiempo a las familias de R\u00edo Grande.<\/p>\n<p>Los Espacios de Cuidado funcionar\u00e1n en el Centro Municipal de Desarrollo Comunitario, ubicado en Rafaela Ishton 1148, en el horario de 9:30 a 15:30 horas.<\/p>\n<p>Las inscripciones se realizar\u00e1n de manera online a trav\u00e9s del siguiente link: https:\/\/g4d0975984939f6-riogrande.adb.us-ashburn-1.oraclecloudapps.com\/ords\/r\/inscripciones\/ec\/formulario\/.<\/p>\n<p>Para consultas, las familias podr\u00e1n comunicarse con la Direcci\u00f3n de pol\u00edticas p\u00fablicas para la igualdad de g\u00e9nero al 15654678.<\/p>\n<p>A trav\u00e9s de esta pol\u00edtica p\u00fablica, el Municipio de R\u00edo Grande contin\u00faa fortaleciendo acciones que acompa\u00f1an a las familias, promueven el cuidado comunitario y generan m\u00e1s oportunidades para el desarrollo pleno de las infancias en la ciudad.<\/p>\n","protected":false},"excerpt":{"rendered":"<p>El Municipio de R\u00edo Grande, a trav\u00e9s de la Secretar\u00eda de G\u00e9nero y Desarrollo Comunitario,&#8230;<\/p>\n","protected":false},"author":1,"featured_media":67458,"comment_status":"closed","ping_status":"closed","sticky":false,"template":"","format":"standard","meta":{"footnotes":""},"categories":[3],"tags":[],"class_list":["post-67457","post","type-post","status-publish","format-standard","has-post-thumbnail","hentry","category-noticias"],"jetpack_featured_media_url":"https:\/\/hablemosclarotdf.com.ar\/wp-content\/uploads\/2026\/02\/photo_2026-02-22_12-42-58.jpg","_links":{"self":[{"href":"https:\/\/hablemosclarotdf.com.ar\/index.php?rest_route=\/wp\/v2\/posts\/67457","targetHints":{"allow":["GET"]}}],"collection":[{"href":"https:\/\/hablemosclarotdf.com.ar\/index.php?rest_route=\/wp\/v2\/posts"}],"about":[{"href":"https:\/\/hablemosclarotdf.com.ar\/index.php?rest_route=\/wp\/v2\/types\/post"}],"author":[{"embeddable":true,"href":"https:\/\/hablemosclarotdf.com.ar\/index.php?rest_route=\/wp\/v2\/users\/1"}],"replies":[{"embeddable":true,"href":"https:\/\/hablemosclarotdf.com.ar\/index.php?rest_route=%2Fwp%2Fv2%2Fcomments&post=67457"}],"version-history":[{"count":1,"href":"https:\/\/hablemosclarotdf.com.ar\/index.php?rest_route=\/wp\/v2\/posts\/67457\/revisions"}],"predecessor-version":[{"id":67459,"href":"https:\/\/hablemosclarotdf.com.ar\/index.php?rest_route=\/wp\/v2\/posts\/67457\/revisions\/67459"}],"wp:featuredmedia":[{"embeddable":true,"href":"https:\/\/hablemosclarotdf.com.ar\/index.php?rest_route=\/wp\/v2\/media\/67458"}],"wp:attachment":[{"href":"https:\/\/hablemosclarotdf.com.ar\/index.php?rest_route=%2Fwp%2Fv2%2Fmedia&parent=67457"}],"wp:term":[{"taxonomy":"category","embeddable":true,"href":"https:\/\/hablemosclarotdf.com.ar\/index.php?rest_route=%2Fwp%2Fv2%2Fcategories&post=67457"},{"taxonomy":"post_tag","embeddable":true,"href":"https:\/\/hablemosclarotdf.com.ar\/index.php?rest_route=%2Fwp%2Fv2%2Ftags&post=67457"}],"curies":[{"name":"wp","href":"https:\/\/api.w.org\/{rel}","templated":true}]}}