{"id":67399,"date":"2026-02-21T00:06:51","date_gmt":"2026-02-21T03:06:51","guid":{"rendered":"https:\/\/hablemosclarotdf.com.ar\/?p=67399"},"modified":"2026-02-21T00:06:51","modified_gmt":"2026-02-21T03:06:51","slug":"la-direccion-provincial-de-energia-informa-un-corte-imprevisto-del-suministro-electrico-en-sectores-de-ushuaia","status":"publish","type":"post","link":"https:\/\/hablemosclarotdf.com.ar\/?p=67399","title":{"rendered":"LA DIRECCI\u00d3N PROVINCIAL DE ENERG\u00cdA INFORMA UN CORTE IMPREVISTO DEL SUMINISTRO EL\u00c9CTRICO EN SECTORES DE USHUAIA"},"content":{"rendered":"<p>La Direcci\u00f3n Provincial de Energ\u00eda (DPE) informa a la comunidad que se est\u00e1 registrando una interrupci\u00f3n imprevista en el servicio el\u00e9ctrico que afecta a distintos barrios de la ciudad de Ushuaia.<\/p>\n<p>Inmediatamente,\u00a0personal t\u00e9cnico de la DPE se moviliz\u00f3 a los puntos estrat\u00e9gicos de la red\u00a0y se encuentran trabajando en estos momentos para identificar el origen de la contingencia y restablecer el servicio a la mayor brevedad posible.<\/p>\n<p>Desde el organismo se solicita disculpas a los usuarios por las molestias ocasionadas y se asegura que\u00a0los equipos est\u00e1n abocados en su totalidad a la reparaci\u00f3n.<\/p>\n<p>A medida que se avance en la localizaci\u00f3n de la falla y se estimen los tiempos de reposici\u00f3n, se emitir\u00e1 un nuevo comunicado a trav\u00e9s de los canales oficiales.<\/p>\n","protected":false},"excerpt":{"rendered":"<p>La Direcci\u00f3n Provincial de Energ\u00eda (DPE) informa a la comunidad que se est\u00e1 registrando una&#8230;<\/p>\n","protected":false},"author":1,"featured_media":67400,"comment_status":"closed","ping_status":"closed","sticky":false,"template":"","format":"standard","meta":{"footnotes":""},"categories":[3],"tags":[],"class_list":["post-67399","post","type-post","status-publish","format-standard","has-post-thumbnail","hentry","category-noticias"],"jetpack_featured_media_url":"https:\/\/hablemosclarotdf.com.ar\/wp-content\/uploads\/2026\/02\/photo_2026-02-21_00-03-07-1.jpg","_links":{"self":[{"href":"https:\/\/hablemosclarotdf.com.ar\/index.php?rest_route=\/wp\/v2\/posts\/67399","targetHints":{"allow":["GET"]}}],"collection":[{"href":"https:\/\/hablemosclarotdf.com.ar\/index.php?rest_route=\/wp\/v2\/posts"}],"about":[{"href":"https:\/\/hablemosclarotdf.com.ar\/index.php?rest_route=\/wp\/v2\/types\/post"}],"author":[{"embeddable":true,"href":"https:\/\/hablemosclarotdf.com.ar\/index.php?rest_route=\/wp\/v2\/users\/1"}],"replies":[{"embeddable":true,"href":"https:\/\/hablemosclarotdf.com.ar\/index.php?rest_route=%2Fwp%2Fv2%2Fcomments&post=67399"}],"version-history":[{"count":1,"href":"https:\/\/hablemosclarotdf.com.ar\/index.php?rest_route=\/wp\/v2\/posts\/67399\/revisions"}],"predecessor-version":[{"id":67401,"href":"https:\/\/hablemosclarotdf.com.ar\/index.php?rest_route=\/wp\/v2\/posts\/67399\/revisions\/67401"}],"wp:featuredmedia":[{"embeddable":true,"href":"https:\/\/hablemosclarotdf.com.ar\/index.php?rest_route=\/wp\/v2\/media\/67400"}],"wp:attachment":[{"href":"https:\/\/hablemosclarotdf.com.ar\/index.php?rest_route=%2Fwp%2Fv2%2Fmedia&parent=67399"}],"wp:term":[{"taxonomy":"category","embeddable":true,"href":"https:\/\/hablemosclarotdf.com.ar\/index.php?rest_route=%2Fwp%2Fv2%2Fcategories&post=67399"},{"taxonomy":"post_tag","embeddable":true,"href":"https:\/\/hablemosclarotdf.com.ar\/index.php?rest_route=%2Fwp%2Fv2%2Ftags&post=67399"}],"curies":[{"name":"wp","href":"https:\/\/api.w.org\/{rel}","templated":true}]}}