{"id":67392,"date":"2026-02-21T00:01:52","date_gmt":"2026-02-21T03:01:52","guid":{"rendered":"https:\/\/hablemosclarotdf.com.ar\/?p=67392"},"modified":"2026-02-21T00:01:52","modified_gmt":"2026-02-21T03:01:52","slug":"gobierno-abona-el-pago-de-la-asignacion-anual-por-ayuda-escolar-2026","status":"publish","type":"post","link":"https:\/\/hablemosclarotdf.com.ar\/?p=67392","title":{"rendered":"GOBIERNO ABONA EL PAGO DE LA ASIGNACI\u00d3N ANUAL POR AYUDA ESCOLAR 2026"},"content":{"rendered":"<p>El Gobierno de la Provincia, informa a todos los agentes de la Administraci\u00f3n P\u00fablica Central que, en cumplimiento del calendario de pagos establecido, este s\u00e1bado 21 de febrero se encontrar\u00e1 acreditado el monto correspondiente a la Asignaci\u00f3n Anual por Ayuda Escolar 2026.<\/p>\n<p>El beneficio, est\u00e1 destinado a las y los trabajadores estatales que perciben sus haberes por el sistema de la administraci\u00f3n centralizada y que posean hijos en edad escolar.<\/p>\n","protected":false},"excerpt":{"rendered":"<p>El Gobierno de la Provincia, informa a todos los agentes de la Administraci\u00f3n P\u00fablica Central&#8230;<\/p>\n","protected":false},"author":1,"featured_media":67393,"comment_status":"closed","ping_status":"closed","sticky":false,"template":"","format":"standard","meta":{"footnotes":""},"categories":[3],"tags":[],"class_list":["post-67392","post","type-post","status-publish","format-standard","has-post-thumbnail","hentry","category-noticias"],"jetpack_featured_media_url":"https:\/\/hablemosclarotdf.com.ar\/wp-content\/uploads\/2026\/02\/photo_2026-02-21_00-00-42.jpg","_links":{"self":[{"href":"https:\/\/hablemosclarotdf.com.ar\/index.php?rest_route=\/wp\/v2\/posts\/67392","targetHints":{"allow":["GET"]}}],"collection":[{"href":"https:\/\/hablemosclarotdf.com.ar\/index.php?rest_route=\/wp\/v2\/posts"}],"about":[{"href":"https:\/\/hablemosclarotdf.com.ar\/index.php?rest_route=\/wp\/v2\/types\/post"}],"author":[{"embeddable":true,"href":"https:\/\/hablemosclarotdf.com.ar\/index.php?rest_route=\/wp\/v2\/users\/1"}],"replies":[{"embeddable":true,"href":"https:\/\/hablemosclarotdf.com.ar\/index.php?rest_route=%2Fwp%2Fv2%2Fcomments&post=67392"}],"version-history":[{"count":1,"href":"https:\/\/hablemosclarotdf.com.ar\/index.php?rest_route=\/wp\/v2\/posts\/67392\/revisions"}],"predecessor-version":[{"id":67394,"href":"https:\/\/hablemosclarotdf.com.ar\/index.php?rest_route=\/wp\/v2\/posts\/67392\/revisions\/67394"}],"wp:featuredmedia":[{"embeddable":true,"href":"https:\/\/hablemosclarotdf.com.ar\/index.php?rest_route=\/wp\/v2\/media\/67393"}],"wp:attachment":[{"href":"https:\/\/hablemosclarotdf.com.ar\/index.php?rest_route=%2Fwp%2Fv2%2Fmedia&parent=67392"}],"wp:term":[{"taxonomy":"category","embeddable":true,"href":"https:\/\/hablemosclarotdf.com.ar\/index.php?rest_route=%2Fwp%2Fv2%2Fcategories&post=67392"},{"taxonomy":"post_tag","embeddable":true,"href":"https:\/\/hablemosclarotdf.com.ar\/index.php?rest_route=%2Fwp%2Fv2%2Ftags&post=67392"}],"curies":[{"name":"wp","href":"https:\/\/api.w.org\/{rel}","templated":true}]}}