{"id":66070,"date":"2026-02-05T16:29:32","date_gmt":"2026-02-05T19:29:32","guid":{"rendered":"https:\/\/hablemosclarotdf.com.ar\/?p=66070"},"modified":"2026-02-05T16:29:32","modified_gmt":"2026-02-05T19:29:32","slug":"tierra-del-fuego-apuesta-al-talento-joven-dos-deportistas-representaran-a-la-provincia-en-una-competencia-nacional","status":"publish","type":"post","link":"https:\/\/hablemosclarotdf.com.ar\/?p=66070","title":{"rendered":"TIERRA DEL FUEGO APUESTA AL TALENTO JOVEN: DOS DEPORTISTAS REPRESENTAR\u00c1N A LA PROVINCIA EN UNA COMPETENCIA NACIONAL"},"content":{"rendered":"<p>El Gobernador Gustavo Melella comparti\u00f3 un encuentro con los j\u00f3venes atletas y sus familias, en el que se destac\u00f3 el compromiso familiar y el esfuerzo personal como pilares del desarrollo juvenil.<\/p>\n<p>El Gobierno de la Provincia reafirma su compromiso con el talento y la proyecci\u00f3n de las y los j\u00f3venes fueguinos. En ese marco, el Gobernador Gustavo Melella mantuvo un encuentro emotivo con Le\u00f3n Hern\u00e1ndez de 10 a\u00f1os y su familia, y familiares de Franco Schmit. Ambos chicos, representar\u00e1n a Tierra del Fuego en los juegos BMX y SKATE Jam Session en R\u00edo Negro, a partir del 13 de febrero.<\/p>\n<p>Durante la reuni\u00f3n, en la que tambi\u00e9n participaron la secretaria de Pol\u00edticas para las Juventudes, Ivana Olariaga; el presidente de la Asociaci\u00f3n de Deportes sobre Ruedas, Juan Pablo Schmit, y miembros de la comisi\u00f3n directiva, se puso en valor el \u201cgran trabajo que realiza cada familia para acompa\u00f1ar a los j\u00f3venes a fortalecer sus talentos\u201d, seg\u00fan destac\u00f3 el propio Mandatario. Se trata de un apoyo fundamental que, sumado a la disciplina de los atletas, ha permitido construir trayectorias de alto rendimiento: ambos j\u00f3venes han logrado podio en competencias nacionales durante 2025 e incluso participaron en una Competencia Internacional de BMX en C\u00f3rdoba.<\/p>\n<p>\u201cCelebramos y ponemos en valor el talento joven fueguino, y felicitamos a cada familia que acompa\u00f1a estas instancias de desarrollo profesional y personal\u201d, expres\u00f3 Melella, quien junto a la secretaria Olariaga hizo entrega formal de los pasajes para cada competidor y un adulto responsable. Este apoyo log\u00edstico es posible gracias al acompa\u00f1amiento del Consejo Federal de Inversiones (CFI), y refleja la pol\u00edtica provincial de fortalecer la representatividad fueguina en el \u00e1mbito federal.<\/p>\n<p>La Secretaria Olariaga remarc\u00f3 que \u201cdesde el Programa Juegos Urbanos trabajamos para potenciar los recursos y la participaci\u00f3n de nuestra juventud. Que Franco y Le\u00f3n lleven el nombre de Tierra del Fuego a nivel nacional nos llena de orgullo y demuestra que con trabajo, dedicaci\u00f3n y apoyo familiar e institucional, no hay l\u00edmites\u201d.<\/p>\n<p><img loading=\"lazy\" decoding=\"async\" class=\"alignnone size-medium wp-image-66072\" src=\"https:\/\/hablemosclarotdf.com.ar\/wp-content\/uploads\/2026\/02\/photo_2026-02-05_16-27-42-300x200.jpg\" alt=\"\" width=\"300\" height=\"200\" srcset=\"https:\/\/hablemosclarotdf.com.ar\/wp-content\/uploads\/2026\/02\/photo_2026-02-05_16-27-42-300x200.jpg 300w, https:\/\/hablemosclarotdf.com.ar\/wp-content\/uploads\/2026\/02\/photo_2026-02-05_16-27-42-1024x683.jpg 1024w, https:\/\/hablemosclarotdf.com.ar\/wp-content\/uploads\/2026\/02\/photo_2026-02-05_16-27-42-768x512.jpg 768w, https:\/\/hablemosclarotdf.com.ar\/wp-content\/uploads\/2026\/02\/photo_2026-02-05_16-27-42.jpg 1280w\" sizes=\"auto, (max-width: 300px) 100vw, 300px\" \/> <img loading=\"lazy\" decoding=\"async\" class=\"alignnone size-medium wp-image-66073\" src=\"https:\/\/hablemosclarotdf.com.ar\/wp-content\/uploads\/2026\/02\/photo_2026-02-05_16-27-49-300x200.jpg\" alt=\"\" width=\"300\" height=\"200\" srcset=\"https:\/\/hablemosclarotdf.com.ar\/wp-content\/uploads\/2026\/02\/photo_2026-02-05_16-27-49-300x200.jpg 300w, https:\/\/hablemosclarotdf.com.ar\/wp-content\/uploads\/2026\/02\/photo_2026-02-05_16-27-49-1024x683.jpg 1024w, https:\/\/hablemosclarotdf.com.ar\/wp-content\/uploads\/2026\/02\/photo_2026-02-05_16-27-49-768x512.jpg 768w, https:\/\/hablemosclarotdf.com.ar\/wp-content\/uploads\/2026\/02\/photo_2026-02-05_16-27-49.jpg 1280w\" sizes=\"auto, (max-width: 300px) 100vw, 300px\" \/> <img loading=\"lazy\" decoding=\"async\" class=\"alignnone size-medium wp-image-66074\" src=\"https:\/\/hablemosclarotdf.com.ar\/wp-content\/uploads\/2026\/02\/photo_2026-02-05_16-28-04-300x200.jpg\" alt=\"\" width=\"300\" height=\"200\" srcset=\"https:\/\/hablemosclarotdf.com.ar\/wp-content\/uploads\/2026\/02\/photo_2026-02-05_16-28-04-300x200.jpg 300w, https:\/\/hablemosclarotdf.com.ar\/wp-content\/uploads\/2026\/02\/photo_2026-02-05_16-28-04-1024x683.jpg 1024w, https:\/\/hablemosclarotdf.com.ar\/wp-content\/uploads\/2026\/02\/photo_2026-02-05_16-28-04-768x512.jpg 768w, https:\/\/hablemosclarotdf.com.ar\/wp-content\/uploads\/2026\/02\/photo_2026-02-05_16-28-04.jpg 1280w\" sizes=\"auto, (max-width: 300px) 100vw, 300px\" \/> <img loading=\"lazy\" decoding=\"async\" class=\"alignnone size-medium wp-image-66075\" src=\"https:\/\/hablemosclarotdf.com.ar\/wp-content\/uploads\/2026\/02\/photo_2026-02-05_16-28-12-300x200.jpg\" alt=\"\" width=\"300\" height=\"200\" srcset=\"https:\/\/hablemosclarotdf.com.ar\/wp-content\/uploads\/2026\/02\/photo_2026-02-05_16-28-12-300x200.jpg 300w, https:\/\/hablemosclarotdf.com.ar\/wp-content\/uploads\/2026\/02\/photo_2026-02-05_16-28-12-1024x683.jpg 1024w, https:\/\/hablemosclarotdf.com.ar\/wp-content\/uploads\/2026\/02\/photo_2026-02-05_16-28-12-768x512.jpg 768w, https:\/\/hablemosclarotdf.com.ar\/wp-content\/uploads\/2026\/02\/photo_2026-02-05_16-28-12.jpg 1280w\" sizes=\"auto, (max-width: 300px) 100vw, 300px\" \/><\/p>\n","protected":false},"excerpt":{"rendered":"<p>El Gobernador Gustavo Melella comparti\u00f3 un encuentro con los j\u00f3venes atletas y sus familias, en&#8230;<\/p>\n","protected":false},"author":1,"featured_media":66071,"comment_status":"closed","ping_status":"closed","sticky":false,"template":"","format":"standard","meta":{"footnotes":""},"categories":[3],"tags":[],"class_list":["post-66070","post","type-post","status-publish","format-standard","has-post-thumbnail","hentry","category-noticias"],"jetpack_featured_media_url":"https:\/\/hablemosclarotdf.com.ar\/wp-content\/uploads\/2026\/02\/photo_2026-02-05_16-27-37.jpg","_links":{"self":[{"href":"https:\/\/hablemosclarotdf.com.ar\/index.php?rest_route=\/wp\/v2\/posts\/66070","targetHints":{"allow":["GET"]}}],"collection":[{"href":"https:\/\/hablemosclarotdf.com.ar\/index.php?rest_route=\/wp\/v2\/posts"}],"about":[{"href":"https:\/\/hablemosclarotdf.com.ar\/index.php?rest_route=\/wp\/v2\/types\/post"}],"author":[{"embeddable":true,"href":"https:\/\/hablemosclarotdf.com.ar\/index.php?rest_route=\/wp\/v2\/users\/1"}],"replies":[{"embeddable":true,"href":"https:\/\/hablemosclarotdf.com.ar\/index.php?rest_route=%2Fwp%2Fv2%2Fcomments&post=66070"}],"version-history":[{"count":1,"href":"https:\/\/hablemosclarotdf.com.ar\/index.php?rest_route=\/wp\/v2\/posts\/66070\/revisions"}],"predecessor-version":[{"id":66076,"href":"https:\/\/hablemosclarotdf.com.ar\/index.php?rest_route=\/wp\/v2\/posts\/66070\/revisions\/66076"}],"wp:featuredmedia":[{"embeddable":true,"href":"https:\/\/hablemosclarotdf.com.ar\/index.php?rest_route=\/wp\/v2\/media\/66071"}],"wp:attachment":[{"href":"https:\/\/hablemosclarotdf.com.ar\/index.php?rest_route=%2Fwp%2Fv2%2Fmedia&parent=66070"}],"wp:term":[{"taxonomy":"category","embeddable":true,"href":"https:\/\/hablemosclarotdf.com.ar\/index.php?rest_route=%2Fwp%2Fv2%2Fcategories&post=66070"},{"taxonomy":"post_tag","embeddable":true,"href":"https:\/\/hablemosclarotdf.com.ar\/index.php?rest_route=%2Fwp%2Fv2%2Ftags&post=66070"}],"curies":[{"name":"wp","href":"https:\/\/api.w.org\/{rel}","templated":true}]}}