{"id":66067,"date":"2026-02-05T16:07:46","date_gmt":"2026-02-05T19:07:46","guid":{"rendered":"https:\/\/hablemosclarotdf.com.ar\/?p=66067"},"modified":"2026-02-05T16:07:46","modified_gmt":"2026-02-05T19:07:46","slug":"rio-grande-feria-de-la-costanera-una-tarde-para-disfrutar-en-comunidad","status":"publish","type":"post","link":"https:\/\/hablemosclarotdf.com.ar\/?p=66067","title":{"rendered":"RIO GRANDE : \u201cFERIA DE LA COSTANERA\u201d: UNA TARDE PARA DISFRUTAR EN COMUNIDAD"},"content":{"rendered":"<p>El Municipio de R\u00edo Grande, a trav\u00e9s de la Secretar\u00eda de Gesti\u00f3n Ciudadana, invita a vecinos y vecinas a participar de la \u201cFeria de la Costanera\u201d, una propuesta que re\u00fane producci\u00f3n local, actividades recreativas y espacios para toda la familia.<\/p>\n<p>La actividad se llevar\u00e1 adelante este s\u00e1bado 7 de febrero, en el horario de 14 a 21 horas, en la Costanera, en el \u00e1rea del play\u00f3n municipal, con el objetivo de seguir fortaleciendo el encuentro comunitario y acompa\u00f1ando el desarrollo de emprendedores y productores de la ciudad.<\/p>\n<p>La propuesta es organizada por la Direcci\u00f3n General de Econom\u00eda Popular y contar\u00e1 con la participaci\u00f3n de elaboradores, artesanos y productores locales, quienes ofrecer\u00e1n sus creaciones y productos, promoviendo el consumo local y el crecimiento de la econom\u00eda popular.<\/p>\n<p>Durante la jornada, el \u00e1rea de Servicios Veterinarios estar\u00e1 presente junto a distintas protectoras de la ciudad, llevando adelante una jornada de adopci\u00f3n responsable, con el prop\u00f3sito de fomentar el cuidado y la tenencia responsable de mascotas.<\/p>\n<p>Por su parte, el \u00e1rea de Tr\u00e1nsito dispondr\u00e1 de un Circuito Vial destinado a las infancias. Adem\u00e1s, habr\u00e1 inflables, actividades l\u00fadicas y diversas propuestas recreativas pensadas para compartir con toda la familia una tarde al aire libre, promoviendo el encuentro y el disfrute en comunidad.<\/p>\n<p>El Municipio de R\u00edo Grande invita a las y los riograndenses a acercarse y ser parte de la \u201cFeria de la Costanera\u201d, una iniciativa que promueve el encuentro, el disfrute y el acompa\u00f1amiento a la producci\u00f3n local.<\/p>\n","protected":false},"excerpt":{"rendered":"<p>El Municipio de R\u00edo Grande, a trav\u00e9s de la Secretar\u00eda de Gesti\u00f3n Ciudadana, invita a&#8230;<\/p>\n","protected":false},"author":1,"featured_media":66068,"comment_status":"closed","ping_status":"closed","sticky":false,"template":"","format":"standard","meta":{"footnotes":""},"categories":[3],"tags":[],"class_list":["post-66067","post","type-post","status-publish","format-standard","has-post-thumbnail","hentry","category-noticias"],"jetpack_featured_media_url":"https:\/\/hablemosclarotdf.com.ar\/wp-content\/uploads\/2026\/02\/photo_2026-02-05_16-06-45.jpg","_links":{"self":[{"href":"https:\/\/hablemosclarotdf.com.ar\/index.php?rest_route=\/wp\/v2\/posts\/66067","targetHints":{"allow":["GET"]}}],"collection":[{"href":"https:\/\/hablemosclarotdf.com.ar\/index.php?rest_route=\/wp\/v2\/posts"}],"about":[{"href":"https:\/\/hablemosclarotdf.com.ar\/index.php?rest_route=\/wp\/v2\/types\/post"}],"author":[{"embeddable":true,"href":"https:\/\/hablemosclarotdf.com.ar\/index.php?rest_route=\/wp\/v2\/users\/1"}],"replies":[{"embeddable":true,"href":"https:\/\/hablemosclarotdf.com.ar\/index.php?rest_route=%2Fwp%2Fv2%2Fcomments&post=66067"}],"version-history":[{"count":1,"href":"https:\/\/hablemosclarotdf.com.ar\/index.php?rest_route=\/wp\/v2\/posts\/66067\/revisions"}],"predecessor-version":[{"id":66069,"href":"https:\/\/hablemosclarotdf.com.ar\/index.php?rest_route=\/wp\/v2\/posts\/66067\/revisions\/66069"}],"wp:featuredmedia":[{"embeddable":true,"href":"https:\/\/hablemosclarotdf.com.ar\/index.php?rest_route=\/wp\/v2\/media\/66068"}],"wp:attachment":[{"href":"https:\/\/hablemosclarotdf.com.ar\/index.php?rest_route=%2Fwp%2Fv2%2Fmedia&parent=66067"}],"wp:term":[{"taxonomy":"category","embeddable":true,"href":"https:\/\/hablemosclarotdf.com.ar\/index.php?rest_route=%2Fwp%2Fv2%2Fcategories&post=66067"},{"taxonomy":"post_tag","embeddable":true,"href":"https:\/\/hablemosclarotdf.com.ar\/index.php?rest_route=%2Fwp%2Fv2%2Ftags&post=66067"}],"curies":[{"name":"wp","href":"https:\/\/api.w.org\/{rel}","templated":true}]}}