{"id":66063,"date":"2026-02-05T16:04:52","date_gmt":"2026-02-05T19:04:52","guid":{"rendered":"https:\/\/hablemosclarotdf.com.ar\/?p=66063"},"modified":"2026-02-05T16:04:52","modified_gmt":"2026-02-05T19:04:52","slug":"operativo-especial-en-ruta-3-llegan-nuevos-equipos-para-el-medio-de-elevacion-del-cerro-martial","status":"publish","type":"post","link":"https:\/\/hablemosclarotdf.com.ar\/?p=66063","title":{"rendered":"OPERATIVO ESPECIAL EN RUTA 3: LLEGAN NUEVOS EQUIPOS PARA EL MEDIO DE ELEVACI\u00d3N DEL CERRO MARTIAL"},"content":{"rendered":"<p>La Secretar\u00eda de Protecci\u00f3n Civil informa a la comunidad que durante las pr\u00f3ximas horas se llevar\u00e1 adelante un operativo de transporte especial sobre la Ruta Nacional N\u00b0 3 para trasladar maquinaria de gran porte destinada a la obra del nuevo medio de elevaci\u00f3n del Cerro Martial.<\/p>\n<p>El operativo se iniciar\u00e1 en el Paso San Sebasti\u00e1n durante la tarde de este jueves, con una llegada estimada entre las 16 y 17 horas, continuando luego su recorrido hasta la ciudad de R\u00edo Grande, donde el transporte pernoctar\u00e1. El viernes 6 de febrero se retomar\u00e1 el traslado hacia la ciudad de Ushuaia, siempre sujeto a las condiciones de circulaci\u00f3n y seguridad.<\/p>\n<p>Este operativo de carga excepcional cuenta con las autorizaciones de Vialidad Nacional y ser\u00e1 escoltado por veh\u00edculos oficiales de Protecci\u00f3n Civil y Seguridad Vial, quienes realizar\u00e1n el balizamiento preventivo durante todo el trayecto.<\/p>\n<p>El equipamiento trasladado resulta fundamental para avanzar en el montaje de la estructura de la nueva aerosilla, fundamentales para el avance en esta etapa de obra, que ya comenz\u00f3 a hacerse visible con el levantamiento de la estructura, permitiendo continuar con el cronograma previsto para poner en marcha el nuevo centro invernal, que transformar\u00e1 la infraestructura tur\u00edstica y recreativa de la provincia durante todo el a\u00f1o.<\/p>\n<p>Se solicita a los conductores que transiten por la Ruta N\u00b0 3 extremar las medidas de precauci\u00f3n, mantener la distancia de seguridad respecto al transporte especial y los veh\u00edculos de acompa\u00f1amiento, y acatar estrictamente las indicaciones del personal de seguridad apostado en la ruta para garantizar un traslado seguro y sin inconvenientes.<\/p>\n<p><img loading=\"lazy\" decoding=\"async\" class=\"alignnone size-medium wp-image-66065\" src=\"https:\/\/hablemosclarotdf.com.ar\/wp-content\/uploads\/2026\/02\/photo_2026-02-05_16-03-46-300x200.jpg\" alt=\"\" width=\"300\" height=\"200\" srcset=\"https:\/\/hablemosclarotdf.com.ar\/wp-content\/uploads\/2026\/02\/photo_2026-02-05_16-03-46-300x200.jpg 300w, https:\/\/hablemosclarotdf.com.ar\/wp-content\/uploads\/2026\/02\/photo_2026-02-05_16-03-46-1024x682.jpg 1024w, https:\/\/hablemosclarotdf.com.ar\/wp-content\/uploads\/2026\/02\/photo_2026-02-05_16-03-46-768x512.jpg 768w, https:\/\/hablemosclarotdf.com.ar\/wp-content\/uploads\/2026\/02\/photo_2026-02-05_16-03-46.jpg 1280w\" sizes=\"auto, (max-width: 300px) 100vw, 300px\" \/><\/p>\n","protected":false},"excerpt":{"rendered":"<p>La Secretar\u00eda de Protecci\u00f3n Civil informa a la comunidad que durante las pr\u00f3ximas horas se&#8230;<\/p>\n","protected":false},"author":1,"featured_media":66064,"comment_status":"closed","ping_status":"closed","sticky":false,"template":"","format":"standard","meta":{"footnotes":""},"categories":[3],"tags":[],"class_list":["post-66063","post","type-post","status-publish","format-standard","has-post-thumbnail","hentry","category-noticias"],"jetpack_featured_media_url":"https:\/\/hablemosclarotdf.com.ar\/wp-content\/uploads\/2026\/02\/photo_2026-02-05_16-03-28.jpg","_links":{"self":[{"href":"https:\/\/hablemosclarotdf.com.ar\/index.php?rest_route=\/wp\/v2\/posts\/66063","targetHints":{"allow":["GET"]}}],"collection":[{"href":"https:\/\/hablemosclarotdf.com.ar\/index.php?rest_route=\/wp\/v2\/posts"}],"about":[{"href":"https:\/\/hablemosclarotdf.com.ar\/index.php?rest_route=\/wp\/v2\/types\/post"}],"author":[{"embeddable":true,"href":"https:\/\/hablemosclarotdf.com.ar\/index.php?rest_route=\/wp\/v2\/users\/1"}],"replies":[{"embeddable":true,"href":"https:\/\/hablemosclarotdf.com.ar\/index.php?rest_route=%2Fwp%2Fv2%2Fcomments&post=66063"}],"version-history":[{"count":1,"href":"https:\/\/hablemosclarotdf.com.ar\/index.php?rest_route=\/wp\/v2\/posts\/66063\/revisions"}],"predecessor-version":[{"id":66066,"href":"https:\/\/hablemosclarotdf.com.ar\/index.php?rest_route=\/wp\/v2\/posts\/66063\/revisions\/66066"}],"wp:featuredmedia":[{"embeddable":true,"href":"https:\/\/hablemosclarotdf.com.ar\/index.php?rest_route=\/wp\/v2\/media\/66064"}],"wp:attachment":[{"href":"https:\/\/hablemosclarotdf.com.ar\/index.php?rest_route=%2Fwp%2Fv2%2Fmedia&parent=66063"}],"wp:term":[{"taxonomy":"category","embeddable":true,"href":"https:\/\/hablemosclarotdf.com.ar\/index.php?rest_route=%2Fwp%2Fv2%2Fcategories&post=66063"},{"taxonomy":"post_tag","embeddable":true,"href":"https:\/\/hablemosclarotdf.com.ar\/index.php?rest_route=%2Fwp%2Fv2%2Ftags&post=66063"}],"curies":[{"name":"wp","href":"https:\/\/api.w.org\/{rel}","templated":true}]}}