{"id":66054,"date":"2026-02-05T14:28:30","date_gmt":"2026-02-05T17:28:30","guid":{"rendered":"https:\/\/hablemosclarotdf.com.ar\/?p=66054"},"modified":"2026-02-05T14:28:30","modified_gmt":"2026-02-05T17:28:30","slug":"educacion-informa-los-colegios-secundarios-con-vacantes-disponibles-para-el-sorteo-de-ingresantes-a-1-ano","status":"publish","type":"post","link":"https:\/\/hablemosclarotdf.com.ar\/?p=66054","title":{"rendered":"EDUCACI\u00d3N INFORMA LOS COLEGIOS SECUNDARIOS CON VACANTES DISPONIBLES PARA EL SORTEO DE INGRESANTES A 1\u00b0 A\u00d1O"},"content":{"rendered":"<p>El Ministerio de Educaci\u00f3n de la Provincia informa los Colegios de nivel secundario con vacantes disponibles para el sorteo de ingresantes a 1\u00b0 a\u00f1o Ciclo Lectivo 2026 a realizarse el pr\u00f3ximo s\u00e1bado 14 de febrero.<\/p>\n<p>En la ciudad de Ushuaia son: Los Andes, JM. Sobral, E. S\u00e1bato, Eva Duarte de Per\u00f3n, Kloketen y Polivalente de Arte \u2018M. In\u00e9s Bustelo\u2019. El lugar del sorteo ser\u00e1 en el Colegio Polivalente de Arte \u2018M. In\u00e9s Bustelo\u2019 (Av. Leandro N. Alem N\u00b0 15). Las puertas se abrir\u00e1n a las 9:00 y se cerrar\u00e1n a las 10:00 horas.<\/p>\n<p>En R\u00edo Grande los Colegios con vacantes disponibles son: Soberan\u00eda Nacional, Alicia M. de Justo, Haspen, Guevara Bachiller, Padre Jos\u00e9 Zink y Piedrabuena. En este \u00faltimo establecimiento se realizar\u00e1 el sorteo; ubicado en calle Col\u00f3n N\u00b0751. Las puertas se abrir\u00e1n a las 8:00 y se cerrar\u00e1n a las 9:00 horas.<\/p>\n<p>Es importante destacar que en ambas ciudades, una vez cerradas las puertas no se podr\u00e1 ingresar y se dar\u00e1 inicio al sorteo.<\/p>\n<p>Ser\u00e1 necesario, en ambas ciudades, que los adultos responsables asistan con el Certificado de finalizaci\u00f3n 6to grado del nivel primario y con el DNI del estudiante aspirante a 1\u00b0 a\u00f1o del secundario en formato f\u00edsico o digital.<\/p>\n","protected":false},"excerpt":{"rendered":"<p>El Ministerio de Educaci\u00f3n de la Provincia informa los Colegios de nivel secundario con vacantes&#8230;<\/p>\n","protected":false},"author":1,"featured_media":66055,"comment_status":"closed","ping_status":"closed","sticky":false,"template":"","format":"standard","meta":{"footnotes":""},"categories":[3],"tags":[],"class_list":["post-66054","post","type-post","status-publish","format-standard","has-post-thumbnail","hentry","category-noticias"],"jetpack_featured_media_url":"https:\/\/hablemosclarotdf.com.ar\/wp-content\/uploads\/2026\/02\/photo_2026-02-05_14-28-00.jpg","_links":{"self":[{"href":"https:\/\/hablemosclarotdf.com.ar\/index.php?rest_route=\/wp\/v2\/posts\/66054","targetHints":{"allow":["GET"]}}],"collection":[{"href":"https:\/\/hablemosclarotdf.com.ar\/index.php?rest_route=\/wp\/v2\/posts"}],"about":[{"href":"https:\/\/hablemosclarotdf.com.ar\/index.php?rest_route=\/wp\/v2\/types\/post"}],"author":[{"embeddable":true,"href":"https:\/\/hablemosclarotdf.com.ar\/index.php?rest_route=\/wp\/v2\/users\/1"}],"replies":[{"embeddable":true,"href":"https:\/\/hablemosclarotdf.com.ar\/index.php?rest_route=%2Fwp%2Fv2%2Fcomments&post=66054"}],"version-history":[{"count":1,"href":"https:\/\/hablemosclarotdf.com.ar\/index.php?rest_route=\/wp\/v2\/posts\/66054\/revisions"}],"predecessor-version":[{"id":66056,"href":"https:\/\/hablemosclarotdf.com.ar\/index.php?rest_route=\/wp\/v2\/posts\/66054\/revisions\/66056"}],"wp:featuredmedia":[{"embeddable":true,"href":"https:\/\/hablemosclarotdf.com.ar\/index.php?rest_route=\/wp\/v2\/media\/66055"}],"wp:attachment":[{"href":"https:\/\/hablemosclarotdf.com.ar\/index.php?rest_route=%2Fwp%2Fv2%2Fmedia&parent=66054"}],"wp:term":[{"taxonomy":"category","embeddable":true,"href":"https:\/\/hablemosclarotdf.com.ar\/index.php?rest_route=%2Fwp%2Fv2%2Fcategories&post=66054"},{"taxonomy":"post_tag","embeddable":true,"href":"https:\/\/hablemosclarotdf.com.ar\/index.php?rest_route=%2Fwp%2Fv2%2Ftags&post=66054"}],"curies":[{"name":"wp","href":"https:\/\/api.w.org\/{rel}","templated":true}]}}