{"id":66045,"date":"2026-02-05T11:09:06","date_gmt":"2026-02-05T14:09:06","guid":{"rendered":"https:\/\/hablemosclarotdf.com.ar\/?p=66045"},"modified":"2026-02-05T11:09:06","modified_gmt":"2026-02-05T14:09:06","slug":"banco-de-tierra-del-fuego-profundiza-el-vinculo-con-el-sector-productivo-y-trabaja-en-nuevas-lineas-de-credito","status":"publish","type":"post","link":"https:\/\/hablemosclarotdf.com.ar\/?p=66045","title":{"rendered":"BANCO DE TIERRA DEL FUEGO PROFUNDIZA EL V\u00cdNCULO CON EL SECTOR PRODUCTIVO Y TRABAJA EN NUEVAS L\u00cdNEAS DE CR\u00c9DITO"},"content":{"rendered":"<p>En un encuentro con c\u00e1maras empresariales y organismos claves, la entidad present\u00f3 los avances en financiamiento, destac\u00f3 un crecimiento sostenido de su cartera y adelant\u00f3 proyectos para vivienda y gas.<\/p>\n<p>El Banco de Tierra del Fuego (BTF) llev\u00f3 a cabo una nueva jornada de trabajo con representantes del sector productivo y comercial de la provincia, con el objetivo de fortalecer el v\u00ednculo institucional, dar seguimiento a las acciones implementadas y profundizar el di\u00e1logo sobre las herramientas de financiamiento disponibles.<\/p>\n<p>La reuni\u00f3n, encabezada por el presidente de la entidad, Adri\u00e1n Cosentino, cont\u00f3 con la participaci\u00f3n de c\u00e1maras empresarias, entidades sectoriales y organismos vinculados al desarrollo productivo. El objetivo fue escuchar inquietudes, compartir avances de gesti\u00f3n y presentar la visi\u00f3n estrat\u00e9gica del Banco para el acompa\u00f1amiento de la econom\u00eda local.<\/p>\n<p>Durante el encuentro, las autoridades del BTF expusieron la evoluci\u00f3n de la colocaci\u00f3n de pr\u00e9stamos. Se destac\u00f3 una tendencia de crecimiento sostenido en un contexto econ\u00f3mico desafiante, con financiamiento orientado a la inversi\u00f3n, capital de trabajo y recomposici\u00f3n financiera.<\/p>\n<p>En este marco, se destacaron indicadores que reflejan el crecimiento de la actividad crediticia del Banco. En valores nominales, el otorgamiento de pr\u00e9stamos de la cartera comercial registr\u00f3 un crecimiento del 324 % respecto de diciembre de 2025, mientras que la cartera de consumo evidenci\u00f3 un incremento del 81%, consolidando el acompa\u00f1amiento al sector productivo y a las familias fueguinas.<\/p>\n<p>En detalle, se inform\u00f3 que: La l\u00ednea de capital de trabajo registra alrededor de 82 operaciones por un monto total de $1.980 millones. En tanto, las l\u00edneas para individuos (consolidaci\u00f3n y saneamiento de deudas) suman m\u00e1s de 529 operaciones por un monto superior a los $7.620 millones.<\/p>\n<p>\u201cNuestro objetivo es que el Banco est\u00e9 presente, acompa\u00f1ando al entramado productivo fueguino con herramientas concretas, previsibles y adaptadas a la realidad de cada sector\u201d, se\u00f1al\u00f3 Adri\u00e1n Cosentino.<\/p>\n<p>La jornada tambi\u00e9n sirvi\u00f3 para destacar la articulaci\u00f3n del BTF con el mercado de capitales, a trav\u00e9s de un convenio con el Mercado Argentino de Valores (MAV), que ampl\u00eda las alternativas para las empresas locales.<\/p>\n<p>Asimismo, se repasaron las herramientas disponibles a trav\u00e9s del Fondo de Garant\u00edas para el Desarrollo Fueguino (FOGADEF) y el trabajo articulado con el Consejo Federal de Inversiones (CFI), ambos orientados a facilitar el acceso al cr\u00e9dito y acompa\u00f1ar proyectos de inversi\u00f3n productiva.<\/p>\n<p>\u201cTrabajamos de manera articulada con organismos provinciales y nacionales para ampliar el alcance de nuestras herramientas y acompa\u00f1ar proyectos que generen valor agregado y empleo en la provincia\u201d, remarc\u00f3 el Presidente del Banco.<\/p>\n<p>El BTF anunci\u00f3 que se encuentra trabajando en el dise\u00f1o y an\u00e1lisis de nuevas l\u00edneas de financiamiento, entre las que se destacan: L\u00edneas de cr\u00e9dito hipotecario, para facilitar el acceso a la vivienda. As\u00ed como, cr\u00e9ditos destinados a la conexi\u00f3n de gas domiciliaria, con foco en mejorar las condiciones de habitabilidad y seguridad.<\/p>\n<p>La jornada concluy\u00f3 con el compromiso de dar continuidad a estos espacios de trabajo, estableciendo agendas sectoriales para profundizar el di\u00e1logo y construir soluciones conjuntas para el desarrollo productivo de Tierra del Fuego.<\/p>\n","protected":false},"excerpt":{"rendered":"<p>En un encuentro con c\u00e1maras empresariales y organismos claves, la entidad present\u00f3 los avances en&#8230;<\/p>\n","protected":false},"author":1,"featured_media":66046,"comment_status":"closed","ping_status":"closed","sticky":false,"template":"","format":"standard","meta":{"footnotes":""},"categories":[3],"tags":[],"class_list":["post-66045","post","type-post","status-publish","format-standard","has-post-thumbnail","hentry","category-noticias"],"jetpack_featured_media_url":"https:\/\/hablemosclarotdf.com.ar\/wp-content\/uploads\/2026\/02\/photo_2026-02-05_11-08-32.jpg","_links":{"self":[{"href":"https:\/\/hablemosclarotdf.com.ar\/index.php?rest_route=\/wp\/v2\/posts\/66045","targetHints":{"allow":["GET"]}}],"collection":[{"href":"https:\/\/hablemosclarotdf.com.ar\/index.php?rest_route=\/wp\/v2\/posts"}],"about":[{"href":"https:\/\/hablemosclarotdf.com.ar\/index.php?rest_route=\/wp\/v2\/types\/post"}],"author":[{"embeddable":true,"href":"https:\/\/hablemosclarotdf.com.ar\/index.php?rest_route=\/wp\/v2\/users\/1"}],"replies":[{"embeddable":true,"href":"https:\/\/hablemosclarotdf.com.ar\/index.php?rest_route=%2Fwp%2Fv2%2Fcomments&post=66045"}],"version-history":[{"count":1,"href":"https:\/\/hablemosclarotdf.com.ar\/index.php?rest_route=\/wp\/v2\/posts\/66045\/revisions"}],"predecessor-version":[{"id":66047,"href":"https:\/\/hablemosclarotdf.com.ar\/index.php?rest_route=\/wp\/v2\/posts\/66045\/revisions\/66047"}],"wp:featuredmedia":[{"embeddable":true,"href":"https:\/\/hablemosclarotdf.com.ar\/index.php?rest_route=\/wp\/v2\/media\/66046"}],"wp:attachment":[{"href":"https:\/\/hablemosclarotdf.com.ar\/index.php?rest_route=%2Fwp%2Fv2%2Fmedia&parent=66045"}],"wp:term":[{"taxonomy":"category","embeddable":true,"href":"https:\/\/hablemosclarotdf.com.ar\/index.php?rest_route=%2Fwp%2Fv2%2Fcategories&post=66045"},{"taxonomy":"post_tag","embeddable":true,"href":"https:\/\/hablemosclarotdf.com.ar\/index.php?rest_route=%2Fwp%2Fv2%2Ftags&post=66045"}],"curies":[{"name":"wp","href":"https:\/\/api.w.org\/{rel}","templated":true}]}}