{"id":66038,"date":"2026-02-05T09:42:56","date_gmt":"2026-02-05T12:42:56","guid":{"rendered":"https:\/\/hablemosclarotdf.com.ar\/?p=66038"},"modified":"2026-02-05T09:42:56","modified_gmt":"2026-02-05T12:42:56","slug":"rio-grande-el-municipio-realizo-una-jornada-de-vacunacion-antirrabica-y-adopcion-responsable","status":"publish","type":"post","link":"https:\/\/hablemosclarotdf.com.ar\/?p=66038","title":{"rendered":"RIO GRANDE : EL MUNICIPIO REALIZ\u00d3 UNA JORNADA DE VACUNACI\u00d3N ANTIRR\u00c1BICA Y ADOPCI\u00d3N RESPONSABLE"},"content":{"rendered":"<p>A trav\u00e9s de la Secretar\u00eda de Gesti\u00f3n Ciudadana, el Municipio de R\u00edo Grande llev\u00f3 adelante una nueva jornada gratuita de vacunaci\u00f3n antirr\u00e1bica y adopci\u00f3n responsable destinada a perros y gatos de la ciudad.<\/p>\n<p>La actividad se desarroll\u00f3 el 31 de enero, de 10 a 17 horas, en las instalaciones de la Direcci\u00f3n de Servicios Veterinarios, ubicadas en 25 de Mayo 2937. La misma cont\u00f3 con una importante participaci\u00f3n de vecinos y vecinas que se acercaron junto a sus mascotas para acceder a los distintos servicios.<\/p>\n<p>Durante la jornada se aplicaron 225 dosis de vacunas antirr\u00e1bicas y se realizaron 120 desparasitaciones, fortaleciendo las acciones de prevenci\u00f3n de enfermedades zoon\u00f3ticas y el cuidado integral de los animales de compa\u00f1\u00eda. Asimismo, en el marco de la propuesta de adopci\u00f3n responsable, 2 perros encontraron un nuevo hogar, dando un paso fundamental hacia una vida con cuidados y contenci\u00f3n.<\/p>\n<p>Desde el \u00e1rea se destac\u00f3 la participaci\u00f3n de la comunidad y se record\u00f3 la importancia de sostener el calendario sanitario al d\u00eda, as\u00ed como de promover la adopci\u00f3n responsable como una forma de brindar segundas oportunidades a los animales.<\/p>\n<p>Estas jornadas forman parte del Plan Municipal de Tenencia Responsable que el Municipio impulsa de manera continua, acercando servicios veterinarios esenciales y promoviendo una convivencia m\u00e1s saludable y comprometida entre la comunidad y sus mascotas.<\/p>\n<p><img loading=\"lazy\" decoding=\"async\" class=\"alignnone size-medium wp-image-66040\" src=\"https:\/\/hablemosclarotdf.com.ar\/wp-content\/uploads\/2026\/02\/photo_2026-02-05_09-41-15-300x200.jpg\" alt=\"\" width=\"300\" height=\"200\" srcset=\"https:\/\/hablemosclarotdf.com.ar\/wp-content\/uploads\/2026\/02\/photo_2026-02-05_09-41-15-300x200.jpg 300w, https:\/\/hablemosclarotdf.com.ar\/wp-content\/uploads\/2026\/02\/photo_2026-02-05_09-41-15-1024x682.jpg 1024w, https:\/\/hablemosclarotdf.com.ar\/wp-content\/uploads\/2026\/02\/photo_2026-02-05_09-41-15-768x512.jpg 768w, https:\/\/hablemosclarotdf.com.ar\/wp-content\/uploads\/2026\/02\/photo_2026-02-05_09-41-15.jpg 1280w\" sizes=\"auto, (max-width: 300px) 100vw, 300px\" \/> <img loading=\"lazy\" decoding=\"async\" class=\"alignnone size-medium wp-image-66041\" src=\"https:\/\/hablemosclarotdf.com.ar\/wp-content\/uploads\/2026\/02\/photo_2026-02-05_09-41-19-300x200.jpg\" alt=\"\" width=\"300\" height=\"200\" srcset=\"https:\/\/hablemosclarotdf.com.ar\/wp-content\/uploads\/2026\/02\/photo_2026-02-05_09-41-19-300x200.jpg 300w, https:\/\/hablemosclarotdf.com.ar\/wp-content\/uploads\/2026\/02\/photo_2026-02-05_09-41-19-1024x682.jpg 1024w, https:\/\/hablemosclarotdf.com.ar\/wp-content\/uploads\/2026\/02\/photo_2026-02-05_09-41-19-768x512.jpg 768w, https:\/\/hablemosclarotdf.com.ar\/wp-content\/uploads\/2026\/02\/photo_2026-02-05_09-41-19.jpg 1280w\" sizes=\"auto, (max-width: 300px) 100vw, 300px\" \/> <img loading=\"lazy\" decoding=\"async\" class=\"alignnone size-medium wp-image-66042\" src=\"https:\/\/hablemosclarotdf.com.ar\/wp-content\/uploads\/2026\/02\/photo_2026-02-05_09-41-24-300x200.jpg\" alt=\"\" width=\"300\" height=\"200\" srcset=\"https:\/\/hablemosclarotdf.com.ar\/wp-content\/uploads\/2026\/02\/photo_2026-02-05_09-41-24-300x200.jpg 300w, https:\/\/hablemosclarotdf.com.ar\/wp-content\/uploads\/2026\/02\/photo_2026-02-05_09-41-24-1024x682.jpg 1024w, https:\/\/hablemosclarotdf.com.ar\/wp-content\/uploads\/2026\/02\/photo_2026-02-05_09-41-24-768x512.jpg 768w, https:\/\/hablemosclarotdf.com.ar\/wp-content\/uploads\/2026\/02\/photo_2026-02-05_09-41-24.jpg 1280w\" sizes=\"auto, (max-width: 300px) 100vw, 300px\" \/><\/p>\n","protected":false},"excerpt":{"rendered":"<p>A trav\u00e9s de la Secretar\u00eda de Gesti\u00f3n Ciudadana, el Municipio de R\u00edo Grande llev\u00f3 adelante&#8230;<\/p>\n","protected":false},"author":1,"featured_media":66039,"comment_status":"closed","ping_status":"closed","sticky":false,"template":"","format":"standard","meta":{"footnotes":""},"categories":[3],"tags":[],"class_list":["post-66038","post","type-post","status-publish","format-standard","has-post-thumbnail","hentry","category-noticias"],"jetpack_featured_media_url":"https:\/\/hablemosclarotdf.com.ar\/wp-content\/uploads\/2026\/02\/photo_2026-02-05_09-41-10.jpg","_links":{"self":[{"href":"https:\/\/hablemosclarotdf.com.ar\/index.php?rest_route=\/wp\/v2\/posts\/66038","targetHints":{"allow":["GET"]}}],"collection":[{"href":"https:\/\/hablemosclarotdf.com.ar\/index.php?rest_route=\/wp\/v2\/posts"}],"about":[{"href":"https:\/\/hablemosclarotdf.com.ar\/index.php?rest_route=\/wp\/v2\/types\/post"}],"author":[{"embeddable":true,"href":"https:\/\/hablemosclarotdf.com.ar\/index.php?rest_route=\/wp\/v2\/users\/1"}],"replies":[{"embeddable":true,"href":"https:\/\/hablemosclarotdf.com.ar\/index.php?rest_route=%2Fwp%2Fv2%2Fcomments&post=66038"}],"version-history":[{"count":1,"href":"https:\/\/hablemosclarotdf.com.ar\/index.php?rest_route=\/wp\/v2\/posts\/66038\/revisions"}],"predecessor-version":[{"id":66043,"href":"https:\/\/hablemosclarotdf.com.ar\/index.php?rest_route=\/wp\/v2\/posts\/66038\/revisions\/66043"}],"wp:featuredmedia":[{"embeddable":true,"href":"https:\/\/hablemosclarotdf.com.ar\/index.php?rest_route=\/wp\/v2\/media\/66039"}],"wp:attachment":[{"href":"https:\/\/hablemosclarotdf.com.ar\/index.php?rest_route=%2Fwp%2Fv2%2Fmedia&parent=66038"}],"wp:term":[{"taxonomy":"category","embeddable":true,"href":"https:\/\/hablemosclarotdf.com.ar\/index.php?rest_route=%2Fwp%2Fv2%2Fcategories&post=66038"},{"taxonomy":"post_tag","embeddable":true,"href":"https:\/\/hablemosclarotdf.com.ar\/index.php?rest_route=%2Fwp%2Fv2%2Ftags&post=66038"}],"curies":[{"name":"wp","href":"https:\/\/api.w.org\/{rel}","templated":true}]}}