{"id":66000,"date":"2026-02-04T17:09:32","date_gmt":"2026-02-04T20:09:32","guid":{"rendered":"https:\/\/hablemosclarotdf.com.ar\/?p=66000"},"modified":"2026-02-04T17:09:32","modified_gmt":"2026-02-04T20:09:32","slug":"el-gremio-de-ferrocarriles-y-puertos-respaldo-la-gestion-del-gobernador-para-revertir-la-intervencion-del-puerto-de-ushuaia","status":"publish","type":"post","link":"https:\/\/hablemosclarotdf.com.ar\/?p=66000","title":{"rendered":"EL GREMIO DE FERROCARRILES Y PUERTOS RESPALD\u00d3 LA GESTI\u00d3N DEL GOBERNADOR PARA REVERTIR LA INTERVENCI\u00d3N DEL PUERTO DE USHUAIA"},"content":{"rendered":"<p>El gobernador Gustavo Melella mantuvo una reuni\u00f3n -este mi\u00e9rcoles en Casa Tierra del Fuego- con autoridades de la Asociaci\u00f3n del Personal de Direcci\u00f3n de los Ferrocarriles Argentinos y Puertos (ADPFA), con el fin de coordinar acciones conjuntas destinadas a restituir la administraci\u00f3n provincial del Puerto de Ushuaia, intervenido por el gobierno nacional.<\/p>\n<p>El Secretario de Relaciones Institucionales de la Asociaci\u00f3n del Personal de Direcci\u00f3n de Puertos Argentinos, Ricardo Alonso, se refiri\u00f3 a la reuni\u00f3n mantenida con el Mandatario Provincial y se\u00f1al\u00f3 que \u201cnos venimos a reunir con el Gobernador de Tierra del Fuego para darle apoyo ante la dif\u00edcil situaci\u00f3n que est\u00e1 pasando en el puerto de Ushuaia y coordinar acciones que nos lleven a recuperar la gesti\u00f3n portuaria en el \u00e1mbito de la provincia, que es donde corresponde que est\u00e9\u201d<\/p>\n<p>\u201cNosotros creemos que es una decisi\u00f3n arbitraria del Gobierno Federal, primero porque invade jurisdicci\u00f3n provincial y segundo porque toma por asalto pr\u00e1cticamente por las formas y por el contenido, un organismo que pertenece a la provincia de Tierra del Fuego y que, de repente, hoy est\u00e1 siendo administrado por funcionarios nacionales que no conocen la provincia\u201d, a\u00f1adi\u00f3, al tiempo que remarc\u00f3 el agravante \u201cde que est\u00e1n desviando fondos a cuentas nacionales en lugar de tenerlas en las cuentas del Puerto, que es donde la ley obliga que est\u00e9n esos fondos\u201d.<\/p>\n<p>Asimismo, al referirse a las causas de la intervenci\u00f3n, consider\u00f3 que \u201cUshuaia es un lugar tentador, 550 cruceros al a\u00f1o en plena temporada como est\u00e1 sucediendo ahora, no es despreciable en materia econ\u00f3mica, es un lugar estrat\u00e9gico para el pa\u00eds por su ubicaci\u00f3n, por su cercan\u00eda a la Ant\u00e1rtida, por su cercan\u00eda a Malvinas, por los intereses internacionales que hay detr\u00e1s de la provincia en su conjunto y el Puerto es una herramienta esencial para eso\u201d.<\/p>\n<p>Por otro lado, habl\u00f3 sobre el arribo del avi\u00f3n estadounidense d\u00edas posteriores a la toma del Puerto y opin\u00f3 que \u201cla aparici\u00f3n de un avi\u00f3n sin aviso, sin control del Estado, con legisladores estadounidenses, llama la atenci\u00f3n, nosotros no podemos decir que est\u00e9 vinculado una cosa con la otra, pero realmente llama la atenci\u00f3n\u201d<\/p>\n<p>Finalmente, sostuvo que \u201cestamos convencidos que Ushuaia es la prueba piloto de un plan mayor, de una intervenci\u00f3n del Gobierno Federal de quedarse con los puertos que en los a\u00f1os 90 fueron transferidos a las provincias y algunos hasta privatizados, de eso no tenemos ninguna duda, por eso nuestra preocupaci\u00f3n\u201d.<\/p>\n<p>El Gobernador Melella ratific\u00f3 el compromiso de su gesti\u00f3n en defender las competencias provinciales y la autonom\u00eda fueguina, con el fin de revertir la intervenci\u00f3n y garantizar la correcta administraci\u00f3n de un recurso estrat\u00e9gico para el desarrollo fueguino<\/p>\n<p><img loading=\"lazy\" decoding=\"async\" class=\"alignnone size-medium wp-image-66002\" src=\"https:\/\/hablemosclarotdf.com.ar\/wp-content\/uploads\/2026\/02\/photo_2026-02-04_17-03-48-1-300x200.jpg\" alt=\"\" width=\"300\" height=\"200\" srcset=\"https:\/\/hablemosclarotdf.com.ar\/wp-content\/uploads\/2026\/02\/photo_2026-02-04_17-03-48-1-300x200.jpg 300w, https:\/\/hablemosclarotdf.com.ar\/wp-content\/uploads\/2026\/02\/photo_2026-02-04_17-03-48-1-1024x683.jpg 1024w, https:\/\/hablemosclarotdf.com.ar\/wp-content\/uploads\/2026\/02\/photo_2026-02-04_17-03-48-1-768x512.jpg 768w, https:\/\/hablemosclarotdf.com.ar\/wp-content\/uploads\/2026\/02\/photo_2026-02-04_17-03-48-1.jpg 1280w\" sizes=\"auto, (max-width: 300px) 100vw, 300px\" \/><\/p>\n","protected":false},"excerpt":{"rendered":"<p>El gobernador Gustavo Melella mantuvo una reuni\u00f3n -este mi\u00e9rcoles en Casa Tierra del Fuego- con&#8230;<\/p>\n","protected":false},"author":1,"featured_media":66001,"comment_status":"closed","ping_status":"closed","sticky":false,"template":"","format":"standard","meta":{"footnotes":""},"categories":[3],"tags":[],"class_list":["post-66000","post","type-post","status-publish","format-standard","has-post-thumbnail","hentry","category-noticias"],"jetpack_featured_media_url":"https:\/\/hablemosclarotdf.com.ar\/wp-content\/uploads\/2026\/02\/photo_2026-02-04_17-03-48.jpg","_links":{"self":[{"href":"https:\/\/hablemosclarotdf.com.ar\/index.php?rest_route=\/wp\/v2\/posts\/66000","targetHints":{"allow":["GET"]}}],"collection":[{"href":"https:\/\/hablemosclarotdf.com.ar\/index.php?rest_route=\/wp\/v2\/posts"}],"about":[{"href":"https:\/\/hablemosclarotdf.com.ar\/index.php?rest_route=\/wp\/v2\/types\/post"}],"author":[{"embeddable":true,"href":"https:\/\/hablemosclarotdf.com.ar\/index.php?rest_route=\/wp\/v2\/users\/1"}],"replies":[{"embeddable":true,"href":"https:\/\/hablemosclarotdf.com.ar\/index.php?rest_route=%2Fwp%2Fv2%2Fcomments&post=66000"}],"version-history":[{"count":1,"href":"https:\/\/hablemosclarotdf.com.ar\/index.php?rest_route=\/wp\/v2\/posts\/66000\/revisions"}],"predecessor-version":[{"id":66003,"href":"https:\/\/hablemosclarotdf.com.ar\/index.php?rest_route=\/wp\/v2\/posts\/66000\/revisions\/66003"}],"wp:featuredmedia":[{"embeddable":true,"href":"https:\/\/hablemosclarotdf.com.ar\/index.php?rest_route=\/wp\/v2\/media\/66001"}],"wp:attachment":[{"href":"https:\/\/hablemosclarotdf.com.ar\/index.php?rest_route=%2Fwp%2Fv2%2Fmedia&parent=66000"}],"wp:term":[{"taxonomy":"category","embeddable":true,"href":"https:\/\/hablemosclarotdf.com.ar\/index.php?rest_route=%2Fwp%2Fv2%2Fcategories&post=66000"},{"taxonomy":"post_tag","embeddable":true,"href":"https:\/\/hablemosclarotdf.com.ar\/index.php?rest_route=%2Fwp%2Fv2%2Ftags&post=66000"}],"curies":[{"name":"wp","href":"https:\/\/api.w.org\/{rel}","templated":true}]}}