{"id":65995,"date":"2026-02-04T16:59:02","date_gmt":"2026-02-04T19:59:02","guid":{"rendered":"https:\/\/hablemosclarotdf.com.ar\/?p=65995"},"modified":"2026-02-04T16:59:02","modified_gmt":"2026-02-04T19:59:02","slug":"rio-grande-el-intendente-acompano-el-cambio-de-mando-de-la-prefectura-naval-rio-grande","status":"publish","type":"post","link":"https:\/\/hablemosclarotdf.com.ar\/?p=65995","title":{"rendered":"RIO GRANDE : EL INTENDENTE ACOMPA\u00d1\u00d3 EL CAMBIO DE MANDO DE LA PREFECTURA NAVAL R\u00cdO GRANDE"},"content":{"rendered":"<p>Prensa Municipal RGA \ud83d\uddde, [4\/2\/2026 4:10 p. m.]<br \/>\nEL INTENDENTE ACOMPA\u00d1\u00d3 EL CAMBIO DE MANDO DE LA PREFECTURA NAVAL R\u00cdO GRANDE<\/p>\n<p>El intendente Mart\u00edn Perez particip\u00f3 del acto oficial de cambio de jefatura en la Prefectura Naval Argentina con asiento en la ciudad, en el marco de una ceremonia institucional que cont\u00f3 con la presencia de autoridades civiles y de la fuerza.<\/p>\n<p>El acto se desarroll\u00f3 en la sede de la autoridad mar\u00edtima, donde asumi\u00f3 como nuevo jefe de la Prefectura R\u00edo Grande el prefecto Carlos Maximiliano G\u00faspero. El evento fue encabezado por el jefe de la Prefectura local, Prefecto Principal V\u00edctor Hugo Delgado.<\/p>\n<p>En ese contexto, el Intendente destac\u00f3 la importancia de mantener una relaci\u00f3n de trabajo coordinada y permanente entre el Municipio y la Prefectura Naval. \u201cVamos a seguir fortaleciendo una relaci\u00f3n de trabajo y coordinaci\u00f3n permanente, porque es muy necesario que estemos bien vinculados\u201d, se\u00f1al\u00f3 el mandatario local.<\/p>\n<p>Asimismo, el jefe comunal subray\u00f3 el rol estrat\u00e9gico que cumple la Prefectura en una ciudad con una profunda identidad vinculada al r\u00edo y al mar. \u201cR\u00edo Grande es una ciudad que creci\u00f3 a la orilla de un r\u00edo y tiene una historia muy fuerte ligada a eso. Hace mucho tiempo venimos intentando recuperar esa mirada, volver a mirar al r\u00edo y al mar, y en ese sentido la Prefectura es un organismo central\u201d, expres\u00f3.<\/p>\n<p>P\u00e9rez valor\u00f3 especialmente el trabajo articulado que se viene desarrollando con distintas \u00e1reas operativas del Municipio, como Defensa Civil, y record\u00f3 acciones conjuntas vinculadas a la seguridad y la prevenci\u00f3n. \u201cSe ha trabajado muy bien, con un compromiso permanente de la Prefectura ante situaciones sensibles que atraves\u00f3 la ciudad\u201d, indic\u00f3.<\/p>\n<p>Finalmente, el intendente resalt\u00f3 que la recuperaci\u00f3n de la identidad ribere\u00f1a y mar\u00edtima de R\u00edo Grande es un desaf\u00edo colectivo que requiere del compromiso de todas las instituciones. \u201cConsolidar una ciudad que vuelva a mirar al r\u00edo y al mar implica trabajo conjunto, planificaci\u00f3n y presencia del Estado, y la Prefectura cumple un rol fundamental en ese camino\u201d, concluy\u00f3.<\/p>\n<p>En el acto tambi\u00e9n estuvieron presentes el secretario de Gesti\u00f3n Ciudadana, Gonzalo Ferro; el secretario de Salud, Agust\u00edn Perez; la secretar\u00eda de Finanzas, Valeria Capotorto; el gerente de la Agencia Municipal de Deportes, Cultura y Turismo, Sebasti\u00e1n Benda\u00f1a; personal de Defensa Civil, funcionarios del gabinete municipal, efectivos de la Polic\u00eda, Veteranos de Guerra de Malvinas, entre otras instituciones locales.<\/p>\n<p>Prensa Municipal RGA \ud83d\uddde, [4\/2\/2026 4:10 p. m.]<\/p>\n<p>Prensa Municipal RGA \ud83d\uddde, [4\/2\/2026 4:10 p. m.]<\/p>\n<p><img loading=\"lazy\" decoding=\"async\" class=\"alignnone size-medium wp-image-65997\" src=\"https:\/\/hablemosclarotdf.com.ar\/wp-content\/uploads\/2026\/02\/photo_2026-02-04_16-55-38-300x200.jpg\" alt=\"\" width=\"300\" height=\"200\" srcset=\"https:\/\/hablemosclarotdf.com.ar\/wp-content\/uploads\/2026\/02\/photo_2026-02-04_16-55-38-300x200.jpg 300w, https:\/\/hablemosclarotdf.com.ar\/wp-content\/uploads\/2026\/02\/photo_2026-02-04_16-55-38-1024x682.jpg 1024w, https:\/\/hablemosclarotdf.com.ar\/wp-content\/uploads\/2026\/02\/photo_2026-02-04_16-55-38-768x512.jpg 768w, https:\/\/hablemosclarotdf.com.ar\/wp-content\/uploads\/2026\/02\/photo_2026-02-04_16-55-38.jpg 1280w\" sizes=\"auto, (max-width: 300px) 100vw, 300px\" \/> <img loading=\"lazy\" decoding=\"async\" class=\"alignnone size-medium wp-image-65998\" src=\"https:\/\/hablemosclarotdf.com.ar\/wp-content\/uploads\/2026\/02\/photo_2026-02-04_16-55-44-300x200.jpg\" alt=\"\" width=\"300\" height=\"200\" srcset=\"https:\/\/hablemosclarotdf.com.ar\/wp-content\/uploads\/2026\/02\/photo_2026-02-04_16-55-44-300x200.jpg 300w, https:\/\/hablemosclarotdf.com.ar\/wp-content\/uploads\/2026\/02\/photo_2026-02-04_16-55-44-1024x682.jpg 1024w, https:\/\/hablemosclarotdf.com.ar\/wp-content\/uploads\/2026\/02\/photo_2026-02-04_16-55-44-768x512.jpg 768w, https:\/\/hablemosclarotdf.com.ar\/wp-content\/uploads\/2026\/02\/photo_2026-02-04_16-55-44.jpg 1280w\" sizes=\"auto, (max-width: 300px) 100vw, 300px\" \/><\/p>\n","protected":false},"excerpt":{"rendered":"<p>Prensa Municipal RGA \ud83d\uddde, [4\/2\/2026 4:10 p. m.] EL INTENDENTE ACOMPA\u00d1\u00d3 EL CAMBIO DE MANDO&#8230;<\/p>\n","protected":false},"author":1,"featured_media":65996,"comment_status":"closed","ping_status":"closed","sticky":false,"template":"","format":"standard","meta":{"footnotes":""},"categories":[3],"tags":[],"class_list":["post-65995","post","type-post","status-publish","format-standard","has-post-thumbnail","hentry","category-noticias"],"jetpack_featured_media_url":"https:\/\/hablemosclarotdf.com.ar\/wp-content\/uploads\/2026\/02\/photo_2026-02-04_16-54-59.jpg","_links":{"self":[{"href":"https:\/\/hablemosclarotdf.com.ar\/index.php?rest_route=\/wp\/v2\/posts\/65995","targetHints":{"allow":["GET"]}}],"collection":[{"href":"https:\/\/hablemosclarotdf.com.ar\/index.php?rest_route=\/wp\/v2\/posts"}],"about":[{"href":"https:\/\/hablemosclarotdf.com.ar\/index.php?rest_route=\/wp\/v2\/types\/post"}],"author":[{"embeddable":true,"href":"https:\/\/hablemosclarotdf.com.ar\/index.php?rest_route=\/wp\/v2\/users\/1"}],"replies":[{"embeddable":true,"href":"https:\/\/hablemosclarotdf.com.ar\/index.php?rest_route=%2Fwp%2Fv2%2Fcomments&post=65995"}],"version-history":[{"count":1,"href":"https:\/\/hablemosclarotdf.com.ar\/index.php?rest_route=\/wp\/v2\/posts\/65995\/revisions"}],"predecessor-version":[{"id":65999,"href":"https:\/\/hablemosclarotdf.com.ar\/index.php?rest_route=\/wp\/v2\/posts\/65995\/revisions\/65999"}],"wp:featuredmedia":[{"embeddable":true,"href":"https:\/\/hablemosclarotdf.com.ar\/index.php?rest_route=\/wp\/v2\/media\/65996"}],"wp:attachment":[{"href":"https:\/\/hablemosclarotdf.com.ar\/index.php?rest_route=%2Fwp%2Fv2%2Fmedia&parent=65995"}],"wp:term":[{"taxonomy":"category","embeddable":true,"href":"https:\/\/hablemosclarotdf.com.ar\/index.php?rest_route=%2Fwp%2Fv2%2Fcategories&post=65995"},{"taxonomy":"post_tag","embeddable":true,"href":"https:\/\/hablemosclarotdf.com.ar\/index.php?rest_route=%2Fwp%2Fv2%2Ftags&post=65995"}],"curies":[{"name":"wp","href":"https:\/\/api.w.org\/{rel}","templated":true}]}}