{"id":65976,"date":"2026-02-04T15:32:20","date_gmt":"2026-02-04T18:32:20","guid":{"rendered":"https:\/\/hablemosclarotdf.com.ar\/?p=65976"},"modified":"2026-02-04T15:32:20","modified_gmt":"2026-02-04T18:32:20","slug":"los-polos-creativos-impulsan-una-capacitacion-en-inteligencia-artificial-para-docentes-de-la-provincia","status":"publish","type":"post","link":"https:\/\/hablemosclarotdf.com.ar\/?p=65976","title":{"rendered":"LOS POLOS CREATIVOS IMPULSAN UNA CAPACITACI\u00d3N EN INTELIGENCIA ARTIFICIAL PARA DOCENTES DE LA PROVINCIA"},"content":{"rendered":"<p>El Gobierno de la Provincia, a trav\u00e9s de los Polos Creativos, llevar\u00e1 adelante el Taller de Introducci\u00f3n y Aplicaci\u00f3n de la Inteligencia Artificial para Docentes, una propuesta de capacitaci\u00f3n presencial destinada a docentes de Nivel Primario y Secundario, as\u00ed como a estudiantes en formaci\u00f3n docente de toda la provincia.<\/p>\n<p>El taller se enmarca en los lineamientos provinciales de innovaci\u00f3n educativa, con el objetivo de brindar herramientas accesibles y estrategias de aplicaci\u00f3n inmediata que permitan mejorar las pr\u00e1cticas de aula mediante el uso responsable, contextualizado y pedag\u00f3gico de la Inteligencia Artificial, fortaleciendo al mismo tiempo la identidad fueguina.<\/p>\n<p>La propuesta tendr\u00e1 un enfoque eminentemente pr\u00e1ctico, priorizando un lenguaje claro y cercano, sin tecnicismos innecesarios, para que las y los docentes puedan aplicar los conocimientos adquiridos en sus clases desde el d\u00eda siguiente. Durante el taller se trabajar\u00e1 sobre la integraci\u00f3n de contenidos vinculados a la cultura, la geograf\u00eda y la historia local, promoviendo propuestas pedag\u00f3gicas situadas en el territorio.<\/p>\n<p>Entre los principales objetivos se destacan la comprensi\u00f3n b\u00e1sica de qu\u00e9 es la Inteligencia Artificial y c\u00f3mo est\u00e1 transformando el \u00e1mbito educativo; la exploraci\u00f3n y uso de herramientas accesibles como ChatGPT y generadores de im\u00e1genes; el dise\u00f1o de actividades de aula creativas que incorporen recursos generados con IA; y la reflexi\u00f3n sobre los beneficios, limitaciones y consideraciones \u00e9ticas de su utilizaci\u00f3n en contextos educativos.<\/p>\n<p>Asimismo, se abordar\u00e1 el potencial de la Inteligencia Artificial para favorecer la atenci\u00f3n a la diversidad, generando variantes de materiales did\u00e1cticos adaptados a distintos estilos y ritmos de aprendizaje.<\/p>\n<p>El Taller de Introducci\u00f3n y Aplicaci\u00f3n de la Inteligencia Artificial para Docentes se desarrollar\u00e1 en modalidad presencial, seg\u00fan el siguiente cronograma: en R\u00edo Grande, el mi\u00e9rcoles 11 de febrero de 15:00 a 17:00 hs. En Tolhuin, el jueves 12 de 15:00 a 17:00 hs en Ushuaia el viernes 13 de febrero de 15:00 a 17:00 hs.<\/p>\n<p>Con esta iniciativa, los Polos Creativos y la Agencia de Innovaci\u00f3n contin\u00faan fortaleciendo la formaci\u00f3n docente, promoviendo el uso cr\u00edtico y creativo de nuevas tecnolog\u00edas y acompa\u00f1ando la transformaci\u00f3n de las pr\u00e1cticas educativas en Tierra del Fuego.<\/p>\n","protected":false},"excerpt":{"rendered":"<p>El Gobierno de la Provincia, a trav\u00e9s de los Polos Creativos, llevar\u00e1 adelante el Taller&#8230;<\/p>\n","protected":false},"author":1,"featured_media":65977,"comment_status":"closed","ping_status":"closed","sticky":false,"template":"","format":"standard","meta":{"footnotes":""},"categories":[3],"tags":[],"class_list":["post-65976","post","type-post","status-publish","format-standard","has-post-thumbnail","hentry","category-noticias"],"jetpack_featured_media_url":"https:\/\/hablemosclarotdf.com.ar\/wp-content\/uploads\/2026\/02\/photo_2026-02-04_15-30-35.jpg","_links":{"self":[{"href":"https:\/\/hablemosclarotdf.com.ar\/index.php?rest_route=\/wp\/v2\/posts\/65976","targetHints":{"allow":["GET"]}}],"collection":[{"href":"https:\/\/hablemosclarotdf.com.ar\/index.php?rest_route=\/wp\/v2\/posts"}],"about":[{"href":"https:\/\/hablemosclarotdf.com.ar\/index.php?rest_route=\/wp\/v2\/types\/post"}],"author":[{"embeddable":true,"href":"https:\/\/hablemosclarotdf.com.ar\/index.php?rest_route=\/wp\/v2\/users\/1"}],"replies":[{"embeddable":true,"href":"https:\/\/hablemosclarotdf.com.ar\/index.php?rest_route=%2Fwp%2Fv2%2Fcomments&post=65976"}],"version-history":[{"count":1,"href":"https:\/\/hablemosclarotdf.com.ar\/index.php?rest_route=\/wp\/v2\/posts\/65976\/revisions"}],"predecessor-version":[{"id":65978,"href":"https:\/\/hablemosclarotdf.com.ar\/index.php?rest_route=\/wp\/v2\/posts\/65976\/revisions\/65978"}],"wp:featuredmedia":[{"embeddable":true,"href":"https:\/\/hablemosclarotdf.com.ar\/index.php?rest_route=\/wp\/v2\/media\/65977"}],"wp:attachment":[{"href":"https:\/\/hablemosclarotdf.com.ar\/index.php?rest_route=%2Fwp%2Fv2%2Fmedia&parent=65976"}],"wp:term":[{"taxonomy":"category","embeddable":true,"href":"https:\/\/hablemosclarotdf.com.ar\/index.php?rest_route=%2Fwp%2Fv2%2Fcategories&post=65976"},{"taxonomy":"post_tag","embeddable":true,"href":"https:\/\/hablemosclarotdf.com.ar\/index.php?rest_route=%2Fwp%2Fv2%2Ftags&post=65976"}],"curies":[{"name":"wp","href":"https:\/\/api.w.org\/{rel}","templated":true}]}}