{"id":65972,"date":"2026-02-04T15:30:15","date_gmt":"2026-02-04T18:30:15","guid":{"rendered":"https:\/\/hablemosclarotdf.com.ar\/?p=65972"},"modified":"2026-02-04T15:30:15","modified_gmt":"2026-02-04T18:30:15","slug":"rio-grande-condolencias-37","status":"publish","type":"post","link":"https:\/\/hablemosclarotdf.com.ar\/?p=65972","title":{"rendered":"RIO GRANDE : CONDOLENCIAS"},"content":{"rendered":"<p>El intendente Mart\u00edn Perez, miembros del Gabinete y trabajadores municipales expresan su m\u00e1s profundo pesar por el fallecimiento del Veterano de la Guerra de Malvinas, Ricardo Juan Polizzi.<\/p>\n<p>Ricardo fue un h\u00e9roe de la Patria y un veterano que honr\u00f3 a la Naci\u00f3n. Form\u00f3 parte de la Armada Argentina, integrando el Batall\u00f3n de Veh\u00edculos Anfibios como Cabo Principal, participando del conflicto b\u00e9lico de 1982.<\/p>\n<p>El Intendente hace llegar su acompa\u00f1amiento a familiares, amigos y seres queridos, deseando que encuentren paz y consuelo en este dif\u00edcil momento, y elevando una plegaria por el eterno descanso de su alma.<\/p>\n","protected":false},"excerpt":{"rendered":"<p>El intendente Mart\u00edn Perez, miembros del Gabinete y trabajadores municipales expresan su m\u00e1s profundo pesar&#8230;<\/p>\n","protected":false},"author":1,"featured_media":65973,"comment_status":"closed","ping_status":"closed","sticky":false,"template":"","format":"standard","meta":{"footnotes":""},"categories":[3],"tags":[],"class_list":["post-65972","post","type-post","status-publish","format-standard","has-post-thumbnail","hentry","category-noticias"],"jetpack_featured_media_url":"https:\/\/hablemosclarotdf.com.ar\/wp-content\/uploads\/2026\/02\/download.jpg","_links":{"self":[{"href":"https:\/\/hablemosclarotdf.com.ar\/index.php?rest_route=\/wp\/v2\/posts\/65972","targetHints":{"allow":["GET"]}}],"collection":[{"href":"https:\/\/hablemosclarotdf.com.ar\/index.php?rest_route=\/wp\/v2\/posts"}],"about":[{"href":"https:\/\/hablemosclarotdf.com.ar\/index.php?rest_route=\/wp\/v2\/types\/post"}],"author":[{"embeddable":true,"href":"https:\/\/hablemosclarotdf.com.ar\/index.php?rest_route=\/wp\/v2\/users\/1"}],"replies":[{"embeddable":true,"href":"https:\/\/hablemosclarotdf.com.ar\/index.php?rest_route=%2Fwp%2Fv2%2Fcomments&post=65972"}],"version-history":[{"count":1,"href":"https:\/\/hablemosclarotdf.com.ar\/index.php?rest_route=\/wp\/v2\/posts\/65972\/revisions"}],"predecessor-version":[{"id":65974,"href":"https:\/\/hablemosclarotdf.com.ar\/index.php?rest_route=\/wp\/v2\/posts\/65972\/revisions\/65974"}],"wp:featuredmedia":[{"embeddable":true,"href":"https:\/\/hablemosclarotdf.com.ar\/index.php?rest_route=\/wp\/v2\/media\/65973"}],"wp:attachment":[{"href":"https:\/\/hablemosclarotdf.com.ar\/index.php?rest_route=%2Fwp%2Fv2%2Fmedia&parent=65972"}],"wp:term":[{"taxonomy":"category","embeddable":true,"href":"https:\/\/hablemosclarotdf.com.ar\/index.php?rest_route=%2Fwp%2Fv2%2Fcategories&post=65972"},{"taxonomy":"post_tag","embeddable":true,"href":"https:\/\/hablemosclarotdf.com.ar\/index.php?rest_route=%2Fwp%2Fv2%2Ftags&post=65972"}],"curies":[{"name":"wp","href":"https:\/\/api.w.org\/{rel}","templated":true}]}}