{"id":65969,"date":"2026-02-04T12:32:20","date_gmt":"2026-02-04T15:32:20","guid":{"rendered":"https:\/\/hablemosclarotdf.com.ar\/?p=65969"},"modified":"2026-02-04T12:32:20","modified_gmt":"2026-02-04T15:32:20","slug":"rip-grande-este-fin-de-semana-llega-el-carnaval-al-barrio-chacra-ii","status":"publish","type":"post","link":"https:\/\/hablemosclarotdf.com.ar\/?p=65969","title":{"rendered":"RIP GRANDE : ESTE FIN DE SEMANA LLEGA EL CARNAVAL AL BARRIO CHACRA II"},"content":{"rendered":"<p>Este domingo 8 de febrero, a partir de las 15 horas, el Municipio de R\u00edo Grande dar\u00e1 continuidad a la celebraci\u00f3n de los Carnavales Barriales 2026 en el barrio Chacra II, en la intersecci\u00f3n de Prefectura y Aeroposta Naval.<\/p>\n<p>Se trata de una fiesta popular que se realiza de forma descentralizada, con el objetivo de que todas y todos los riograndenses puedan disfrutar de los carnavales cerca de sus hogares.<\/p>\n<p>En esta oportunidad, participar\u00e1n de la fiesta: Comparsa Tricolor; LaLoLa; Murga Explosiva Pizpireta; Comparsa Folklorica &#8220;Raices Andinas&#8221;; junto a la banda Municipal de M\u00fasica y el grupo musical &#8220;Q&#8217; Descontrol&#8221;.<\/p>\n<p>El pr\u00f3ximo festejo ser\u00e1 el 15 de febrero, con el evento central que se realizar\u00e1 sobre la Avenida Perito Moreno, donde participar\u00e1n agrupaciones locales y de distintas ciudades de la provincia, ofreciendo una propuesta pensada para el disfrute de toda la familia.<\/p>\n<p>De esta manera, el Municipio invita a las vecinas y vecinos a ser parte de estos festejos culturales y a continuar celebrando, en comunidad, una de las expresiones m\u00e1s representativas de nuestra identidad popular.<\/p>\n","protected":false},"excerpt":{"rendered":"<p>Este domingo 8 de febrero, a partir de las 15 horas, el Municipio de R\u00edo&#8230;<\/p>\n","protected":false},"author":1,"featured_media":65970,"comment_status":"closed","ping_status":"closed","sticky":false,"template":"","format":"standard","meta":{"footnotes":""},"categories":[3],"tags":[],"class_list":["post-65969","post","type-post","status-publish","format-standard","has-post-thumbnail","hentry","category-noticias"],"jetpack_featured_media_url":"https:\/\/hablemosclarotdf.com.ar\/wp-content\/uploads\/2026\/02\/photo_2026-02-04_12-31-55.jpg","_links":{"self":[{"href":"https:\/\/hablemosclarotdf.com.ar\/index.php?rest_route=\/wp\/v2\/posts\/65969","targetHints":{"allow":["GET"]}}],"collection":[{"href":"https:\/\/hablemosclarotdf.com.ar\/index.php?rest_route=\/wp\/v2\/posts"}],"about":[{"href":"https:\/\/hablemosclarotdf.com.ar\/index.php?rest_route=\/wp\/v2\/types\/post"}],"author":[{"embeddable":true,"href":"https:\/\/hablemosclarotdf.com.ar\/index.php?rest_route=\/wp\/v2\/users\/1"}],"replies":[{"embeddable":true,"href":"https:\/\/hablemosclarotdf.com.ar\/index.php?rest_route=%2Fwp%2Fv2%2Fcomments&post=65969"}],"version-history":[{"count":1,"href":"https:\/\/hablemosclarotdf.com.ar\/index.php?rest_route=\/wp\/v2\/posts\/65969\/revisions"}],"predecessor-version":[{"id":65971,"href":"https:\/\/hablemosclarotdf.com.ar\/index.php?rest_route=\/wp\/v2\/posts\/65969\/revisions\/65971"}],"wp:featuredmedia":[{"embeddable":true,"href":"https:\/\/hablemosclarotdf.com.ar\/index.php?rest_route=\/wp\/v2\/media\/65970"}],"wp:attachment":[{"href":"https:\/\/hablemosclarotdf.com.ar\/index.php?rest_route=%2Fwp%2Fv2%2Fmedia&parent=65969"}],"wp:term":[{"taxonomy":"category","embeddable":true,"href":"https:\/\/hablemosclarotdf.com.ar\/index.php?rest_route=%2Fwp%2Fv2%2Fcategories&post=65969"},{"taxonomy":"post_tag","embeddable":true,"href":"https:\/\/hablemosclarotdf.com.ar\/index.php?rest_route=%2Fwp%2Fv2%2Ftags&post=65969"}],"curies":[{"name":"wp","href":"https:\/\/api.w.org\/{rel}","templated":true}]}}