{"id":65962,"date":"2026-02-04T12:30:17","date_gmt":"2026-02-04T15:30:17","guid":{"rendered":"https:\/\/hablemosclarotdf.com.ar\/?p=65962"},"modified":"2026-02-04T12:30:17","modified_gmt":"2026-02-04T15:30:17","slug":"el-gobierno-provincial-lanza-capacitacion-en-acuicultura-y-miticultura-para-fortalecer-el-sector-pesquero-fueguino","status":"publish","type":"post","link":"https:\/\/hablemosclarotdf.com.ar\/?p=65962","title":{"rendered":"EL GOBIERNO PROVINCIAL LANZA CAPACITACI\u00d3N EN ACUICULTURA Y MITICULTURA PARA FORTALECER EL SECTOR PESQUERO FUEGUINO"},"content":{"rendered":"<p>El Gobierno de la Provincia dio inicio al curso de capacitaci\u00f3n t\u00e9cnica \u201cIntroducci\u00f3n a la Producci\u00f3n Acu\u00edcola y Mitilicultura\u201d, una iniciativa abierta al p\u00fablico en general que se enmarca en las acciones de fortalecimiento del sector pesquero y acu\u00edcola provincial.<\/p>\n<p>La formaci\u00f3n, dictada por el Centro de Capacitaci\u00f3n y Formaci\u00f3n Mar\u00edtima (CECAFMA), tiene como objetivo brindar herramientas concretas para la formaci\u00f3n y empleabilidad en el sector, en consonancia con la recientemente sancionada Ley Provincial de Acuicultura N.\u00ba 1.601 y los lineamientos de planificaci\u00f3n para el desarrollo sustentable de la actividad.<\/p>\n<p>En esta edici\u00f3n, se ha garantizado la participaci\u00f3n de un cupo de integrantes de la Asociaci\u00f3n \u201cMirando al Mar\u201d de R\u00edo Grande, con el prop\u00f3sito de profesionalizar su labor y promover una participaci\u00f3n equitativa en un \u00e1mbito hist\u00f3ricamente masculinizado, fomentando as\u00ed el crecimiento del sector con inclusi\u00f3n e igualdad de oportunidades.<\/p>\n<p>El subsecretario de Coordinaci\u00f3n Pesquera y Acu\u00edcola, Diego Marzioni, destac\u00f3 la importancia de esta iniciativa: \u201ccuando hablamos de los motores del desarrollo acu\u00edcola en Tierra del Fuego, hablamos de tres cosas bien concretas: empleo fueguino, agregado de valor en origen y sustentabilidad con reglas claras. La Ley 1.601 es una herramienta para transformar recursos en oportunidades reales, formando a nuestra gente, articulando con el sector productivo y asegurando que todo se haga con responsabilidad social, ambiental y econ\u00f3mica\u201d.<\/p>\n<p>Asimismo, Marzioni se\u00f1al\u00f3 que \u201cla transformaci\u00f3n responsable de los recursos naturales requiere mano de obra local calificada: t\u00e9cnicos, profesionales y trabajadores formados en la provincia. Por eso, uno de los primeros pasos fue crear el CECAFMA, destinado a la gente de mar y a las tareas acu\u00edcolas\u201d.<\/p>\n<p>El curso se desarrollar\u00e1 a lo largo de cinco encuentros, en los que se abordar\u00e1n contenidos vinculados a las bases de la mitilicultura, sistemas de cultivo suspendido, manejo de cultivos, criterios ambientales y el rol estrat\u00e9gico del Centro de Expedici\u00f3n M\u00f3vil de Puerto Almanza como herramienta de apoyo operativo para la actividad.<\/p>\n<p>Esta acci\u00f3n forma parte del plan integral que la Provincia impulsa para el desarrollo de la acuicultura sostenible, generando nuevas oportunidades laborales y promoviendo la agregaci\u00f3n de valor en origen.<\/p>\n<p>La capacitaci\u00f3n \u201cIntroducci\u00f3n a la Producci\u00f3n Acu\u00edcola y Mitilicultura\u201d es organizada por el Gobierno de la Provincia a trav\u00e9s de la Subsecretar\u00eda de Coordinaci\u00f3n Pesquera y Acu\u00edcola, con el apoyo del CECAFMA, y se enmarca en los lineamientos de la Ley Provincial de Acuicultura N\u00ba 1.601.<\/p>\n<p><img loading=\"lazy\" decoding=\"async\" class=\"alignnone size-medium wp-image-65964\" src=\"https:\/\/hablemosclarotdf.com.ar\/wp-content\/uploads\/2026\/02\/photo_2026-02-04_12-25-46-300x200.jpg\" alt=\"\" width=\"300\" height=\"200\" srcset=\"https:\/\/hablemosclarotdf.com.ar\/wp-content\/uploads\/2026\/02\/photo_2026-02-04_12-25-46-300x200.jpg 300w, https:\/\/hablemosclarotdf.com.ar\/wp-content\/uploads\/2026\/02\/photo_2026-02-04_12-25-46-1024x683.jpg 1024w, https:\/\/hablemosclarotdf.com.ar\/wp-content\/uploads\/2026\/02\/photo_2026-02-04_12-25-46-768x512.jpg 768w, https:\/\/hablemosclarotdf.com.ar\/wp-content\/uploads\/2026\/02\/photo_2026-02-04_12-25-46.jpg 1280w\" sizes=\"auto, (max-width: 300px) 100vw, 300px\" \/> <img loading=\"lazy\" decoding=\"async\" class=\"alignnone size-medium wp-image-65965\" src=\"https:\/\/hablemosclarotdf.com.ar\/wp-content\/uploads\/2026\/02\/photo_2026-02-04_12-25-50-300x200.jpg\" alt=\"\" width=\"300\" height=\"200\" srcset=\"https:\/\/hablemosclarotdf.com.ar\/wp-content\/uploads\/2026\/02\/photo_2026-02-04_12-25-50-300x200.jpg 300w, https:\/\/hablemosclarotdf.com.ar\/wp-content\/uploads\/2026\/02\/photo_2026-02-04_12-25-50-1024x683.jpg 1024w, https:\/\/hablemosclarotdf.com.ar\/wp-content\/uploads\/2026\/02\/photo_2026-02-04_12-25-50-768x512.jpg 768w, https:\/\/hablemosclarotdf.com.ar\/wp-content\/uploads\/2026\/02\/photo_2026-02-04_12-25-50.jpg 1280w\" sizes=\"auto, (max-width: 300px) 100vw, 300px\" \/><\/p>\n","protected":false},"excerpt":{"rendered":"<p>El Gobierno de la Provincia dio inicio al curso de capacitaci\u00f3n t\u00e9cnica \u201cIntroducci\u00f3n a la&#8230;<\/p>\n","protected":false},"author":1,"featured_media":65963,"comment_status":"closed","ping_status":"closed","sticky":false,"template":"","format":"standard","meta":{"footnotes":""},"categories":[3],"tags":[],"class_list":["post-65962","post","type-post","status-publish","format-standard","has-post-thumbnail","hentry","category-noticias"],"jetpack_featured_media_url":"https:\/\/hablemosclarotdf.com.ar\/wp-content\/uploads\/2026\/02\/photo_2026-02-04_12-25-42.jpg","_links":{"self":[{"href":"https:\/\/hablemosclarotdf.com.ar\/index.php?rest_route=\/wp\/v2\/posts\/65962","targetHints":{"allow":["GET"]}}],"collection":[{"href":"https:\/\/hablemosclarotdf.com.ar\/index.php?rest_route=\/wp\/v2\/posts"}],"about":[{"href":"https:\/\/hablemosclarotdf.com.ar\/index.php?rest_route=\/wp\/v2\/types\/post"}],"author":[{"embeddable":true,"href":"https:\/\/hablemosclarotdf.com.ar\/index.php?rest_route=\/wp\/v2\/users\/1"}],"replies":[{"embeddable":true,"href":"https:\/\/hablemosclarotdf.com.ar\/index.php?rest_route=%2Fwp%2Fv2%2Fcomments&post=65962"}],"version-history":[{"count":1,"href":"https:\/\/hablemosclarotdf.com.ar\/index.php?rest_route=\/wp\/v2\/posts\/65962\/revisions"}],"predecessor-version":[{"id":65968,"href":"https:\/\/hablemosclarotdf.com.ar\/index.php?rest_route=\/wp\/v2\/posts\/65962\/revisions\/65968"}],"wp:featuredmedia":[{"embeddable":true,"href":"https:\/\/hablemosclarotdf.com.ar\/index.php?rest_route=\/wp\/v2\/media\/65963"}],"wp:attachment":[{"href":"https:\/\/hablemosclarotdf.com.ar\/index.php?rest_route=%2Fwp%2Fv2%2Fmedia&parent=65962"}],"wp:term":[{"taxonomy":"category","embeddable":true,"href":"https:\/\/hablemosclarotdf.com.ar\/index.php?rest_route=%2Fwp%2Fv2%2Fcategories&post=65962"},{"taxonomy":"post_tag","embeddable":true,"href":"https:\/\/hablemosclarotdf.com.ar\/index.php?rest_route=%2Fwp%2Fv2%2Ftags&post=65962"}],"curies":[{"name":"wp","href":"https:\/\/api.w.org\/{rel}","templated":true}]}}