{"id":65959,"date":"2026-02-04T12:24:15","date_gmt":"2026-02-04T15:24:15","guid":{"rendered":"https:\/\/hablemosclarotdf.com.ar\/?p=65959"},"modified":"2026-02-04T12:24:15","modified_gmt":"2026-02-04T15:24:15","slug":"abre-la-convocatoria-del-9-festival-nacional-cine-en-grande","status":"publish","type":"post","link":"https:\/\/hablemosclarotdf.com.ar\/?p=65959","title":{"rendered":"ABRE LA CONVOCATORIA DEL 9\u00b0 FESTIVAL NACIONAL CINE EN GRANDE"},"content":{"rendered":"<p>El Festival Nacional Cine en Grande abre la convocatoria para su novena edici\u00f3n, consolid\u00e1ndose como uno de los principales espacios de exhibici\u00f3n y encuentro para el cine argentino y patag\u00f3nico, con una marcada impronta binacional entre Argentina y Chile.<\/p>\n<p>Desde 2014, Cine en Grande se ha posicionado como un festival que impulsa la expresi\u00f3n y la producci\u00f3n audiovisual desde el sur del pa\u00eds, promoviendo la diversidad de miradas, el intercambio entre realizadores y el fortalecimiento del sector audiovisual regional y nacional.<\/p>\n<p>En esta nueva edici\u00f3n, el festival incorpora la Selecci\u00f3n Oficial Nacional de Cortometrajes de Estudiantes, destinada a producciones realizadas en el marco de universidades, institutos terciarios y escuelas de cine, ampliando el espacio de participaci\u00f3n para nuevas voces del audiovisual argentino.<\/p>\n<p>El Festival incluir\u00e1 las secciones oficiales competitivas que se detallan a continuaci\u00f3n:<\/p>\n<p>-Selecci\u00f3n Oficial Nacional de Largometrajes.<br \/>\n-Selecci\u00f3n Oficial Patag\u00f3nica de Largometrajes (binacional Argentina\u2013Chile).<br \/>\n-Selecci\u00f3n Oficial Nacional de Cortometrajes.<br \/>\n-Selecci\u00f3n Oficial Patag\u00f3nica de Cortometrajes (binacional Argentina\u2013Chile).<br \/>\n-Selecci\u00f3n Oficial Nacional de Cortometrajes de Estudiantes.<br \/>\n-Selecci\u00f3n Oficial Nacional de Videoclips.<\/p>\n<p>Las obras seleccionadas competir\u00e1n por premios econ\u00f3micos, adem\u00e1s de reconocimientos otorgados por el jurado y el festival, reforzando el apoyo a la producci\u00f3n y circulaci\u00f3n de contenidos audiovisuales.<\/p>\n<p>En relaci\u00f3n a esta nueva edici\u00f3n, Aureliano Rodr\u00edguez, Secretario de Cultura de la Provincia de Tierra del Fuego, se\u00f1al\u00f3: \u201cen un contexto de profundos cambios y dificultades para la producci\u00f3n audiovisual en el pa\u00eds, Cine en Grande sostiene su continuidad y se consolida como un faro para las producciones nacionales y patag\u00f3nicas.\u201d<\/p>\n<p>La 9\u00aa edici\u00f3n del Festival Nacional Cine en Grande es organizada nuevamente por la Coordinaci\u00f3n de Desarrollo Audiovisual, dependiente de la Secretar\u00eda de Cultura de la Agencia de Innovaci\u00f3n de Tierra del Fuego, reafirmando el compromiso institucional con el desarrollo del sector audiovisual. En este marco, Cine en Grande se consolida como un espacio de exhibici\u00f3n, reflexi\u00f3n y encuentro, donde el cine se entiende como una experiencia colectiva que dialoga con el territorio, la identidad y las realidades contempor\u00e1neas del sur.<\/p>\n<p>Datos de la convocatoria<\/p>\n<p>Festival: 9\u00b0 Festival Nacional Cine en Grande<br \/>\nConvocatoria: Abierta<br \/>\nAlcance: Nacional y Binacional Patag\u00f3nico (Argentina \u2013 Chile)<\/p>\n<p>Inscripci\u00f3n:<br \/>\nhttps:\/\/docs.google.com\/forms\/d\/e\/1FAIpQLSfeDlh6uTt2mnEJUty_amlB6G4DtDWUp1wXpcLcYpsxVTGj_g\/viewform<br \/>\nRedes: @cineengrande<\/p>\n<p>Con esta novena edici\u00f3n, Cine en Grande reafirma su compromiso con el desarrollo audiovisual, el federalismo cultural y la integraci\u00f3n regional.<\/p>\n","protected":false},"excerpt":{"rendered":"<p>El Festival Nacional Cine en Grande abre la convocatoria para su novena edici\u00f3n, consolid\u00e1ndose como&#8230;<\/p>\n","protected":false},"author":1,"featured_media":65960,"comment_status":"closed","ping_status":"closed","sticky":false,"template":"","format":"standard","meta":{"footnotes":""},"categories":[3],"tags":[],"class_list":["post-65959","post","type-post","status-publish","format-standard","has-post-thumbnail","hentry","category-noticias"],"jetpack_featured_media_url":"https:\/\/hablemosclarotdf.com.ar\/wp-content\/uploads\/2026\/02\/photo_2026-02-04_12-23-07.jpg","_links":{"self":[{"href":"https:\/\/hablemosclarotdf.com.ar\/index.php?rest_route=\/wp\/v2\/posts\/65959","targetHints":{"allow":["GET"]}}],"collection":[{"href":"https:\/\/hablemosclarotdf.com.ar\/index.php?rest_route=\/wp\/v2\/posts"}],"about":[{"href":"https:\/\/hablemosclarotdf.com.ar\/index.php?rest_route=\/wp\/v2\/types\/post"}],"author":[{"embeddable":true,"href":"https:\/\/hablemosclarotdf.com.ar\/index.php?rest_route=\/wp\/v2\/users\/1"}],"replies":[{"embeddable":true,"href":"https:\/\/hablemosclarotdf.com.ar\/index.php?rest_route=%2Fwp%2Fv2%2Fcomments&post=65959"}],"version-history":[{"count":1,"href":"https:\/\/hablemosclarotdf.com.ar\/index.php?rest_route=\/wp\/v2\/posts\/65959\/revisions"}],"predecessor-version":[{"id":65961,"href":"https:\/\/hablemosclarotdf.com.ar\/index.php?rest_route=\/wp\/v2\/posts\/65959\/revisions\/65961"}],"wp:featuredmedia":[{"embeddable":true,"href":"https:\/\/hablemosclarotdf.com.ar\/index.php?rest_route=\/wp\/v2\/media\/65960"}],"wp:attachment":[{"href":"https:\/\/hablemosclarotdf.com.ar\/index.php?rest_route=%2Fwp%2Fv2%2Fmedia&parent=65959"}],"wp:term":[{"taxonomy":"category","embeddable":true,"href":"https:\/\/hablemosclarotdf.com.ar\/index.php?rest_route=%2Fwp%2Fv2%2Fcategories&post=65959"},{"taxonomy":"post_tag","embeddable":true,"href":"https:\/\/hablemosclarotdf.com.ar\/index.php?rest_route=%2Fwp%2Fv2%2Ftags&post=65959"}],"curies":[{"name":"wp","href":"https:\/\/api.w.org\/{rel}","templated":true}]}}