{"id":65954,"date":"2026-02-04T12:21:26","date_gmt":"2026-02-04T15:21:26","guid":{"rendered":"https:\/\/hablemosclarotdf.com.ar\/?p=65954"},"modified":"2026-02-04T12:21:26","modified_gmt":"2026-02-04T15:21:26","slug":"rio-grande-salud-municipal-inicio-el-circuito-de-salud-escolar","status":"publish","type":"post","link":"https:\/\/hablemosclarotdf.com.ar\/?p=65954","title":{"rendered":"RIO GRANDE : SALUD MUNICIPAL: INICI\u00d3 EL CIRCUITO DE SALUD ESCOLAR"},"content":{"rendered":"<p>Desde este lunes 2 de febrero comenzaron las atenciones del Circuito de Salud Escolar 2026, mediante el cual ya se realizaron m\u00e1s de 50 consultas destinadas a ni\u00f1os, ni\u00f1as y adolescentes de entre 3 y 14 a\u00f1os que no cuentan con obra social, con el objetivo de garantizar el acceso a los controles de salud necesarios para el inicio del ciclo lectivo.<\/p>\n<p>El dispositivo permite que, en una \u00fanica consulta, las familias puedan acceder al Certificado de Aptitud F\u00edsica, al Certificado Bucodental, a los controles m\u00e9dicos de rutina y a la actualizaci\u00f3n del Calendario Nacional de Vacunaci\u00f3n, contemplando las recientes modificaciones establecidas a nivel nacional.<\/p>\n<p>Este a\u00f1o se suma la participaci\u00f3n del Club de Leones de R\u00edo Grande, quienes integran el circuito realizando evaluaciones visuales con equipo refract\u00f3metro a todos los ni\u00f1os y ni\u00f1as inscriptos que asisten a la campa\u00f1a. Esta acci\u00f3n constituye un valioso complemento al examen visual de rutina que se lleva adelante durante el control de salud escolar.<\/p>\n<p>En una primera etapa, se otorgaron 600 turnos y, a medida que avancen las atenciones, se ir\u00e1n habilitando nuevos cupos, los cuales ser\u00e1n informados oportunamente a trav\u00e9s de los canales oficiales del Municipio.<\/p>\n<p>El Circuito de Salud Escolar se desarrolla en los 4 Centros Municipales de Salud, con el prop\u00f3sito de facilitar el acceso a los servicios y evitar traslados extensos por parte de vecinos y vecinas. La atenci\u00f3n se brinda en el horario de 9 a 14 horas.<\/p>\n<p>Al momento de asistir al turno, el paciente deber\u00e1 presentarse con Documento Nacional de Identidad (DNI) y carnet de vacunaci\u00f3n.<\/p>\n<p>En un contexto social y econ\u00f3mico complejo, esta pol\u00edtica p\u00fablica adquiere una relevancia central, dado que permite que las familias que no cuentan con cobertura m\u00e9dica puedan garantizar a sus hijos e hijas en edad escolar el acceso a controles de salud fundamentales, de manera gratuita, cercana y organizada.<\/p>\n<p>De esta forma, el Municipio contin\u00faa acercando el sistema de salud a cada barrio, reduciendo desigualdades y acompa\u00f1ando a la comunidad en una etapa clave del desarrollo infantil.<\/p>\n<p>Mediante esta iniciativa, el Municipio de R\u00edo Grande contin\u00faa fortaleciendo las pol\u00edticas p\u00fablicas de acceso equitativo a la salud, garantizando controles m\u00e9dicos, odontol\u00f3gicos y de vacunaci\u00f3n esenciales para las infancias y adolescencias de la ciudad.<\/p>\n<p><img loading=\"lazy\" decoding=\"async\" class=\"alignnone size-medium wp-image-65956\" src=\"https:\/\/hablemosclarotdf.com.ar\/wp-content\/uploads\/2026\/02\/photo_2026-02-04_12-20-06-300x200.jpg\" alt=\"\" width=\"300\" height=\"200\" srcset=\"https:\/\/hablemosclarotdf.com.ar\/wp-content\/uploads\/2026\/02\/photo_2026-02-04_12-20-06-300x200.jpg 300w, https:\/\/hablemosclarotdf.com.ar\/wp-content\/uploads\/2026\/02\/photo_2026-02-04_12-20-06-1024x683.jpg 1024w, https:\/\/hablemosclarotdf.com.ar\/wp-content\/uploads\/2026\/02\/photo_2026-02-04_12-20-06-768x512.jpg 768w, https:\/\/hablemosclarotdf.com.ar\/wp-content\/uploads\/2026\/02\/photo_2026-02-04_12-20-06.jpg 1500w\" sizes=\"auto, (max-width: 300px) 100vw, 300px\" \/> <img loading=\"lazy\" decoding=\"async\" class=\"alignnone size-medium wp-image-65957\" src=\"https:\/\/hablemosclarotdf.com.ar\/wp-content\/uploads\/2026\/02\/photo_2026-02-04_12-20-11-300x200.jpg\" alt=\"\" width=\"300\" height=\"200\" srcset=\"https:\/\/hablemosclarotdf.com.ar\/wp-content\/uploads\/2026\/02\/photo_2026-02-04_12-20-11-300x200.jpg 300w, https:\/\/hablemosclarotdf.com.ar\/wp-content\/uploads\/2026\/02\/photo_2026-02-04_12-20-11-1024x683.jpg 1024w, https:\/\/hablemosclarotdf.com.ar\/wp-content\/uploads\/2026\/02\/photo_2026-02-04_12-20-11-768x512.jpg 768w, https:\/\/hablemosclarotdf.com.ar\/wp-content\/uploads\/2026\/02\/photo_2026-02-04_12-20-11.jpg 1500w\" sizes=\"auto, (max-width: 300px) 100vw, 300px\" \/><\/p>\n","protected":false},"excerpt":{"rendered":"<p>Desde este lunes 2 de febrero comenzaron las atenciones del Circuito de Salud Escolar 2026,&#8230;<\/p>\n","protected":false},"author":1,"featured_media":65955,"comment_status":"closed","ping_status":"closed","sticky":false,"template":"","format":"standard","meta":{"footnotes":""},"categories":[3],"tags":[],"class_list":["post-65954","post","type-post","status-publish","format-standard","has-post-thumbnail","hentry","category-noticias"],"jetpack_featured_media_url":"https:\/\/hablemosclarotdf.com.ar\/wp-content\/uploads\/2026\/02\/photo_2026-02-04_12-19-59.jpg","_links":{"self":[{"href":"https:\/\/hablemosclarotdf.com.ar\/index.php?rest_route=\/wp\/v2\/posts\/65954","targetHints":{"allow":["GET"]}}],"collection":[{"href":"https:\/\/hablemosclarotdf.com.ar\/index.php?rest_route=\/wp\/v2\/posts"}],"about":[{"href":"https:\/\/hablemosclarotdf.com.ar\/index.php?rest_route=\/wp\/v2\/types\/post"}],"author":[{"embeddable":true,"href":"https:\/\/hablemosclarotdf.com.ar\/index.php?rest_route=\/wp\/v2\/users\/1"}],"replies":[{"embeddable":true,"href":"https:\/\/hablemosclarotdf.com.ar\/index.php?rest_route=%2Fwp%2Fv2%2Fcomments&post=65954"}],"version-history":[{"count":1,"href":"https:\/\/hablemosclarotdf.com.ar\/index.php?rest_route=\/wp\/v2\/posts\/65954\/revisions"}],"predecessor-version":[{"id":65958,"href":"https:\/\/hablemosclarotdf.com.ar\/index.php?rest_route=\/wp\/v2\/posts\/65954\/revisions\/65958"}],"wp:featuredmedia":[{"embeddable":true,"href":"https:\/\/hablemosclarotdf.com.ar\/index.php?rest_route=\/wp\/v2\/media\/65955"}],"wp:attachment":[{"href":"https:\/\/hablemosclarotdf.com.ar\/index.php?rest_route=%2Fwp%2Fv2%2Fmedia&parent=65954"}],"wp:term":[{"taxonomy":"category","embeddable":true,"href":"https:\/\/hablemosclarotdf.com.ar\/index.php?rest_route=%2Fwp%2Fv2%2Fcategories&post=65954"},{"taxonomy":"post_tag","embeddable":true,"href":"https:\/\/hablemosclarotdf.com.ar\/index.php?rest_route=%2Fwp%2Fv2%2Ftags&post=65954"}],"curies":[{"name":"wp","href":"https:\/\/api.w.org\/{rel}","templated":true}]}}