{"id":65909,"date":"2026-02-03T16:27:58","date_gmt":"2026-02-03T19:27:58","guid":{"rendered":"https:\/\/hablemosclarotdf.com.ar\/?p=65909"},"modified":"2026-02-03T16:27:58","modified_gmt":"2026-02-03T19:27:58","slug":"resuelva-quien-resuelva-aqui-el-tema-de-fondo-es-la-inconstitucionalidad","status":"publish","type":"post","link":"https:\/\/hablemosclarotdf.com.ar\/?p=65909","title":{"rendered":"\u201cRESUELVA QUI\u00c9N RESUELVA, AQU\u00cd EL TEMA DE FONDO ES LA INCONSTITUCIONALIDAD\u201d"},"content":{"rendered":"<p>El Secretario Legal del Gobierno provincial, Emiliano Fossatto, se refiri\u00f3 al dictamen emitido por la Unidad Fiscal Ushuaia, dependiente del Ministerio P\u00fablico Fiscal, y remarc\u00f3 que la causa contin\u00faa plenamente en tr\u00e1mite, sin que exista hasta el momento ninguna resoluci\u00f3n judicial sobre el fondo del planteo ni sobre la medida cautelar solicitada por la Provincia.<\/p>\n<p>Tras conocerse la actuaci\u00f3n de la Unidad Fiscal en el marco de la causa iniciada contra la intervenci\u00f3n del Puerto de Ushuaia, Fossatto afirm\u00f3 que el Gobierno provincial \u201cagotar\u00e1 todas las instancias judiciales disponibles en defensa irrenunciable de los recursos provinciales y de la autonom\u00eda de la Provincia de Tierra del Fuego, Ant\u00e1rtida e Islas del Atl\u00e1ntico Sur\u201d.<\/p>\n<p>El funcionario explic\u00f3 que el dictamen fiscal constituye un acto procesal propio del desarrollo del expediente, que no tiene car\u00e1cter decisorio ni implica un pronunciamiento jurisdiccional. En ese sentido, aclar\u00f3 que \u201cno existe en esta instancia una resoluci\u00f3n sobre la cuesti\u00f3n de fondo, que es la inconstitucionalidad de la intervenci\u00f3n dispuesta, ni tampoco sobre la medida cautelar de suspensi\u00f3n de sus efectos\u201d.<\/p>\n<p>Asimismo, precis\u00f3 que la controversia se encuentra actualmente centrada en la discusi\u00f3n sobre la competencia del tribunal, cuesti\u00f3n previa que debe ser resuelta antes de cualquier pronunciamiento sustancial. \u201cSer\u00e1 el Juez quien, una vez analizados los planteos efectuados, se expida tanto sobre la competencia como, en su caso, sobre la cautelar y el fondo de la cuesti\u00f3n\u201d, se\u00f1al\u00f3.<\/p>\n<p>Fossatto tambi\u00e9n detall\u00f3 que la Unidad Fiscal dispuso dar intervenci\u00f3n al Fiscal de Estado de la Provincia, a fin de que se expida espec\u00edficamente respecto de la competencia y de las facultades del Gobernador para actuar en este proceso, conforme lo ordenado en el prove\u00eddo judicial y dentro del plazo establecido.<\/p>\n<p>\u201cEste dictamen no cierra el debate, por el contrario, confirma que la causa sigue su curso y que la discusi\u00f3n se dar\u00e1 donde corresponde: en el \u00e1mbito judicial. El Gobierno provincial ratifica su compromiso institucional de defender la autonom\u00eda fueguina y los intereses de todos los ciudadanos de la Provincia\u201d, expres\u00f3 el Secretario Legal.<\/p>\n<p>La administraci\u00f3n provincial sostiene que la intervenci\u00f3n dispuesta por el Gobierno nacional vulnera la autonom\u00eda provincial y el sistema federal, posici\u00f3n que ha recibido un amplio respaldo social y pol\u00edtico, reflejado en la masiva concentraci\u00f3n realizada este martes frente al Puerto de Ushuaia.<\/p>\n<p>Finalmente, Fossatto reiter\u00f3 que \u201cel Gobierno de Tierra del Fuego continuar\u00e1 utilizando todas las herramientas legales a su alcance para revertir esta medida y preservar la gesti\u00f3n provincial de sus recursos estrat\u00e9gicos\u201d.<\/p>\n","protected":false},"excerpt":{"rendered":"<p>El Secretario Legal del Gobierno provincial, Emiliano Fossatto, se refiri\u00f3 al dictamen emitido por la&#8230;<\/p>\n","protected":false},"author":1,"featured_media":65910,"comment_status":"closed","ping_status":"closed","sticky":false,"template":"","format":"standard","meta":{"footnotes":""},"categories":[3],"tags":[],"class_list":["post-65909","post","type-post","status-publish","format-standard","has-post-thumbnail","hentry","category-noticias"],"jetpack_featured_media_url":"https:\/\/hablemosclarotdf.com.ar\/wp-content\/uploads\/2026\/02\/photo_2026-02-03_16-27-27.jpg","_links":{"self":[{"href":"https:\/\/hablemosclarotdf.com.ar\/index.php?rest_route=\/wp\/v2\/posts\/65909","targetHints":{"allow":["GET"]}}],"collection":[{"href":"https:\/\/hablemosclarotdf.com.ar\/index.php?rest_route=\/wp\/v2\/posts"}],"about":[{"href":"https:\/\/hablemosclarotdf.com.ar\/index.php?rest_route=\/wp\/v2\/types\/post"}],"author":[{"embeddable":true,"href":"https:\/\/hablemosclarotdf.com.ar\/index.php?rest_route=\/wp\/v2\/users\/1"}],"replies":[{"embeddable":true,"href":"https:\/\/hablemosclarotdf.com.ar\/index.php?rest_route=%2Fwp%2Fv2%2Fcomments&post=65909"}],"version-history":[{"count":1,"href":"https:\/\/hablemosclarotdf.com.ar\/index.php?rest_route=\/wp\/v2\/posts\/65909\/revisions"}],"predecessor-version":[{"id":65911,"href":"https:\/\/hablemosclarotdf.com.ar\/index.php?rest_route=\/wp\/v2\/posts\/65909\/revisions\/65911"}],"wp:featuredmedia":[{"embeddable":true,"href":"https:\/\/hablemosclarotdf.com.ar\/index.php?rest_route=\/wp\/v2\/media\/65910"}],"wp:attachment":[{"href":"https:\/\/hablemosclarotdf.com.ar\/index.php?rest_route=%2Fwp%2Fv2%2Fmedia&parent=65909"}],"wp:term":[{"taxonomy":"category","embeddable":true,"href":"https:\/\/hablemosclarotdf.com.ar\/index.php?rest_route=%2Fwp%2Fv2%2Fcategories&post=65909"},{"taxonomy":"post_tag","embeddable":true,"href":"https:\/\/hablemosclarotdf.com.ar\/index.php?rest_route=%2Fwp%2Fv2%2Ftags&post=65909"}],"curies":[{"name":"wp","href":"https:\/\/api.w.org\/{rel}","templated":true}]}}