{"id":65895,"date":"2026-02-03T15:33:31","date_gmt":"2026-02-03T18:33:31","guid":{"rendered":"https:\/\/hablemosclarotdf.com.ar\/?p=65895"},"modified":"2026-02-03T15:33:31","modified_gmt":"2026-02-03T18:33:31","slug":"rio-grande-el-centro-de-interpretacion-ambiental-ofrece-nuevas-actividades-durante-febrero","status":"publish","type":"post","link":"https:\/\/hablemosclarotdf.com.ar\/?p=65895","title":{"rendered":"RIO GRANDE : EL CENTRO DE INTERPRETACI\u00d3N AMBIENTAL OFRECE NUEVAS ACTIVIDADES DURANTE FEBRERO"},"content":{"rendered":"<p>Las propuestas se desarrollar\u00e1n durante todo el mes e incluyen charlas informativas, visitas guiadas a Reservas Naturales Urbanas y senderos interpretativos, con el objetivo de promover la educaci\u00f3n ambiental y el cuidado del entorno natural.<\/p>\n<p>Durante febrero, el Municipio de R\u00edo Grande, mediante el \u00e1rea de Ambiente, invita a la comunidad a participar de una variada agenda de actividades educativas y recreativas que se desarrollar\u00e1n en el Centro de Interpretaci\u00f3n Ambiental (CIA) y en distintas Reservas Naturales Urbanas de la ciudad.<\/p>\n<p>Estas propuestas tienen como objetivo promover el cuidado del ambiente, la valorizaci\u00f3n de la biodiversidad local y el aprendizaje colectivo sobre la importancia de preservar los ecosistemas que forman parte de nuestro entorno.<\/p>\n<p>Dentro de las actividades se encuentra la charla informativa \u201cIncendios forestales\u201d, las cuales se llevar\u00e1n a cabo todos los lunes de febrero, a las 10 y a las 14 horas, en el Centro de Interpretaci\u00f3n Ambiental. La propuesta busca concientizar sobre la prevenci\u00f3n de incendios y el impacto que estos generan en las \u00e1reas naturales.<\/p>\n<p>Asimismo, todos los mi\u00e9rcoles del mes, en los mismos horarios, se realizar\u00e1 la charla \u201cAves playeras migratorias\u201d, donde se abordar\u00e1 la relevancia de estas especies, sus rutas migratorias y la importancia de proteger los ambientes costeros que utilizan como h\u00e1bitat.<\/p>\n<p>Por otro lado, los jueves a las 10 horas se desarrollar\u00e1n visitas guiadas a las Reservas Naturales Urbanas, permitiendo a vecinos y vecinas conocer c\u00f3mo recorrer estos espacios naturales acompa\u00f1ados por personal especializado. El cronograma previsto es el siguiente: el 5 de febrero en la RNU Laguna de los Patos; el 12 de febrero en la RNU Laguna Sur; el 19 de febrero en la RNU Punta Popper; y el 26 de febrero en la RNU Costa Norte.<\/p>\n<p>Adem\u00e1s, se realizar\u00e1 el Sendero Intermareal, una actividad interpretativa que invita a explorar el ambiente costero. La misma tendr\u00e1 lugar el viernes 13 de febrero a las 10 horas y el viernes 20 de febrero a las 15 horas, en el Centro de Interpretaci\u00f3n Ambiental.<\/p>\n<p>Las personas interesadas en participar podr\u00e1n inscribirse de manera presencial en el CIA o comunicarse al tel\u00e9fono 436200, interno 5044. Tambi\u00e9n podr\u00e1n realizar consultas e inscripciones a trav\u00e9s del correo electr\u00f3nico centrointerpretacion@riogrande.gob.ar.<\/p>\n<p>El Municipio de R\u00edo Grande invita a la comunidad a sumarse a estas iniciativas, reafirmando su compromiso con la educaci\u00f3n ambiental y la construcci\u00f3n de una ciudad m\u00e1s consciente y responsable con su entorno natural.<\/p>\n","protected":false},"excerpt":{"rendered":"<p>Las propuestas se desarrollar\u00e1n durante todo el mes e incluyen charlas informativas, visitas guiadas a&#8230;<\/p>\n","protected":false},"author":1,"featured_media":65896,"comment_status":"closed","ping_status":"closed","sticky":false,"template":"","format":"standard","meta":{"footnotes":""},"categories":[3],"tags":[],"class_list":["post-65895","post","type-post","status-publish","format-standard","has-post-thumbnail","hentry","category-noticias"],"jetpack_featured_media_url":"https:\/\/hablemosclarotdf.com.ar\/wp-content\/uploads\/2026\/02\/photo_2026-02-03_15-32-47.jpg","_links":{"self":[{"href":"https:\/\/hablemosclarotdf.com.ar\/index.php?rest_route=\/wp\/v2\/posts\/65895","targetHints":{"allow":["GET"]}}],"collection":[{"href":"https:\/\/hablemosclarotdf.com.ar\/index.php?rest_route=\/wp\/v2\/posts"}],"about":[{"href":"https:\/\/hablemosclarotdf.com.ar\/index.php?rest_route=\/wp\/v2\/types\/post"}],"author":[{"embeddable":true,"href":"https:\/\/hablemosclarotdf.com.ar\/index.php?rest_route=\/wp\/v2\/users\/1"}],"replies":[{"embeddable":true,"href":"https:\/\/hablemosclarotdf.com.ar\/index.php?rest_route=%2Fwp%2Fv2%2Fcomments&post=65895"}],"version-history":[{"count":1,"href":"https:\/\/hablemosclarotdf.com.ar\/index.php?rest_route=\/wp\/v2\/posts\/65895\/revisions"}],"predecessor-version":[{"id":65897,"href":"https:\/\/hablemosclarotdf.com.ar\/index.php?rest_route=\/wp\/v2\/posts\/65895\/revisions\/65897"}],"wp:featuredmedia":[{"embeddable":true,"href":"https:\/\/hablemosclarotdf.com.ar\/index.php?rest_route=\/wp\/v2\/media\/65896"}],"wp:attachment":[{"href":"https:\/\/hablemosclarotdf.com.ar\/index.php?rest_route=%2Fwp%2Fv2%2Fmedia&parent=65895"}],"wp:term":[{"taxonomy":"category","embeddable":true,"href":"https:\/\/hablemosclarotdf.com.ar\/index.php?rest_route=%2Fwp%2Fv2%2Fcategories&post=65895"},{"taxonomy":"post_tag","embeddable":true,"href":"https:\/\/hablemosclarotdf.com.ar\/index.php?rest_route=%2Fwp%2Fv2%2Ftags&post=65895"}],"curies":[{"name":"wp","href":"https:\/\/api.w.org\/{rel}","templated":true}]}}