{"id":65864,"date":"2026-02-03T13:34:12","date_gmt":"2026-02-03T16:34:12","guid":{"rendered":"https:\/\/hablemosclarotdf.com.ar\/?p=65864"},"modified":"2026-02-03T13:34:12","modified_gmt":"2026-02-03T16:34:12","slug":"rio-grande-vacaciones-con-la-muni-sumate-a-la-propuesta-colonias-en-tu-barrio","status":"publish","type":"post","link":"https:\/\/hablemosclarotdf.com.ar\/?p=65864","title":{"rendered":"RIO GRANDE : VACACIONES CON LA MUNI: SUMATE A LA PROPUESTA \u201cCOLONIAS EN TU BARRIO\u201d"},"content":{"rendered":"<p>Con el objetivo de garantizar el acceso a actividades recreativas y de encuentro durante el verano, el Municipio de R\u00edo Grande lleva adelante \u201cColonias en tu barrio\u201d, una propuesta itinerante que recorre los distintos Centros Comunitarios Municipales (CCM) de la ciudad.<\/p>\n<p>En este marco, se lleva adelante una nueva semana de actividades culturales, recreativas y deportivas en los Centros Comunitarios Municipales, promoviendo espacios de disfrute e inclusi\u00f3n para vecinos y vecinas de todas las edades.<\/p>\n<p>La iniciativa se desarrolla bajo la modalidad de un CCM por d\u00eda y no requiere inscripci\u00f3n previa. Quienes deseen participar solo deber\u00e1n acercarse al espacio m\u00e1s cercano a su hogar, en el horario correspondiente.<\/p>\n<p>Las actividades estar\u00e1n destinadas a adultos mayores de 28 a\u00f1os, en el horario de 9 a 12 horas, y las infancias de 6 a 11 a\u00f1os, de 15 a 17 horas. Para el p\u00fablico adulto se proponen actividades como acondicionamiento f\u00edsico, zumba y talleres recreativos de pintura y costura; mientras que las ni\u00f1as y ni\u00f1os podr\u00e1n disfrutar de juegos recreativos pensados para el encuentro y la diversi\u00f3n.<\/p>\n<p>El cronograma de esta semana se llevar\u00e1 adelante de la siguiente manera: martes 3 en el CCM B\u00ba Per\u00f3n (Pasaje Hugo del Carril N.\u00b0 27); mi\u00e9rcoles 4 en CCM AGP (Padre Mu\u00f1oz N.\u00b0 3090) se desarrollar\u00e1n actividades para los adultos y en el Bishop (Almirante Brown N.\u00b0 1953) para las infancias; el jueves 5 en el CCM Austral (Hoiken 511); y el viernes 6 en el CCM CGT (Victoria Ocampo 1066).<\/p>\n<p>De esta manera, el Municipio reafirma su compromiso con el acceso igualitario a espacios recreativos y culturales, garantizando que el verano sea una oportunidad de disfrute y encuentro para todas las vecinas y vecinos de R\u00edo Grande.<\/p>\n","protected":false},"excerpt":{"rendered":"<p>Con el objetivo de garantizar el acceso a actividades recreativas y de encuentro durante el&#8230;<\/p>\n","protected":false},"author":1,"featured_media":65865,"comment_status":"closed","ping_status":"closed","sticky":false,"template":"","format":"standard","meta":{"footnotes":""},"categories":[3],"tags":[],"class_list":["post-65864","post","type-post","status-publish","format-standard","has-post-thumbnail","hentry","category-noticias"],"jetpack_featured_media_url":"https:\/\/hablemosclarotdf.com.ar\/wp-content\/uploads\/2026\/02\/photo_2026-02-03_13-33-44.jpg","_links":{"self":[{"href":"https:\/\/hablemosclarotdf.com.ar\/index.php?rest_route=\/wp\/v2\/posts\/65864","targetHints":{"allow":["GET"]}}],"collection":[{"href":"https:\/\/hablemosclarotdf.com.ar\/index.php?rest_route=\/wp\/v2\/posts"}],"about":[{"href":"https:\/\/hablemosclarotdf.com.ar\/index.php?rest_route=\/wp\/v2\/types\/post"}],"author":[{"embeddable":true,"href":"https:\/\/hablemosclarotdf.com.ar\/index.php?rest_route=\/wp\/v2\/users\/1"}],"replies":[{"embeddable":true,"href":"https:\/\/hablemosclarotdf.com.ar\/index.php?rest_route=%2Fwp%2Fv2%2Fcomments&post=65864"}],"version-history":[{"count":1,"href":"https:\/\/hablemosclarotdf.com.ar\/index.php?rest_route=\/wp\/v2\/posts\/65864\/revisions"}],"predecessor-version":[{"id":65866,"href":"https:\/\/hablemosclarotdf.com.ar\/index.php?rest_route=\/wp\/v2\/posts\/65864\/revisions\/65866"}],"wp:featuredmedia":[{"embeddable":true,"href":"https:\/\/hablemosclarotdf.com.ar\/index.php?rest_route=\/wp\/v2\/media\/65865"}],"wp:attachment":[{"href":"https:\/\/hablemosclarotdf.com.ar\/index.php?rest_route=%2Fwp%2Fv2%2Fmedia&parent=65864"}],"wp:term":[{"taxonomy":"category","embeddable":true,"href":"https:\/\/hablemosclarotdf.com.ar\/index.php?rest_route=%2Fwp%2Fv2%2Fcategories&post=65864"},{"taxonomy":"post_tag","embeddable":true,"href":"https:\/\/hablemosclarotdf.com.ar\/index.php?rest_route=%2Fwp%2Fv2%2Ftags&post=65864"}],"curies":[{"name":"wp","href":"https:\/\/api.w.org\/{rel}","templated":true}]}}