{"id":65857,"date":"2026-02-03T13:32:18","date_gmt":"2026-02-03T16:32:18","guid":{"rendered":"https:\/\/hablemosclarotdf.com.ar\/?p=65857"},"modified":"2026-02-03T13:32:18","modified_gmt":"2026-02-03T16:32:18","slug":"ushuaia-la-municipalidad-suma-nuevas-propuestas-de-talleres-culturales-para-este-verano","status":"publish","type":"post","link":"https:\/\/hablemosclarotdf.com.ar\/?p=65857","title":{"rendered":"USHUAIA : LA MUNICIPALIDAD  SUMA NUEVAS PROPUESTAS DE TALLERES CULTURALES PARA ESTE VERANO"},"content":{"rendered":"<p>Habr\u00e1 propuestas de artes visuales, teatro y m\u00fasica para todas las edades<\/p>\n<p>La Secretar\u00eda de Cultura y Educaci\u00f3n de la Municipalidad de Ushuaia informa a la comunidad que se sumar\u00e1n nuevas propuestas de talleres culturales para esta temporada de verano, contando con espacios de aprendizaje de artes visuales, teatro y m\u00fasica para todas las edades. Qui\u00e9nes deseen inscribirse, podr\u00e1n hacerlo a trav\u00e9s del WhatsApp 2901-400987.<br \/>\nDentro de las iniciativas est\u00e1n en Taller de Artes Visuales con Fanzine, a cargo del profesor Omar Hirsig, destinado a mayores de 18 a\u00f1os a dictarse en los Talleres Culturales Municipales de calle Fagnano N\u00b0 486 los viernes de 16:00 a 18:00 horas. As\u00ed tambi\u00e9n, el profesor Hirsig dictar\u00e1 el Taller de Escultura los d\u00edas jueves de 16:00 a 18:00 horas en Fagnano N\u00b0 486 para mayores de 18 a\u00f1os. Los d\u00edas martes ser\u00e1 el turno del Taller de Pintura, tambi\u00e9n bajo la direcci\u00f3n de Omar Hirsig, en el mismo espacio para mayores de 18 a\u00f1os de 17:00 a 19:00 horas.<br \/>\nCon clases para principiantes con grupos de infancias de 9 a 11 a\u00f1os y adolescentes de 12 a 17 a\u00f1os, se llevar\u00e1 adelante en los Talleres Culturales Municipales la propuesta de Teatro a cargo del profesor Fabi\u00e1n Bordoy, contando con clases los d\u00edas lunes y mi\u00e9rcoles para el primer grupo y los martes y jueves para el segundo. Tambi\u00e9n en los talleres de calle Fagnano, se brindar\u00e1 el Taller de Teclado del profesor Alberto Weinert, el mismo est\u00e1 dirigido a mayores de 15 a\u00f1os y contar\u00e1 con clases los d\u00edas lunes, mi\u00e9rcoles y viernes de 16:00 a 20:30 horas y los d\u00edas martes y jueves de 16:30 a 20:30 horas.<br \/>\nBel\u00e9n Molina, secretaria de Cultura y Educaci\u00f3n, destac\u00f3 que \u201cdesde la gesti\u00f3n municipal, continuamos fortaleciendo la agenda de propuestas educativas y recreacionales para este verano en los talleres culturales, entendi\u00e9ndolos no solo como un espacio de aprendizaje sino de construcci\u00f3n de comunidad y esparcimiento\u201d.<br \/>\nPara conocer m\u00e1s sobre las propuestas de los Talleres Culturales Municipales, as\u00ed como la agenda de actividades para la temporada de verano, las y los interesados podr\u00e1n visitar las redes sociales de la Secretar\u00eda de Cultura y Educaci\u00f3n en @culturayeducacionush.<\/p>\n<p><img loading=\"lazy\" decoding=\"async\" class=\"alignnone size-medium wp-image-65859\" src=\"https:\/\/hablemosclarotdf.com.ar\/wp-content\/uploads\/2026\/02\/photo_2026-02-03_13-30-41-240x300.jpg\" alt=\"\" width=\"240\" height=\"300\" srcset=\"https:\/\/hablemosclarotdf.com.ar\/wp-content\/uploads\/2026\/02\/photo_2026-02-03_13-30-41-240x300.jpg 240w, https:\/\/hablemosclarotdf.com.ar\/wp-content\/uploads\/2026\/02\/photo_2026-02-03_13-30-41-819x1024.jpg 819w, https:\/\/hablemosclarotdf.com.ar\/wp-content\/uploads\/2026\/02\/photo_2026-02-03_13-30-41-768x960.jpg 768w, https:\/\/hablemosclarotdf.com.ar\/wp-content\/uploads\/2026\/02\/photo_2026-02-03_13-30-41.jpg 1024w\" sizes=\"auto, (max-width: 240px) 100vw, 240px\" \/> <img loading=\"lazy\" decoding=\"async\" class=\"alignnone size-medium wp-image-65860\" src=\"https:\/\/hablemosclarotdf.com.ar\/wp-content\/uploads\/2026\/02\/photo_2026-02-03_13-30-51-240x300.jpg\" alt=\"\" width=\"240\" height=\"300\" srcset=\"https:\/\/hablemosclarotdf.com.ar\/wp-content\/uploads\/2026\/02\/photo_2026-02-03_13-30-51-240x300.jpg 240w, https:\/\/hablemosclarotdf.com.ar\/wp-content\/uploads\/2026\/02\/photo_2026-02-03_13-30-51-818x1024.jpg 818w, https:\/\/hablemosclarotdf.com.ar\/wp-content\/uploads\/2026\/02\/photo_2026-02-03_13-30-51-768x961.jpg 768w, https:\/\/hablemosclarotdf.com.ar\/wp-content\/uploads\/2026\/02\/photo_2026-02-03_13-30-51.jpg 1023w\" sizes=\"auto, (max-width: 240px) 100vw, 240px\" \/> <img loading=\"lazy\" decoding=\"async\" class=\"alignnone size-medium wp-image-65861\" src=\"https:\/\/hablemosclarotdf.com.ar\/wp-content\/uploads\/2026\/02\/photo_2026-02-03_13-30-56-240x300.jpg\" alt=\"\" width=\"240\" height=\"300\" srcset=\"https:\/\/hablemosclarotdf.com.ar\/wp-content\/uploads\/2026\/02\/photo_2026-02-03_13-30-56-240x300.jpg 240w, https:\/\/hablemosclarotdf.com.ar\/wp-content\/uploads\/2026\/02\/photo_2026-02-03_13-30-56-818x1024.jpg 818w, https:\/\/hablemosclarotdf.com.ar\/wp-content\/uploads\/2026\/02\/photo_2026-02-03_13-30-56-768x961.jpg 768w, https:\/\/hablemosclarotdf.com.ar\/wp-content\/uploads\/2026\/02\/photo_2026-02-03_13-30-56.jpg 1023w\" sizes=\"auto, (max-width: 240px) 100vw, 240px\" \/> <img loading=\"lazy\" decoding=\"async\" class=\"alignnone size-medium wp-image-65862\" src=\"https:\/\/hablemosclarotdf.com.ar\/wp-content\/uploads\/2026\/02\/photo_2026-02-03_13-31-00-240x300.jpg\" alt=\"\" width=\"240\" height=\"300\" srcset=\"https:\/\/hablemosclarotdf.com.ar\/wp-content\/uploads\/2026\/02\/photo_2026-02-03_13-31-00-240x300.jpg 240w, https:\/\/hablemosclarotdf.com.ar\/wp-content\/uploads\/2026\/02\/photo_2026-02-03_13-31-00-818x1024.jpg 818w, https:\/\/hablemosclarotdf.com.ar\/wp-content\/uploads\/2026\/02\/photo_2026-02-03_13-31-00-768x961.jpg 768w, https:\/\/hablemosclarotdf.com.ar\/wp-content\/uploads\/2026\/02\/photo_2026-02-03_13-31-00.jpg 1023w\" sizes=\"auto, (max-width: 240px) 100vw, 240px\" \/><\/p>\n","protected":false},"excerpt":{"rendered":"<p>Habr\u00e1 propuestas de artes visuales, teatro y m\u00fasica para todas las edades La Secretar\u00eda de&#8230;<\/p>\n","protected":false},"author":1,"featured_media":65858,"comment_status":"closed","ping_status":"closed","sticky":false,"template":"","format":"standard","meta":{"footnotes":""},"categories":[3],"tags":[],"class_list":["post-65857","post","type-post","status-publish","format-standard","has-post-thumbnail","hentry","category-noticias"],"jetpack_featured_media_url":"https:\/\/hablemosclarotdf.com.ar\/wp-content\/uploads\/2026\/02\/photo_2026-02-03_13-30-36.jpg","_links":{"self":[{"href":"https:\/\/hablemosclarotdf.com.ar\/index.php?rest_route=\/wp\/v2\/posts\/65857","targetHints":{"allow":["GET"]}}],"collection":[{"href":"https:\/\/hablemosclarotdf.com.ar\/index.php?rest_route=\/wp\/v2\/posts"}],"about":[{"href":"https:\/\/hablemosclarotdf.com.ar\/index.php?rest_route=\/wp\/v2\/types\/post"}],"author":[{"embeddable":true,"href":"https:\/\/hablemosclarotdf.com.ar\/index.php?rest_route=\/wp\/v2\/users\/1"}],"replies":[{"embeddable":true,"href":"https:\/\/hablemosclarotdf.com.ar\/index.php?rest_route=%2Fwp%2Fv2%2Fcomments&post=65857"}],"version-history":[{"count":1,"href":"https:\/\/hablemosclarotdf.com.ar\/index.php?rest_route=\/wp\/v2\/posts\/65857\/revisions"}],"predecessor-version":[{"id":65863,"href":"https:\/\/hablemosclarotdf.com.ar\/index.php?rest_route=\/wp\/v2\/posts\/65857\/revisions\/65863"}],"wp:featuredmedia":[{"embeddable":true,"href":"https:\/\/hablemosclarotdf.com.ar\/index.php?rest_route=\/wp\/v2\/media\/65858"}],"wp:attachment":[{"href":"https:\/\/hablemosclarotdf.com.ar\/index.php?rest_route=%2Fwp%2Fv2%2Fmedia&parent=65857"}],"wp:term":[{"taxonomy":"category","embeddable":true,"href":"https:\/\/hablemosclarotdf.com.ar\/index.php?rest_route=%2Fwp%2Fv2%2Fcategories&post=65857"},{"taxonomy":"post_tag","embeddable":true,"href":"https:\/\/hablemosclarotdf.com.ar\/index.php?rest_route=%2Fwp%2Fv2%2Ftags&post=65857"}],"curies":[{"name":"wp","href":"https:\/\/api.w.org\/{rel}","templated":true}]}}