{"id":65841,"date":"2026-02-03T09:28:52","date_gmt":"2026-02-03T12:28:52","guid":{"rendered":"https:\/\/hablemosclarotdf.com.ar\/?p=65841"},"modified":"2026-02-03T09:28:52","modified_gmt":"2026-02-03T12:28:52","slug":"rio-grande-con-mas-deporte-y-recreacion-el-municipio-acompana-el-verano-en-la-ciudad","status":"publish","type":"post","link":"https:\/\/hablemosclarotdf.com.ar\/?p=65841","title":{"rendered":"RIO GRANDE : CON M\u00c1S DEPORTE Y RECREACI\u00d3N, EL MUNICIPIO ACOMPA\u00d1A EL VERANO EN LA CIUDAD"},"content":{"rendered":"<p>El Municipio llev\u00f3 adelante el cierre del 2\u00b0 grupo de las Colonias Deportivas de Verano 2026, con una amplia convocatoria de ni\u00f1as, ni\u00f1os, adolescentes y adultos mayores de distintos barrios de la ciudad. Esta propuesta se consolida como una pol\u00edtica p\u00fablica orientada a promover el deporte, la recreaci\u00f3n y la inclusi\u00f3n social durante la temporada estival.<\/p>\n<p>En esta oportunidad, las actividades de cierre se desarrollaron en el Polideportivo Carlos Margalot y en el Centro Deportivo Municipal, donde las y los participantes compartieron una jornada de juegos y propuestas recreativas, tanto al aire libre como en espacios cerrados, acompa\u00f1ados por sus familias.<\/p>\n<p>Las Colonias Deportivas de Verano se llevan adelante en m\u00faltiples espacios municipales: Centro Deportivo Municipal, Polideportivo Carlos Margalot, Gimnasio Juan Manuel de Rosas, Gimnasio Malvinas Argentinas y Gimnasio Margen Sur.<\/p>\n<p>Adem\u00e1s de las colonias tradicionales, el Municipio impulsa actividades de deporte adaptado y propuestas destinadas a adultos mayores, garantizando el acceso al deporte y a una vida saludable para todas y todos los riograndenses.<\/p>\n<p>A trav\u00e9s de la Agencia de Deportes, Cultura y Turismo, m\u00e1s de 6.000 ni\u00f1os y ni\u00f1as ya participaron de esta iniciativa durante el verano, un n\u00famero hist\u00f3rico que proyecta que m\u00e1s de 9.000 vecinas y vecinos formar\u00e1n parte de las colonias a lo largo de la temporada 2026.<\/p>\n<p>Asimismo, el Municipio ofrece el acceso al Natatorio Municipal \u201cEva Per\u00f3n\u201d, donde se implement\u00f3 un sistema de turnos que permite a m\u00e1s de 3.000 vecinos y vecinas disfrutar de la pileta sin necesidad de ser socios.<\/p>\n<p>A esta propuesta se suman actividades de acondicionamiento f\u00edsico y zumba destinadas a personas mayores de 18 a\u00f1os, que contaron con la participaci\u00f3n de m\u00e1s de 1.000 vecinos y vecinas.<\/p>\n<p>La gesti\u00f3n del intendente Mart\u00edn Perez tiene al deporte como una prioridad y trabaja de manera sostenida para generar espacios de encuentro, recreaci\u00f3n y aprendizaje, promoviendo h\u00e1bitos saludables y fortaleciendo el desarrollo integral de la comunidad.<\/p>\n<p>De esta manera, en lo que va del verano 2026, el Municipio de R\u00edo Grande contin\u00faa impulsando pol\u00edticas p\u00fablicas que mejoran la calidad de vida de las y los riograndenses, consolidando a la ciudad como un espacio de inclusi\u00f3n, participaci\u00f3n y bienestar.<\/p>\n<p><img loading=\"lazy\" decoding=\"async\" class=\"alignnone size-medium wp-image-65843\" src=\"https:\/\/hablemosclarotdf.com.ar\/wp-content\/uploads\/2026\/02\/photo_2026-02-03_09-27-58-300x200.jpg\" alt=\"\" width=\"300\" height=\"200\" srcset=\"https:\/\/hablemosclarotdf.com.ar\/wp-content\/uploads\/2026\/02\/photo_2026-02-03_09-27-58-300x200.jpg 300w, https:\/\/hablemosclarotdf.com.ar\/wp-content\/uploads\/2026\/02\/photo_2026-02-03_09-27-58-1024x682.jpg 1024w, https:\/\/hablemosclarotdf.com.ar\/wp-content\/uploads\/2026\/02\/photo_2026-02-03_09-27-58-768x512.jpg 768w, https:\/\/hablemosclarotdf.com.ar\/wp-content\/uploads\/2026\/02\/photo_2026-02-03_09-27-58.jpg 1280w\" sizes=\"auto, (max-width: 300px) 100vw, 300px\" \/> <img loading=\"lazy\" decoding=\"async\" class=\"alignnone size-medium wp-image-65844\" src=\"https:\/\/hablemosclarotdf.com.ar\/wp-content\/uploads\/2026\/02\/photo_2026-02-03_09-28-02-300x200.jpg\" alt=\"\" width=\"300\" height=\"200\" srcset=\"https:\/\/hablemosclarotdf.com.ar\/wp-content\/uploads\/2026\/02\/photo_2026-02-03_09-28-02-300x200.jpg 300w, https:\/\/hablemosclarotdf.com.ar\/wp-content\/uploads\/2026\/02\/photo_2026-02-03_09-28-02-1024x682.jpg 1024w, https:\/\/hablemosclarotdf.com.ar\/wp-content\/uploads\/2026\/02\/photo_2026-02-03_09-28-02-768x512.jpg 768w, https:\/\/hablemosclarotdf.com.ar\/wp-content\/uploads\/2026\/02\/photo_2026-02-03_09-28-02.jpg 1280w\" sizes=\"auto, (max-width: 300px) 100vw, 300px\" \/><\/p>\n","protected":false},"excerpt":{"rendered":"<p>El Municipio llev\u00f3 adelante el cierre del 2\u00b0 grupo de las Colonias Deportivas de Verano&#8230;<\/p>\n","protected":false},"author":1,"featured_media":65842,"comment_status":"closed","ping_status":"closed","sticky":false,"template":"","format":"standard","meta":{"footnotes":""},"categories":[3],"tags":[],"class_list":["post-65841","post","type-post","status-publish","format-standard","has-post-thumbnail","hentry","category-noticias"],"jetpack_featured_media_url":"https:\/\/hablemosclarotdf.com.ar\/wp-content\/uploads\/2026\/02\/photo_2026-02-03_09-27-53.jpg","_links":{"self":[{"href":"https:\/\/hablemosclarotdf.com.ar\/index.php?rest_route=\/wp\/v2\/posts\/65841","targetHints":{"allow":["GET"]}}],"collection":[{"href":"https:\/\/hablemosclarotdf.com.ar\/index.php?rest_route=\/wp\/v2\/posts"}],"about":[{"href":"https:\/\/hablemosclarotdf.com.ar\/index.php?rest_route=\/wp\/v2\/types\/post"}],"author":[{"embeddable":true,"href":"https:\/\/hablemosclarotdf.com.ar\/index.php?rest_route=\/wp\/v2\/users\/1"}],"replies":[{"embeddable":true,"href":"https:\/\/hablemosclarotdf.com.ar\/index.php?rest_route=%2Fwp%2Fv2%2Fcomments&post=65841"}],"version-history":[{"count":1,"href":"https:\/\/hablemosclarotdf.com.ar\/index.php?rest_route=\/wp\/v2\/posts\/65841\/revisions"}],"predecessor-version":[{"id":65845,"href":"https:\/\/hablemosclarotdf.com.ar\/index.php?rest_route=\/wp\/v2\/posts\/65841\/revisions\/65845"}],"wp:featuredmedia":[{"embeddable":true,"href":"https:\/\/hablemosclarotdf.com.ar\/index.php?rest_route=\/wp\/v2\/media\/65842"}],"wp:attachment":[{"href":"https:\/\/hablemosclarotdf.com.ar\/index.php?rest_route=%2Fwp%2Fv2%2Fmedia&parent=65841"}],"wp:term":[{"taxonomy":"category","embeddable":true,"href":"https:\/\/hablemosclarotdf.com.ar\/index.php?rest_route=%2Fwp%2Fv2%2Fcategories&post=65841"},{"taxonomy":"post_tag","embeddable":true,"href":"https:\/\/hablemosclarotdf.com.ar\/index.php?rest_route=%2Fwp%2Fv2%2Ftags&post=65841"}],"curies":[{"name":"wp","href":"https:\/\/api.w.org\/{rel}","templated":true}]}}