{"id":65809,"date":"2026-02-02T17:35:15","date_gmt":"2026-02-02T20:35:15","guid":{"rendered":"https:\/\/hablemosclarotdf.com.ar\/?p=65809"},"modified":"2026-02-02T17:35:15","modified_gmt":"2026-02-02T20:35:15","slug":"comenzo-el-montaje-del-nuevo-medio-de-elevacion-del-cerro-martial","status":"publish","type":"post","link":"https:\/\/hablemosclarotdf.com.ar\/?p=65809","title":{"rendered":"COMENZ\u00d3 EL MONTAJE DEL NUEVO MEDIO DE ELEVACI\u00d3N DEL CERRO MARTIAL"},"content":{"rendered":"<p>Inici\u00f3 el montaje del nuevo medio de elevaci\u00f3n del Cerro Martial con la colocaci\u00f3n de la primera columna de la estructura. Un hito clave en una obra estrat\u00e9gica que permitir\u00e1 recuperar y reconfigurar este hist\u00f3rico centro de monta\u00f1a, incorporando tecnolog\u00eda de \u00faltima generaci\u00f3n y ampliando su uso durante todo el a\u00f1o.<\/p>\n<p>En el marco de la recorrida, la ministra de Obras y Servicios P\u00fablicos, Gabriela Castillo, coment\u00f3 que \u201choy empieza a tomar visibilidad el \u00faltimo tramo de una obra muy ambiciosa, que hasta ahora ven\u00eda desarroll\u00e1ndose en fundaciones y trabajos que no se ve\u00edan\u201d, y subray\u00f3 que \u201cestamos hablando de tecnolog\u00eda de primer nivel mundial que lleg\u00f3 a Tierra del Fuego para recuperar un centro invernal hist\u00f3rico y proyectarlo como un cerro de uso todo el a\u00f1o\u201d.<\/p>\n<p>Castillo remarc\u00f3 adem\u00e1s que \u201ceste medio de elevaci\u00f3n no solo mejora la experiencia del esqu\u00ed, sino que integra a la comunidad, ampl\u00eda las posibilidades para personas de distintas edades y movilidad reducida, y permite pensar al Cerro Martial como una alternativa tur\u00edstica y recreativa permanente, tanto en invierno como en verano\u201d.<\/p>\n<p>Por su parte, el presidente del Instituto Fueguino de Turismo, Dante Querciali, se\u00f1al\u00f3 que \u201cla instalaci\u00f3n de este nuevo medio de elevaci\u00f3n de \u00faltima generaci\u00f3n viene a consolidar la actividad tur\u00edstica en un lugar emblem\u00e1tico como el Martial, por su cercan\u00eda con la ciudad y por el enorme potencial que tiene como producto tur\u00edstico para residentes y visitantes\u201d.<\/p>\n<p>En tanto, el concesionario del Centro, Alejandro Guzm\u00e1n, explic\u00f3 que \u201cla colocaci\u00f3n de la primera torre es un hito muy importante dentro de un proceso que lleva m\u00e1s de un a\u00f1o de planificaci\u00f3n y obra\u201d, y precis\u00f3 que \u201csi el clima acompa\u00f1a, el montaje completo demandar\u00e1 unos 60 d\u00edas, con el objetivo de poner el medio en funcionamiento para la pr\u00f3xima temporada invernal\u201d.<\/p>\n<p>El nuevo sistema de elevaci\u00f3n, de origen suizo y con tecnolog\u00eda de \u00faltima generaci\u00f3n, contar\u00e1 con m\u00e1s de 1.400 metros de recorrido y permitir\u00e1 mejorar la accesibilidad a la monta\u00f1a, diversificar las actividades y fortalecer la propuesta tur\u00edstica de Ushuaia, generando adem\u00e1s impacto positivo en el empleo y en la actividad econ\u00f3mica local.<\/p>\n<p>De la recorrida participaron la ministra de Obras y Servicios P\u00fablicos, Gabriela Castillo; el presidente del Instituto Fueguino de Turismo, Dante Querciali; del directorio del Cerro Martial, Alejandro Guzm\u00e1n y Alejandro Affonso; el presidente de la C\u00e1mara de Comercio de Ushuaia, Daniel Gonz\u00e1lez; junto a equipos de monta\u00f1a y representantes de la empresa internacional especializada a cargo del montaje del nuevo medio de elevaci\u00f3n.<\/p>\n<p><img loading=\"lazy\" decoding=\"async\" class=\"alignnone size-medium wp-image-65815\" src=\"https:\/\/hablemosclarotdf.com.ar\/wp-content\/uploads\/2026\/02\/photo_2026-02-02_17-22-03-1-300x200.jpg\" alt=\"\" width=\"300\" height=\"200\" srcset=\"https:\/\/hablemosclarotdf.com.ar\/wp-content\/uploads\/2026\/02\/photo_2026-02-02_17-22-03-1-300x200.jpg 300w, https:\/\/hablemosclarotdf.com.ar\/wp-content\/uploads\/2026\/02\/photo_2026-02-02_17-22-03-1-1024x684.jpg 1024w, https:\/\/hablemosclarotdf.com.ar\/wp-content\/uploads\/2026\/02\/photo_2026-02-02_17-22-03-1-768x513.jpg 768w, https:\/\/hablemosclarotdf.com.ar\/wp-content\/uploads\/2026\/02\/photo_2026-02-02_17-22-03-1.jpg 1280w\" sizes=\"auto, (max-width: 300px) 100vw, 300px\" \/> <img loading=\"lazy\" decoding=\"async\" class=\"alignnone size-medium wp-image-65816\" src=\"https:\/\/hablemosclarotdf.com.ar\/wp-content\/uploads\/2026\/02\/photo_2026-02-02_17-22-38-1-300x200.jpg\" alt=\"\" width=\"300\" height=\"200\" srcset=\"https:\/\/hablemosclarotdf.com.ar\/wp-content\/uploads\/2026\/02\/photo_2026-02-02_17-22-38-1-300x200.jpg 300w, https:\/\/hablemosclarotdf.com.ar\/wp-content\/uploads\/2026\/02\/photo_2026-02-02_17-22-38-1-1024x684.jpg 1024w, https:\/\/hablemosclarotdf.com.ar\/wp-content\/uploads\/2026\/02\/photo_2026-02-02_17-22-38-1-768x513.jpg 768w, https:\/\/hablemosclarotdf.com.ar\/wp-content\/uploads\/2026\/02\/photo_2026-02-02_17-22-38-1.jpg 1280w\" sizes=\"auto, (max-width: 300px) 100vw, 300px\" \/> <img loading=\"lazy\" decoding=\"async\" class=\"alignnone size-medium wp-image-65817\" src=\"https:\/\/hablemosclarotdf.com.ar\/wp-content\/uploads\/2026\/02\/photo_2026-02-02_17-22-44-1-300x200.jpg\" alt=\"\" width=\"300\" height=\"200\" srcset=\"https:\/\/hablemosclarotdf.com.ar\/wp-content\/uploads\/2026\/02\/photo_2026-02-02_17-22-44-1-300x200.jpg 300w, https:\/\/hablemosclarotdf.com.ar\/wp-content\/uploads\/2026\/02\/photo_2026-02-02_17-22-44-1-1024x684.jpg 1024w, https:\/\/hablemosclarotdf.com.ar\/wp-content\/uploads\/2026\/02\/photo_2026-02-02_17-22-44-1-768x513.jpg 768w, https:\/\/hablemosclarotdf.com.ar\/wp-content\/uploads\/2026\/02\/photo_2026-02-02_17-22-44-1.jpg 1280w\" sizes=\"auto, (max-width: 300px) 100vw, 300px\" \/><\/p>\n<p><img loading=\"lazy\" decoding=\"async\" class=\"alignnone size-medium wp-image-65818\" src=\"https:\/\/hablemosclarotdf.com.ar\/wp-content\/uploads\/2026\/02\/photo_2026-02-02_17-31-53-300x200.jpg\" alt=\"\" width=\"300\" height=\"200\" srcset=\"https:\/\/hablemosclarotdf.com.ar\/wp-content\/uploads\/2026\/02\/photo_2026-02-02_17-31-53-300x200.jpg 300w, https:\/\/hablemosclarotdf.com.ar\/wp-content\/uploads\/2026\/02\/photo_2026-02-02_17-31-53-1024x684.jpg 1024w, https:\/\/hablemosclarotdf.com.ar\/wp-content\/uploads\/2026\/02\/photo_2026-02-02_17-31-53-768x513.jpg 768w, https:\/\/hablemosclarotdf.com.ar\/wp-content\/uploads\/2026\/02\/photo_2026-02-02_17-31-53.jpg 1280w\" sizes=\"auto, (max-width: 300px) 100vw, 300px\" \/><\/p>\n","protected":false},"excerpt":{"rendered":"<p>Inici\u00f3 el montaje del nuevo medio de elevaci\u00f3n del Cerro Martial con la colocaci\u00f3n de&#8230;<\/p>\n","protected":false},"author":1,"featured_media":65810,"comment_status":"closed","ping_status":"closed","sticky":false,"template":"","format":"standard","meta":{"footnotes":""},"categories":[3],"tags":[],"class_list":["post-65809","post","type-post","status-publish","format-standard","has-post-thumbnail","hentry","category-noticias"],"jetpack_featured_media_url":"https:\/\/hablemosclarotdf.com.ar\/wp-content\/uploads\/2026\/02\/photo_2026-02-02_17-21-57.jpg","_links":{"self":[{"href":"https:\/\/hablemosclarotdf.com.ar\/index.php?rest_route=\/wp\/v2\/posts\/65809","targetHints":{"allow":["GET"]}}],"collection":[{"href":"https:\/\/hablemosclarotdf.com.ar\/index.php?rest_route=\/wp\/v2\/posts"}],"about":[{"href":"https:\/\/hablemosclarotdf.com.ar\/index.php?rest_route=\/wp\/v2\/types\/post"}],"author":[{"embeddable":true,"href":"https:\/\/hablemosclarotdf.com.ar\/index.php?rest_route=\/wp\/v2\/users\/1"}],"replies":[{"embeddable":true,"href":"https:\/\/hablemosclarotdf.com.ar\/index.php?rest_route=%2Fwp%2Fv2%2Fcomments&post=65809"}],"version-history":[{"count":1,"href":"https:\/\/hablemosclarotdf.com.ar\/index.php?rest_route=\/wp\/v2\/posts\/65809\/revisions"}],"predecessor-version":[{"id":65819,"href":"https:\/\/hablemosclarotdf.com.ar\/index.php?rest_route=\/wp\/v2\/posts\/65809\/revisions\/65819"}],"wp:featuredmedia":[{"embeddable":true,"href":"https:\/\/hablemosclarotdf.com.ar\/index.php?rest_route=\/wp\/v2\/media\/65810"}],"wp:attachment":[{"href":"https:\/\/hablemosclarotdf.com.ar\/index.php?rest_route=%2Fwp%2Fv2%2Fmedia&parent=65809"}],"wp:term":[{"taxonomy":"category","embeddable":true,"href":"https:\/\/hablemosclarotdf.com.ar\/index.php?rest_route=%2Fwp%2Fv2%2Fcategories&post=65809"},{"taxonomy":"post_tag","embeddable":true,"href":"https:\/\/hablemosclarotdf.com.ar\/index.php?rest_route=%2Fwp%2Fv2%2Ftags&post=65809"}],"curies":[{"name":"wp","href":"https:\/\/api.w.org\/{rel}","templated":true}]}}