{"id":65780,"date":"2026-02-02T15:48:34","date_gmt":"2026-02-02T18:48:34","guid":{"rendered":"https:\/\/hablemosclarotdf.com.ar\/?p=65780"},"modified":"2026-02-02T15:48:34","modified_gmt":"2026-02-02T18:48:34","slug":"rio-grande-continuan-las-propuestas-para-recorrer-los-atractivos-turisticos-de-la-ciudad-durante-febrero","status":"publish","type":"post","link":"https:\/\/hablemosclarotdf.com.ar\/?p=65780","title":{"rendered":"RIO GRANDE : CONTIN\u00daAN LAS PROPUESTAS PARA RECORRER LOS ATRACTIVOS TUR\u00cdSTICOS DE LA CIUDAD DURANTE FEBRERO"},"content":{"rendered":"<p>En el marco de esta temporada estival, el Municipio de R\u00edo Grande, a trav\u00e9s de la Agencia de Deportes, Cultura y Turismo, invita a toda la comunidad a participar de las diversas actividades pensadas para seguir recorriendo y redescubriendo los distintos puntos tur\u00edsticos e hist\u00f3ricos de nuestra ciudad.<\/p>\n<p>Durante el mes de febrero, vecinas, vecinos y visitantes podr\u00e1n sumarse a una variada agenda de propuestas gratuitas que incluyen recorridos hist\u00f3ricos, caminatas interpretativas y experiencias nocturnas en espacios emblem\u00e1ticos de R\u00edo Grande, con el objetivo de poner en valor el patrimonio cultural, natural e hist\u00f3rico local.<\/p>\n<p>Por un lado, contin\u00faan las \u201cSalidas Nocturnas\u201d, una propuesta que invita a conocer distintos espacios de la ciudad en horario nocturno. Las actividades se desarrollar\u00e1n los viernes 6, 13, 20 y 27 de febrero, de 19 a 21 horas, con recorridos hist\u00f3ricos en la Biblioteca Eduardo Schmidt y en la Casa de Pioneros, una visita al Batall\u00f3n de Infanter\u00eda de Marina N.\u00ba 5, y una \u201cNoche en el Museo\u201d en el Museo Municipal &#8220;Virginia Choquintel&#8221;.<\/p>\n<p>Asimismo, se llevar\u00e1 adelante el programa \u201cDescubr\u00ed R\u00edo Grande\u201d, que propone caminatas guiadas para conocer el entorno natural de la ciudad. En este marco, el jueves 5 de febrero se realizar\u00e1 una caminata interpretativa, mientras que el jueves 19 tendr\u00e1 lugar una caminata intermareal. Ambas actividades se desarrollar\u00e1n de 14 a 16 horas.<\/p>\n<p>Todas las propuestas requieren inscripci\u00f3n previa, la cual se realiza de manera online a trav\u00e9s del sitio web turismo.riogrande.gob.ar.<\/p>\n<p>De esta manera, el Municipio de R\u00edo Grande contin\u00faa promoviendo iniciativas que fortalecen el turismo local, el disfrute del espacio p\u00fablico y el conocimiento de la identidad fueguina, ofreciendo alternativas accesibles para compartir en familia y con amigos durante el verano.<\/p>\n<p><img loading=\"lazy\" decoding=\"async\" class=\"alignnone size-medium wp-image-65782\" src=\"https:\/\/hablemosclarotdf.com.ar\/wp-content\/uploads\/2026\/02\/photo_2026-02-02_15-47-50-240x300.jpg\" alt=\"\" width=\"240\" height=\"300\" srcset=\"https:\/\/hablemosclarotdf.com.ar\/wp-content\/uploads\/2026\/02\/photo_2026-02-02_15-47-50-240x300.jpg 240w, https:\/\/hablemosclarotdf.com.ar\/wp-content\/uploads\/2026\/02\/photo_2026-02-02_15-47-50-819x1024.jpg 819w, https:\/\/hablemosclarotdf.com.ar\/wp-content\/uploads\/2026\/02\/photo_2026-02-02_15-47-50-768x961.jpg 768w, https:\/\/hablemosclarotdf.com.ar\/wp-content\/uploads\/2026\/02\/photo_2026-02-02_15-47-50-1228x1536.jpg 1228w, https:\/\/hablemosclarotdf.com.ar\/wp-content\/uploads\/2026\/02\/photo_2026-02-02_15-47-50-1024x1281.jpg 1024w, https:\/\/hablemosclarotdf.com.ar\/wp-content\/uploads\/2026\/02\/photo_2026-02-02_15-47-50.jpg 1279w\" sizes=\"auto, (max-width: 240px) 100vw, 240px\" \/><\/p>\n","protected":false},"excerpt":{"rendered":"<p>En el marco de esta temporada estival, el Municipio de R\u00edo Grande, a trav\u00e9s de&#8230;<\/p>\n","protected":false},"author":1,"featured_media":65781,"comment_status":"closed","ping_status":"closed","sticky":false,"template":"","format":"standard","meta":{"footnotes":""},"categories":[3],"tags":[],"class_list":["post-65780","post","type-post","status-publish","format-standard","has-post-thumbnail","hentry","category-noticias"],"jetpack_featured_media_url":"https:\/\/hablemosclarotdf.com.ar\/wp-content\/uploads\/2026\/02\/photo_2026-02-02_15-47-45.jpg","_links":{"self":[{"href":"https:\/\/hablemosclarotdf.com.ar\/index.php?rest_route=\/wp\/v2\/posts\/65780","targetHints":{"allow":["GET"]}}],"collection":[{"href":"https:\/\/hablemosclarotdf.com.ar\/index.php?rest_route=\/wp\/v2\/posts"}],"about":[{"href":"https:\/\/hablemosclarotdf.com.ar\/index.php?rest_route=\/wp\/v2\/types\/post"}],"author":[{"embeddable":true,"href":"https:\/\/hablemosclarotdf.com.ar\/index.php?rest_route=\/wp\/v2\/users\/1"}],"replies":[{"embeddable":true,"href":"https:\/\/hablemosclarotdf.com.ar\/index.php?rest_route=%2Fwp%2Fv2%2Fcomments&post=65780"}],"version-history":[{"count":1,"href":"https:\/\/hablemosclarotdf.com.ar\/index.php?rest_route=\/wp\/v2\/posts\/65780\/revisions"}],"predecessor-version":[{"id":65783,"href":"https:\/\/hablemosclarotdf.com.ar\/index.php?rest_route=\/wp\/v2\/posts\/65780\/revisions\/65783"}],"wp:featuredmedia":[{"embeddable":true,"href":"https:\/\/hablemosclarotdf.com.ar\/index.php?rest_route=\/wp\/v2\/media\/65781"}],"wp:attachment":[{"href":"https:\/\/hablemosclarotdf.com.ar\/index.php?rest_route=%2Fwp%2Fv2%2Fmedia&parent=65780"}],"wp:term":[{"taxonomy":"category","embeddable":true,"href":"https:\/\/hablemosclarotdf.com.ar\/index.php?rest_route=%2Fwp%2Fv2%2Fcategories&post=65780"},{"taxonomy":"post_tag","embeddable":true,"href":"https:\/\/hablemosclarotdf.com.ar\/index.php?rest_route=%2Fwp%2Fv2%2Ftags&post=65780"}],"curies":[{"name":"wp","href":"https:\/\/api.w.org\/{rel}","templated":true}]}}