{"id":65775,"date":"2026-02-02T15:46:39","date_gmt":"2026-02-02T18:46:39","guid":{"rendered":"https:\/\/hablemosclarotdf.com.ar\/?p=65775"},"modified":"2026-02-02T15:46:39","modified_gmt":"2026-02-02T18:46:39","slug":"ushuaia-punto-digital-lanzo-nuevas-capacitaciones-del-programa-verano-conectado","status":"publish","type":"post","link":"https:\/\/hablemosclarotdf.com.ar\/?p=65775","title":{"rendered":"USHUAIA : PUNTO DIGITAL LANZ\u00d3 NUEVAS CAPACITACIONES DEL PROGRAMA VERANO CONECTADO"},"content":{"rendered":"<p>La Secretar\u00eda de Pol\u00edticas Sociales, Sanitarias y de Derechos Humanos de la Municipalidad de Ushuaia, a trav\u00e9s de Punto Digital, puso en marcha nuevas capacitaciones gratuitas en el marco del programa Verano Conectado, orientadas a fortalecer habilidades personales, comunicacionales y digitales.<\/p>\n<p>La propuesta incluye tres capacitaciones presenciales que se desarrollan durante el mes de febrero en la sede de Punto Digital, ubicada en Kuanip N\u00ba 2089, esquina La Pampa.<\/p>\n<p>Entre las opciones disponibles se encuentra Oratoria, destinada a personas mayores de 18 a\u00f1os, que inicia el 4 de febrero en turno ma\u00f1ana y consta de tres encuentros. El curso propone trabajar el lenguaje corporal, el manejo de la voz y la estructura narrativa, con el objetivo de mejorar la comunicaci\u00f3n frente a distintos p\u00fablicos.<\/p>\n<p>Tambi\u00e9n se dicta la capacitaci\u00f3n Streaming, orientada a personas mayores de 16 a\u00f1os, que comienza el 5 de febrero en turno ma\u00f1ana y cuenta con seis encuentros. La propuesta apunta a fortalecer la confianza, la imagen personal y las herramientas comunicacionales vinculadas a la preparaci\u00f3n para entrevistas y exposiciones audiovisuales.<\/p>\n<p>Por su parte, la capacitaci\u00f3n Coaching, dirigida a personas mayores de 18 a\u00f1os, inicia el 6 de febrero en turno ma\u00f1ana y se desarrolla a lo largo de cinco encuentros. El espacio brinda herramientas para potenciar el talento propio y ajeno, con contenidos vinculados a la escucha activa, la formulaci\u00f3n de preguntas y el dise\u00f1o de planes de acci\u00f3n.<\/p>\n<p>Las inscripciones se realizan de manera online, a trav\u00e9s del formulario de preinscripci\u00f3n disponible en<br \/>\n\ud83d\udc49 https:\/\/inscripciones.website\/punto-digital\/<\/p>\n<p>Para m\u00e1s informaci\u00f3n, las personas interesadas pueden consultar las redes sociales de la Secretar\u00eda en @Politicas.Sociales.Ush.<\/p>\n<p><img loading=\"lazy\" decoding=\"async\" class=\"alignnone size-medium wp-image-65777\" src=\"https:\/\/hablemosclarotdf.com.ar\/wp-content\/uploads\/2026\/02\/photo_2026-02-02_15-45-46-240x300.jpg\" alt=\"\" width=\"240\" height=\"300\" srcset=\"https:\/\/hablemosclarotdf.com.ar\/wp-content\/uploads\/2026\/02\/photo_2026-02-02_15-45-46-240x300.jpg 240w, https:\/\/hablemosclarotdf.com.ar\/wp-content\/uploads\/2026\/02\/photo_2026-02-02_15-45-46-819x1024.jpg 819w, https:\/\/hablemosclarotdf.com.ar\/wp-content\/uploads\/2026\/02\/photo_2026-02-02_15-45-46-768x960.jpg 768w, https:\/\/hablemosclarotdf.com.ar\/wp-content\/uploads\/2026\/02\/photo_2026-02-02_15-45-46.jpg 1024w\" sizes=\"auto, (max-width: 240px) 100vw, 240px\" \/> <img loading=\"lazy\" decoding=\"async\" class=\"alignnone size-medium wp-image-65778\" src=\"https:\/\/hablemosclarotdf.com.ar\/wp-content\/uploads\/2026\/02\/photo_2026-02-02_15-45-51-240x300.jpg\" alt=\"\" width=\"240\" height=\"300\" srcset=\"https:\/\/hablemosclarotdf.com.ar\/wp-content\/uploads\/2026\/02\/photo_2026-02-02_15-45-51-240x300.jpg 240w, https:\/\/hablemosclarotdf.com.ar\/wp-content\/uploads\/2026\/02\/photo_2026-02-02_15-45-51-819x1024.jpg 819w, https:\/\/hablemosclarotdf.com.ar\/wp-content\/uploads\/2026\/02\/photo_2026-02-02_15-45-51-768x960.jpg 768w, https:\/\/hablemosclarotdf.com.ar\/wp-content\/uploads\/2026\/02\/photo_2026-02-02_15-45-51.jpg 1024w\" sizes=\"auto, (max-width: 240px) 100vw, 240px\" \/><\/p>\n","protected":false},"excerpt":{"rendered":"<p>La Secretar\u00eda de Pol\u00edticas Sociales, Sanitarias y de Derechos Humanos de la Municipalidad de Ushuaia,&#8230;<\/p>\n","protected":false},"author":1,"featured_media":65776,"comment_status":"closed","ping_status":"closed","sticky":false,"template":"","format":"standard","meta":{"footnotes":""},"categories":[3],"tags":[],"class_list":["post-65775","post","type-post","status-publish","format-standard","has-post-thumbnail","hentry","category-noticias"],"jetpack_featured_media_url":"https:\/\/hablemosclarotdf.com.ar\/wp-content\/uploads\/2026\/02\/photo_2026-02-02_15-45-41.jpg","_links":{"self":[{"href":"https:\/\/hablemosclarotdf.com.ar\/index.php?rest_route=\/wp\/v2\/posts\/65775","targetHints":{"allow":["GET"]}}],"collection":[{"href":"https:\/\/hablemosclarotdf.com.ar\/index.php?rest_route=\/wp\/v2\/posts"}],"about":[{"href":"https:\/\/hablemosclarotdf.com.ar\/index.php?rest_route=\/wp\/v2\/types\/post"}],"author":[{"embeddable":true,"href":"https:\/\/hablemosclarotdf.com.ar\/index.php?rest_route=\/wp\/v2\/users\/1"}],"replies":[{"embeddable":true,"href":"https:\/\/hablemosclarotdf.com.ar\/index.php?rest_route=%2Fwp%2Fv2%2Fcomments&post=65775"}],"version-history":[{"count":1,"href":"https:\/\/hablemosclarotdf.com.ar\/index.php?rest_route=\/wp\/v2\/posts\/65775\/revisions"}],"predecessor-version":[{"id":65779,"href":"https:\/\/hablemosclarotdf.com.ar\/index.php?rest_route=\/wp\/v2\/posts\/65775\/revisions\/65779"}],"wp:featuredmedia":[{"embeddable":true,"href":"https:\/\/hablemosclarotdf.com.ar\/index.php?rest_route=\/wp\/v2\/media\/65776"}],"wp:attachment":[{"href":"https:\/\/hablemosclarotdf.com.ar\/index.php?rest_route=%2Fwp%2Fv2%2Fmedia&parent=65775"}],"wp:term":[{"taxonomy":"category","embeddable":true,"href":"https:\/\/hablemosclarotdf.com.ar\/index.php?rest_route=%2Fwp%2Fv2%2Fcategories&post=65775"},{"taxonomy":"post_tag","embeddable":true,"href":"https:\/\/hablemosclarotdf.com.ar\/index.php?rest_route=%2Fwp%2Fv2%2Ftags&post=65775"}],"curies":[{"name":"wp","href":"https:\/\/api.w.org\/{rel}","templated":true}]}}