{"id":65769,"date":"2026-02-02T12:53:03","date_gmt":"2026-02-02T15:53:03","guid":{"rendered":"https:\/\/hablemosclarotdf.com.ar\/?p=65769"},"modified":"2026-02-02T12:53:03","modified_gmt":"2026-02-02T15:53:03","slug":"tierra-del-fuego-toto-caputo-define-el-destino-de-us-200-millones-que-iban-a-ampliar-la-matriz-productiva","status":"publish","type":"post","link":"https:\/\/hablemosclarotdf.com.ar\/?p=65769","title":{"rendered":"Tierra del Fuego: Toto Caputo define el destino de u$s 200 millones que iban a ampliar la matriz productiva"},"content":{"rendered":"<p>La Promoci\u00f3n y el lobby<\/p>\n<p>El Fondo para la diversificaci\u00f3n de la isla ya no recibir\u00e1 nuevos ingresos, pero debe financiar obras p\u00fablicas y proyectos privados. Crisis de empleo.<\/p>\n<ul class=\"related-links ignore-parser\">\n<li class=\"ignore-parser\"><a class=\"ignore-parser\" href=\"https:\/\/www.letrap.com.ar\/economia\/tierra-del-fuego-los-nuevos-negocios-los-duenos-la-isla-n5420670\" target=\"_blank\" rel=\"follow noopener\">Tierra del Fuego: los nuevos negocios de los due\u00f1os de la isla<\/a><\/li>\n<\/ul>\n<div class=\"news-headline__author-and-share-wrapper d-flex\">\n<div class=\"news-headline__author-wrapper \">\n<div class=\"news-headline__author-wrapper names d-flex align-items-center\">\n<div class=\"news-headline__author-name\"><a class=\"news-headline__author-paragraph\" href=\"https:\/\/www.letrap.com.ar\/perfil\/883-francisco-aristi\">Por Francisco Aristi<\/a><\/div>\n<\/div>\n<\/div>\n<div class=\"news-headline__share-buttons-wrapper\"><\/div>\n<div>\n<div class=\"audio-note__header\"><img loading=\"lazy\" decoding=\"async\" id=\"logo-audio\" class=\"audio-note__header--icon\" src=\"https:\/\/media.audio.thinkindot.com\/\/statics\/v3\/icono_audio.png\" alt=\"Audio nota\" width=\"32\" height=\"24\" \/><\/p>\n<h6 id=\"audio-message\">Escuch\u00e1 la nota completa<\/h6>\n<\/div>\n<div id=\"audioControl\" class=\"audio-note__controls\">\n<div id=\"controlPlayer\" class=\"icon-play\"><\/div>\n<p><span id=\"speed-1-0\" class=\"audio-note--speed\">1<\/span><span id=\"speed-1-5\" class=\"audio-note--speed\">1.5<\/span><span id=\"less\" class=\"audio-note__advance\">10<\/span><span id=\"plus\" class=\"audio-note__advance\" data-timestamp=\"10\">10<\/span><input max=\"100\" min=\"0\" step=\"1\" type=\"range\" value=\"0\" \/><\/div>\n<p>Powered by Thinkindot Audio<\/p>\n<article class=\"article-body article-body--first-paragraph\">El Gobierno elimin\u00f3 el aporte obligatorio de las empresas electr\u00f3nicas de\u00a0<strong><a class=\"agrupador\" href=\"https:\/\/www.letrap.com.ar\/tag\/tierra-del-fuego\" rel=\"191\">Tierra del Fuego<\/a><\/strong>\u00a0al\u00a0<strong>Fondo de Ampliaci\u00f3n de la Matriz Productiva<\/strong>\u00a0(FAMP). El ministro\u00a0<strong><a class=\"agrupador\" href=\"https:\/\/www.letrap.com.ar\/toto-caputo-a1121\" rel=\"1121\">Toto Caputo<\/a>,<\/strong>\u00a0retiene una caja de unos u$s 200 millones y s\u00f3lo financi\u00f3 cuatro proyectos, mientras crecen dudas sobre el destino de esos recursos.<\/p>\n<\/article>\n<section class=\"recommended-news\"><span class=\"recommended-news__object-title\"><b>Notas Relacionadas<\/b><\/span><\/p>\n<div class=\"recommended-news__news-wrapper\">\n<article class=\"recommended-news__article\">\n<figure class=\"recommended-news__figure\"><img loading=\"lazy\" decoding=\"async\" class=\"recommended-news__img\" title=\"Javier Milei con los trabajadores de Tierra del Fuego, en plena crisis del empleo en la isla\" src=\"https:\/\/media.letrap.com.ar\/p\/3490ec0dcee9ad1934766f3da249a303\/adjuntos\/349\/imagenes\/100\/176\/0100176625\/178x100\/smart\/milei-tdf-trabajadores.jpg\" alt=\"Javier Milei con los trabajadores de Tierra del Fuego, en plena crisis del empleo en la isla\" width=\"116\" height=\"65\" data-td-src-property=\"https:\/\/media.letrap.com.ar\/p\/3490ec0dcee9ad1934766f3da249a303\/adjuntos\/349\/imagenes\/100\/176\/0100176625\/178x100\/smart\/milei-tdf-trabajadores.jpg\" \/><\/figure>\n<div class=\"recommended-news__info-wrapper\"><span class=\"news-article__badge\">UNA BATALLA TRAS OTRA<\/span><\/p>\n<h2 class=\"recommended-news__title\">Milei hiere de muerte el fondo para cambiar la matriz productiva fueguina y no le da tregua a Melella<\/h2>\n<div class=\"news-article__journalist \">\n<div class=\"news-article__journalist-wrapper names\"><span class=\"news-article__journalist-by\" data-image=\"https:\/\/media.letrap.com.ar\/p\/8cee6eee229b16bc9ab12bbf163acdad\/adjuntos\/349\/autores\/100\/127\/0100127373\/laura-funesjpg.jpg\">Por\u00a0<\/span><\/p>\n<figure class=\"news-article__journalist-figure figure\"><img loading=\"lazy\" decoding=\"async\" class=\"news-article__journalist-img figure-img img-fluid rounded\" src=\"https:\/\/media.letrap.com.ar\/p\/8cee6eee229b16bc9ab12bbf163acdad\/adjuntos\/349\/autores\/100\/127\/0100127373\/laura-funesjpg.jpg\" alt=\"Letra P | Laura Funes\" width=\"40\" height=\"40\" data-td-src-property=\"https:\/\/media.letrap.com.ar\/p\/8cee6eee229b16bc9ab12bbf163acdad\/adjuntos\/349\/autores\/100\/127\/0100127373\/laura-funesjpg.jpg\" \/><\/figure>\n<p><span class=\"news-article__journalist-name\">Laura Funes<\/span><\/div>\n<\/div>\n<\/div>\n<\/article>\n<\/div>\n<\/section>\n<article class=\"article-body content-protected-false article-body--second-paragraph\">De manera sorpresiva, la administraci\u00f3n de\u00a0<a class=\"agrupador\" href=\"https:\/\/www.letrap.com.ar\/javier-milei-a256\" rel=\"256\"><strong>Javier Milei<\/strong><\/a>\u00a0quit\u00f3 el aporte del 15% del total del IVA que\u00a0<a title=\"Javier Milei hiere de muerte el fondo para cambiar la matriz productiva fueguina y no le da tregua a Melella\" href=\"https:\/\/www.letrap.com.ar\/economia\/javier-milei-hiere-muerte-el-fondo-cambiar-la-matriz-productiva-fueguina-y-no-le-da-tregua-melella-n5421497\" target=\"_blank\" rel=\"follow noopener\">las empresas tienen exento por la promoci\u00f3n industrial<\/a>. Se trata de un compromiso que hab\u00eda sido asumido con el gobierno de\u00a0<strong>Alberto Fern\u00e1ndez<\/strong>\u00a0cuando se prorrogaron los beneficios impositivos y aduaneros del r\u00e9gimen fueguino hasta 2038, con la posibilidad de extenderlos otros 15 a\u00f1os.<\/p>\n<\/article>\n<div>\n<div id=\"Inline\"><\/div>\n<\/div>\n<article class=\"article-body content-protected-false article-body--second-paragraph\">\u201cLa idea es ejecutar los u$s 200 millones del FAMP para financiar proyectos productivos y cerrarlo, que no exista m\u00e1s\u201d, explic\u00f3 a\u00a0<strong>Letra P<\/strong>\u00a0una fuente vinculada a la administraci\u00f3n del fondo. La misma fuente advirti\u00f3 que \u201cla aprobaci\u00f3n final para desembolsar el dinero de cada proyecto depende de la disponibilidad de d\u00f3lares de Toto Caputo\u201d.<\/p>\n<\/article>\n<article class=\"article-body content-protected-false article-body--second-paragraph\">\n<h2>Toto Caputo maneja los d\u00f3lares del FAMP<\/h2>\n<p>Los recursos del FAMP est\u00e1n administrados a trav\u00e9s de un fideicomiso del banco p\u00fablico\u00a0<strong>BICE<\/strong>. El directorio del fondo est\u00e1 presidido por\u00a0<strong>Noelia Ruiz<\/strong>, dirigente alineada con\u00a0<strong><a class=\"agrupador\" href=\"https:\/\/www.letrap.com.ar\/santiago-caputo-a1219\" rel=\"1219\">Santiago Caputo<\/a><\/strong>;\u00a0<strong>Miguel Schmukler<\/strong>, hombre de confianza del ministro de Econom\u00eda; y\u00a0<strong>Maximiliano D\u2019Alessio<\/strong>, representante de la provincia de Tierra del Fuego en el comit\u00e9.<\/p>\n<\/article>\n<article class=\"article-body content-protected-false article-body--second-paragraph\">\n<figure id=\"88479-Libre-253746111_wrap\" class=\"embed_cont type_imagen\" contenteditable=\"false\">\n<div id=\"88479-Libre-253746111_content\" class=\"embed_content\"><img loading=\"lazy\" decoding=\"async\" id=\"88479-Libre-253746111_embed\" title=\"Javier Milei, las importaciones y el r\u00e9gimen diferencial de Tierra del Fuego. \" src=\"https:\/\/media.letrap.com.ar\/p\/d25cc1835bd33837f007e13c4145fd0e\/adjuntos\/349\/imagenes\/100\/117\/0100117440\/790x0\/smart\/javier-milei-las-importaciones-y-el-regimen-diferencial-tierra-del-fuego.jpg\" alt=\"Javier Milei, las importaciones y el r\u00e9gimen diferencial de Tierra del Fuego. \" width=\"790\" height=\"442\" data-td-src-property=\"https:\/\/media.letrap.com.ar\/p\/d25cc1835bd33837f007e13c4145fd0e\/adjuntos\/349\/imagenes\/100\/117\/0100117440\/790x0\/smart\/javier-milei-las-importaciones-y-el-regimen-diferencial-tierra-del-fuego.jpg\" \/><\/div><figcaption class=\"embed_wrapper-cont\">\n<div id=\"88479-Libre-253746111_epigrafe\" class=\"embed_epigrafe\">\n<p>Javier Milei, las importaciones y el r\u00e9gimen diferencial de Tierra del Fuego.<\/p>\n<\/div>\n<\/figcaption><\/figure>\n<p>Sin nuevos aportes de las empresas beneficiadas por la promoci\u00f3n industrial, la inc\u00f3gnita ahora es qu\u00e9 destino tendr\u00e1 cada d\u00f3lar acumulado en el FAMP, que qued\u00f3 virtualmente congelado.<\/p>\n<p>Seg\u00fan datos suministrados por el senador nacional fueguino\u00a0<strong>Agust\u00edn Coto<\/strong>, de La Libertad Avanza (LLA), los \u00fanicos dos proyectos p\u00fablicos en ejecuci\u00f3n son la Central de Energ\u00eda El\u00e9ctrica de Ushuaia y el Parque Industrial del Cincuentenario, en la ciudad de Tolhuin.<\/p>\n<p>Tambi\u00e9n se realizaron desembolsos del FAMP para la firma\u00a0<strong>Volar S.A.<\/strong>\u00a0(<strong>HeliUshuaia<\/strong>), propiedad del empresario\u00a0<strong>Osvaldo Mella<\/strong>, destinados a la compra de un avi\u00f3n con el objetivo de conectar Ushuaia con la Ant\u00e1rtida.<\/p>\n<h2>Proyectos aprobados, pero sin fondos<\/h2>\n<p>Adem\u00e1s de las iniciativas p\u00fablicas, el FAMP aprob\u00f3 once proyectos de inversi\u00f3n presentados por empresas electr\u00f3nicas alcanzadas por la promoci\u00f3n industrial. Sin embargo, muchos de ellos permanecen en etapa preliminar o son apenas bocetos. Las compa\u00f1\u00edas adheridas al fondo reten\u00edan el 40% del aporte obligatorio mensual para financiar sus propias iniciativas.<\/p>\n<p>El proyecto m\u00e1s avanzado es\u00a0<a href=\"https:\/\/www.letrap.com.ar\/economia\/lo-primero-es-la-familia-toto-caputo-financia-y-nicky-construye-un-hotel-lujo-tierra-del-fuego-n5414531\" target=\"_blank\" rel=\"follow noopener\">la construcci\u00f3n de un hotel cinco estrellas en Ushuaia<\/a>, anunciado por el\u00a0<strong>Grupo Mirgor<\/strong>\u00a0junto a la cadena\u00a0<strong>Meli\u00e1 Hotels International<\/strong>. Mirgor tambi\u00e9n tiene aprobada la construcci\u00f3n de un puerto en R\u00edo Grande, aunque desde la empresa admiten que la obra qued\u00f3 &#8220;<em>stand by<\/em>&#8220;. En la misma situaci\u00f3n se encuentra la idea de crear una aerol\u00ednea log\u00edstica con destino a la Ant\u00e1rtida: se realiz\u00f3 un vuelo inaugural con inconvenientes y el plan qued\u00f3 en suspenso.<\/p>\n<p>Entre los proyectos presentados figuran dep\u00f3sitos log\u00edsticos, hoteles y emprendimientos de pesca con fines tur\u00edsticos. All\u00ed se inscriben dos iniciativas del grupo\u00a0<strong>Newsan<\/strong>: una vinculada al\u00a0<em>catering<\/em>\u00a0de cruceros y otra para ampliar\u00a0<strong>Newsan Food<\/strong>, dedicada a la producci\u00f3n de mejillones en Puerto Almanza, sobre el Canal Beagle. Ninguna de estas propuestas recibi\u00f3 financiamiento hasta el momento.<\/p>\n<p>El r\u00e9gimen industrial fueguino se sustenta en la ley nacional 19.640, que tuvo como uno de sus objetivos estrat\u00e9gicos el poblamiento del territorio. Exime a las empresas del pago de IVA, Ganancias, Ingresos Brutos y aranceles de importaci\u00f3n, adem\u00e1s de aplicar una al\u00edcuota reducida de impuestos internos a las firmas radicadas en la isla.<\/p>\n<h2>Crisis del empleo en Tierra del Fuego<\/h2>\n<p>La industria electr\u00f3nica lleg\u00f3 a generar m\u00e1s de 12.000 puestos de trabajo. Actualmente, esa cifra se redujo a la mitad, si se contabilizan los contratos a t\u00e9rmino y las modalidades de Prestaci\u00f3n Permanente Discontinua (PPD), que garantizan apenas cuatro meses de empleo al a\u00f1o.<\/p>\n<p>Seg\u00fan fuentes locales, tambi\u00e9n\u00a0<a href=\"https:\/\/www.letrap.com.ar\/economia\/la-industria-tierra-del-fuego-crisis-comienza-el-arancel-cero-importaciones-celulares-n5421303\" target=\"_blank\" rel=\"follow noopener\">se deterior\u00f3 el salario industrial en la isla<\/a>. \u201cActualmente un salario en blanco de comercio es mejor que lo que paga una empresa electr\u00f3nica, que ronda los $1,4 millones netos\u201d, explic\u00f3 un dirigente fueguino.<\/p>\n<figure id=\"87582-Libre-32795263_wrap\" class=\"embed_cont type_imagen\" contenteditable=\"false\">\n<div id=\"87582-Libre-32795263_content\" class=\"embed_content\"><img loading=\"lazy\" decoding=\"async\" id=\"87582-Libre-32795263_embed\" title=\"Con el consumo estancado, la C\u00e1mara de Comercio plantea un escenario exigente para las empresas post elecciones. \" src=\"https:\/\/media.letrap.com.ar\/p\/c0056afdcdba187ab1a3884ed93c9693\/adjuntos\/349\/imagenes\/100\/114\/0100114912\/790x0\/smart\/con-el-consumo-estancado-la-camara-comercio-plantea-un-escenario-exigente-las-empresas-post-elecciones.jpg\" alt=\"Con el consumo estancado, la C\u00e1mara de Comercio plantea un escenario exigente para las empresas post elecciones. \" width=\"790\" height=\"444\" data-td-src-property=\"https:\/\/media.letrap.com.ar\/p\/c0056afdcdba187ab1a3884ed93c9693\/adjuntos\/349\/imagenes\/100\/114\/0100114912\/790x0\/smart\/con-el-consumo-estancado-la-camara-comercio-plantea-un-escenario-exigente-las-empresas-post-elecciones.jpg\" \/><\/div><figcaption class=\"embed_wrapper-cont\">\n<div id=\"87582-Libre-32795263_epigrafe\" class=\"embed_epigrafe\">\n<p>Con el consumo estancado, la C\u00e1mara de Comercio plantea un escenario exigente para las empresas post elecciones.<\/p>\n<\/div>\n<\/figcaption><\/figure>\n<p>\u201cSi la isla no se diversifica, se pierden otros 2.000 puestos de trabajo. El ensamblado de celulares de gama baja es imposible de sostener, porque el precio final es hasta seis veces m\u00e1s caro que un celular importado\u201d, explic\u00f3 un legislador provincial alineado con Milei.<\/p>\n<p>Un funcionario de uno de los tres municipios fueguinos asegur\u00f3 a\u00a0<strong>Letra P<\/strong>\u00a0que \u201cel gobierno nacional busca una provincia despoblada. Ya vemos gente durmiendo en la calle, algo ins\u00f3lito en Tierra del Fuego\u201d.<\/p>\n<h2>Los ganadores de la promoci\u00f3n<\/h2>\n<p><a href=\"https:\/\/www.letrap.com.ar\/economia\/tierra-del-fuego-los-nuevos-negocios-los-duenos-la-isla-n5420670\" target=\"_blank\" rel=\"follow noopener\">Las empresas que mejor aprovecharon el r\u00e9gimen<\/a>\u00a0de promoci\u00f3n industrial fueron Newsan, del empresario\u00a0<strong>Rub\u00e9n Cher\u00f1ajovsky<\/strong>, y el Grupo Mirgor, cuyo fundador y principal accionista es\u00a0<strong>Nicky Caputo<\/strong>, primo del ministro de Econom\u00eda y amigo personal de\u00a0<strong>Mauricio Macri<\/strong>, con quien fue socio. Ambas compa\u00f1\u00edas presentaron proyectos ante el FAMP.<\/p>\n<figure id=\"101185-Libre-539916898_wrap\" class=\"embed_cont type_imagen\" contenteditable=\"false\">\n<div id=\"101185-Libre-539916898_content\" class=\"embed_content\"><img loading=\"lazy\" decoding=\"async\" id=\"101185-Libre-539916898_embed\" title=\"Los negocios de Nicky Caputo y Toto Caputo en Tierra del Fuego\" src=\"https:\/\/media.letrap.com.ar\/p\/a2dddf828e33fdafc8b8ff5ca22e1401\/adjuntos\/349\/imagenes\/100\/139\/0100139926\/790x0\/smart\/los-negocios-nicky-caputo-y-toto-caputo-tierra-del-fuego.jpg\" alt=\"Los negocios de Nicky Caputo y Toto Caputo en Tierra del Fuego\" width=\"790\" height=\"526\" data-td-src-property=\"https:\/\/media.letrap.com.ar\/p\/a2dddf828e33fdafc8b8ff5ca22e1401\/adjuntos\/349\/imagenes\/100\/139\/0100139926\/790x0\/smart\/los-negocios-nicky-caputo-y-toto-caputo-tierra-del-fuego.jpg\" \/><\/div><figcaption class=\"embed_wrapper-cont\">\n<div id=\"101185-Libre-539916898_epigrafe\" class=\"embed_epigrafe\">\n<p>Los negocios de Nicky Caputo y Toto Caputo en Tierra del Fuego<\/p>\n<\/div>\n<\/figcaption><\/figure>\n<p>\u201cLas empresas entienden que deben reconvertirse, pero tambi\u00e9n quieren estirar al m\u00e1ximo las condiciones favorables actuales\u201d, explic\u00f3 un dirigente pol\u00edtico local. Y diferenci\u00f3 las estrategias: Cher\u00f1ajovsky \u201chace tiempo que se abri\u00f3 a la importaci\u00f3n\u201d, mientras que Mirgor mantiene un mayor arraigo industrial en la isla y desarrolla productos propios, como los sistemas multimedia que utiliza la camioneta\u00a0<strong>Toyota Hilux<\/strong>\u00a0y que se exportan a Am\u00e9rica Latina.<\/p>\n<p>El objetivo original del FAMP era diversificar la producci\u00f3n fueguina y preparar una salida gradual del r\u00e9gimen de promoci\u00f3n industrial, que seg\u00fan estimaciones de la fundaci\u00f3n\u00a0<strong>Fundar<\/strong>\u00a0implica una p\u00e9rdida de recaudaci\u00f3n cercana a los u$s 1000 millones anuales para el Estado nacional.<\/p>\n<h2>El lobby de Cher\u00f1ajovsky y Nicky Caputo<\/h2>\n<p>El informe de Fundar fue elaborado por el economista\u00a0<strong>Juan Carlos Hallak<\/strong>, profesor de la UBA e investigador del Conicet. Sobre la eliminaci\u00f3n del aporte al FAMP, Hallak sostuvo que \u201cen peque\u00f1a escala, el FAMP era una forma razonable de iniciar una transformaci\u00f3n de la estructura productiva de Tierra del Fuego\u201d. Y agreg\u00f3: \u201cAhora ese 15%, del orden de los u$s 100 millones anuales, se lo quedan las empresas\u201d.<\/p>\n<p>En redes sociales,\u00a0<strong>Mat\u00edas Fern\u00e1ndez<\/strong>, exfuncionario del Ministerio de Producci\u00f3n durante la gesti\u00f3n macrista, polemiz\u00f3 con Hallak y celebr\u00f3 la eliminaci\u00f3n del fondo. Defini\u00f3 al FAMP como \u201cotro mecanismo tramposo inventado por buenos lobistas\u201d y sostuvo que era ingenuo pensar que la transformaci\u00f3n productiva de la isla pod\u00eda quedar en manos de \u201clas mismas empresas que quieren el\u00a0<em>status quo<\/em>\u00a0y un mecanismo lento y poco transparente\u201d.<\/p>\n<div id=\"embed5430_wrap\" class=\"embed_cont type_freetext\" contenteditable=\"false\" data-provider=\"Twitter\">\n<div id=\"embed5430_content\" class=\"embed_content\">\n<div id=\"embed5430_embed\">\n<div class=\"twitter-tweet twitter-tweet-rendered\"><iframe id=\"twitter-widget-0\" class=\"\" title=\"X Post\" src=\"https:\/\/platform.twitter.com\/embed\/Tweet.html?creatorScreenName=Letra_P&amp;dnt=false&amp;embedId=twitter-widget-0&amp;features=eyJ0ZndfdGltZWxpbmVfbGlzdCI6eyJidWNrZXQiOltdLCJ2ZXJzaW9uIjpudWxsfSwidGZ3X2ZvbGxvd2VyX2NvdW50X3N1bnNldCI6eyJidWNrZXQiOnRydWUsInZlcnNpb24iOm51bGx9LCJ0ZndfdHdlZXRfZWRpdF9iYWNrZW5kIjp7ImJ1Y2tldCI6Im9uIiwidmVyc2lvbiI6bnVsbH0sInRmd19yZWZzcmNfc2Vzc2lvbiI6eyJidWNrZXQiOiJvbiIsInZlcnNpb24iOm51bGx9LCJ0ZndfZm9zbnJfc29mdF9pbnRlcnZlbnRpb25zX2VuYWJsZWQiOnsiYnVja2V0Ijoib24iLCJ2ZXJzaW9uIjpudWxsfSwidGZ3X21peGVkX21lZGlhXzE1ODk3Ijp7ImJ1Y2tldCI6InRyZWF0bWVudCIsInZlcnNpb24iOm51bGx9LCJ0ZndfZXhwZXJpbWVudHNfY29va2llX2V4cGlyYXRpb24iOnsiYnVja2V0IjoxMjA5NjAwLCJ2ZXJzaW9uIjpudWxsfSwidGZ3X3Nob3dfYmlyZHdhdGNoX3Bpdm90c19lbmFibGVkIjp7ImJ1Y2tldCI6Im9uIiwidmVyc2lvbiI6bnVsbH0sInRmd19kdXBsaWNhdGVfc2NyaWJlc190b19zZXR0aW5ncyI6eyJidWNrZXQiOiJvbiIsInZlcnNpb24iOm51bGx9LCJ0ZndfdXNlX3Byb2ZpbGVfaW1hZ2Vfc2hhcGVfZW5hYmxlZCI6eyJidWNrZXQiOiJvbiIsInZlcnNpb24iOm51bGx9LCJ0ZndfdmlkZW9faGxzX2R5bmFtaWNfbWFuaWZlc3RzXzE1MDgyIjp7ImJ1Y2tldCI6InRydWVfYml0cmF0ZSIsInZlcnNpb24iOm51bGx9LCJ0ZndfbGVnYWN5X3RpbWVsaW5lX3N1bnNldCI6eyJidWNrZXQiOnRydWUsInZlcnNpb24iOm51bGx9LCJ0ZndfdHdlZXRfZWRpdF9mcm9udGVuZCI6eyJidWNrZXQiOiJvbiIsInZlcnNpb24iOm51bGx9fQ%3D%3D&amp;frame=false&amp;hideCard=false&amp;hideThread=false&amp;id=2013985137239765009&amp;lang=es&amp;origin=https%3A%2F%2Fwww.letrap.com.ar%2Feconomia%2Ftierra-del-fuego-toto-caputo-define-el-destino-us-200-millones-que-iban-ampliar-la-matriz-productiva-n5421565&amp;sessionId=a919abca8f0bceee2d8ebf6d5397ac5ec8aa8e30&amp;siteScreenName=Letra_P&amp;theme=light&amp;widgetsVersion=2615f7e52b7e0%3A1702314776716&amp;width=550px\" frameborder=\"0\" scrolling=\"no\" allowfullscreen=\"allowfullscreen\" data-tweet-id=\"2013985137239765009\" data-mce-fragment=\"1\"><\/iframe><\/div>\n<\/div>\n<\/div>\n<\/div>\n<p>La decisi\u00f3n de Caputo de eliminar la obligaci\u00f3n de aportar al FAMP se apoya en el argumento oficial de que las empresas fueguinas \u201csufrieron una p\u00e9rdida cr\u00edtica de competitividad que impact\u00f3 en toda la actividad productiva de la provincia, poniendo en riesgo la continuidad operativa y el empleo\u201d. El pedido, aseguran en Econom\u00eda, surgi\u00f3 de las propias compa\u00f1\u00edas.<\/p>\n<p>En paralelo, el ministro modific\u00f3 el esquema de protecci\u00f3n:\u00a0<a href=\"https:\/\/www.letrap.com.ar\/economia\/tierra-del-fuego-empresas-lanzan-venta-online-impuestos-y-crece-la-incertidumbre-las-importaciones-n5418384\" target=\"_blank\" rel=\"follow noopener\">elimin\u00f3 los aranceles a los celulares importados<\/a>\u00a0y redujo la al\u00edcuota de impuestos internos del 19% al 9,5% para tel\u00e9fonos, televisores, aires acondicionados y otros productos electr\u00f3nicos importados.<\/p>\n<p>Como contrapartida, habilit\u00f3 la venta directa desde la isla al continente v\u00eda\u00a0<em>courier<\/em>. Sin embargo, desde el sector advierten que la medida \u201cno compensa las p\u00e9rdidas\u201d, sobre todo en un contexto de ca\u00edda del consumo interno.<\/p>\n<\/article>\n<div class=\"news-headline__author-and-share-wrapper d-flex\">\n<div class=\"news-headline__author-wrapper \"><\/div>\n<\/div>\n<\/div>\n<\/div>\n","protected":false},"excerpt":{"rendered":"<p>La Promoci\u00f3n y el lobby El Fondo para la diversificaci\u00f3n de la isla ya no&#8230;<\/p>\n","protected":false},"author":1,"featured_media":65770,"comment_status":"closed","ping_status":"closed","sticky":false,"template":"","format":"standard","meta":{"footnotes":""},"categories":[3],"tags":[],"class_list":["post-65769","post","type-post","status-publish","format-standard","has-post-thumbnail","hentry","category-noticias"],"jetpack_featured_media_url":"https:\/\/hablemosclarotdf.com.ar\/wp-content\/uploads\/2026\/02\/caputo-chernajovsky-tierra-del-fuego.webp","_links":{"self":[{"href":"https:\/\/hablemosclarotdf.com.ar\/index.php?rest_route=\/wp\/v2\/posts\/65769","targetHints":{"allow":["GET"]}}],"collection":[{"href":"https:\/\/hablemosclarotdf.com.ar\/index.php?rest_route=\/wp\/v2\/posts"}],"about":[{"href":"https:\/\/hablemosclarotdf.com.ar\/index.php?rest_route=\/wp\/v2\/types\/post"}],"author":[{"embeddable":true,"href":"https:\/\/hablemosclarotdf.com.ar\/index.php?rest_route=\/wp\/v2\/users\/1"}],"replies":[{"embeddable":true,"href":"https:\/\/hablemosclarotdf.com.ar\/index.php?rest_route=%2Fwp%2Fv2%2Fcomments&post=65769"}],"version-history":[{"count":1,"href":"https:\/\/hablemosclarotdf.com.ar\/index.php?rest_route=\/wp\/v2\/posts\/65769\/revisions"}],"predecessor-version":[{"id":65771,"href":"https:\/\/hablemosclarotdf.com.ar\/index.php?rest_route=\/wp\/v2\/posts\/65769\/revisions\/65771"}],"wp:featuredmedia":[{"embeddable":true,"href":"https:\/\/hablemosclarotdf.com.ar\/index.php?rest_route=\/wp\/v2\/media\/65770"}],"wp:attachment":[{"href":"https:\/\/hablemosclarotdf.com.ar\/index.php?rest_route=%2Fwp%2Fv2%2Fmedia&parent=65769"}],"wp:term":[{"taxonomy":"category","embeddable":true,"href":"https:\/\/hablemosclarotdf.com.ar\/index.php?rest_route=%2Fwp%2Fv2%2Fcategories&post=65769"},{"taxonomy":"post_tag","embeddable":true,"href":"https:\/\/hablemosclarotdf.com.ar\/index.php?rest_route=%2Fwp%2Fv2%2Ftags&post=65769"}],"curies":[{"name":"wp","href":"https:\/\/api.w.org\/{rel}","templated":true}]}}