{"id":65761,"date":"2026-02-02T12:40:41","date_gmt":"2026-02-02T15:40:41","guid":{"rendered":"https:\/\/hablemosclarotdf.com.ar\/?p=65761"},"modified":"2026-02-02T12:40:41","modified_gmt":"2026-02-02T15:40:41","slug":"rio-grande-adultos-mayores-realizaron-una-salida-turistica-a-la-casa-de-pioneros","status":"publish","type":"post","link":"https:\/\/hablemosclarotdf.com.ar\/?p=65761","title":{"rendered":"RIO GRANDE : ADULTOS MAYORES REALIZARON UNA SALIDA TUR\u00cdSTICA A LA CASA DE PIONEROS"},"content":{"rendered":"<p>Se trata de una jornada impulsada por la Secretar\u00eda de G\u00e9nero y Desarrollo Comunitario en conjunto con la Subsecretar\u00eda de Turismo, la cual incluy\u00f3 una caminata, una visita guiada por la Casa de Pioneros y un espacio de merienda y encuentro.<\/p>\n<p>En el marco de las propuestas recreativas destinadas a personas adultas mayores, el Municipio de R\u00edo Grande -a trav\u00e9s del Centro Municipal de Bienestar \u201cPapa Francisco\u201d- llev\u00f3 adelante una salida tur\u00edstica en articulaci\u00f3n con el \u00e1rea de Turismo.<\/p>\n<p>La jornada tuvo su punto de encuentro en el Centro de Bienestar \u201cPapa Francisco\u201d, desde donde las y los participantes iniciaron una caminata hasta la Casa de Pioneros, un espacio con una valiosa historia ligada a los or\u00edgenes de la comunidad de R\u00edo Grande. All\u00ed fueron recibidos por Susana y Rub\u00e9n, anfitriones del lugar, quienes acompa\u00f1aron el recorrido y compartieron la historia familiar como el valor patrimonial del lugar.<\/p>\n<p>Durante la visita, los adultos mayores recorrieron los distintos ambientes del lugar, donde se conservan objetos, fotograf\u00edas y elementos originales de la \u00e9poca. El circuito incluy\u00f3 un sector que se mantiene tal como se encontraba en el per\u00edodo en que fue habitado por los antepasados de la familia, lo cual permiti\u00f3 un acercamiento directo a la historia local y a las costumbres de aquellos tiempos.<\/p>\n<p>A su vez, la actividad cont\u00f3 con una merienda compartida al lado de un fog\u00f3n que propici\u00f3 el intercambio de charlas, recuerdos y an\u00e9cdotas, generando un clima de encuentro y disfrute. La propuesta se extendi\u00f3 durante 2 horas, contando con el acompa\u00f1amiento permanente del equipo municipal y de los anfitriones del lugar.<\/p>\n<p>Estas acciones forman parte de las pol\u00edticas p\u00fablicas municipales orientadas a promover el bienestar integral, la socializaci\u00f3n y el acceso a experiencias culturales y tur\u00edsticas para las personas adultas mayores, fortaleciendo los espacios de encuentro y poniendo en valor la historia y la identidad de R\u00edo Grande.<\/p>\n<p><img loading=\"lazy\" decoding=\"async\" class=\"alignnone size-medium wp-image-65763\" src=\"https:\/\/hablemosclarotdf.com.ar\/wp-content\/uploads\/2026\/02\/photo_2026-02-02_12-37-22-300x200.jpg\" alt=\"\" width=\"300\" height=\"200\" srcset=\"https:\/\/hablemosclarotdf.com.ar\/wp-content\/uploads\/2026\/02\/photo_2026-02-02_12-37-22-300x200.jpg 300w, https:\/\/hablemosclarotdf.com.ar\/wp-content\/uploads\/2026\/02\/photo_2026-02-02_12-37-22-1024x682.jpg 1024w, https:\/\/hablemosclarotdf.com.ar\/wp-content\/uploads\/2026\/02\/photo_2026-02-02_12-37-22-768x511.jpg 768w, https:\/\/hablemosclarotdf.com.ar\/wp-content\/uploads\/2026\/02\/photo_2026-02-02_12-37-22.jpg 1280w\" sizes=\"auto, (max-width: 300px) 100vw, 300px\" \/> <img loading=\"lazy\" decoding=\"async\" class=\"alignnone size-medium wp-image-65764\" src=\"https:\/\/hablemosclarotdf.com.ar\/wp-content\/uploads\/2026\/02\/photo_2026-02-02_12-37-27-300x200.jpg\" alt=\"\" width=\"300\" height=\"200\" srcset=\"https:\/\/hablemosclarotdf.com.ar\/wp-content\/uploads\/2026\/02\/photo_2026-02-02_12-37-27-300x200.jpg 300w, https:\/\/hablemosclarotdf.com.ar\/wp-content\/uploads\/2026\/02\/photo_2026-02-02_12-37-27-1024x682.jpg 1024w, https:\/\/hablemosclarotdf.com.ar\/wp-content\/uploads\/2026\/02\/photo_2026-02-02_12-37-27-768x511.jpg 768w, https:\/\/hablemosclarotdf.com.ar\/wp-content\/uploads\/2026\/02\/photo_2026-02-02_12-37-27.jpg 1280w\" sizes=\"auto, (max-width: 300px) 100vw, 300px\" \/> <img loading=\"lazy\" decoding=\"async\" class=\"alignnone size-medium wp-image-65765\" src=\"https:\/\/hablemosclarotdf.com.ar\/wp-content\/uploads\/2026\/02\/photo_2026-02-02_12-37-31-300x200.jpg\" alt=\"\" width=\"300\" height=\"200\" srcset=\"https:\/\/hablemosclarotdf.com.ar\/wp-content\/uploads\/2026\/02\/photo_2026-02-02_12-37-31-300x200.jpg 300w, https:\/\/hablemosclarotdf.com.ar\/wp-content\/uploads\/2026\/02\/photo_2026-02-02_12-37-31-1024x682.jpg 1024w, https:\/\/hablemosclarotdf.com.ar\/wp-content\/uploads\/2026\/02\/photo_2026-02-02_12-37-31-768x511.jpg 768w, https:\/\/hablemosclarotdf.com.ar\/wp-content\/uploads\/2026\/02\/photo_2026-02-02_12-37-31.jpg 1280w\" sizes=\"auto, (max-width: 300px) 100vw, 300px\" \/> <img loading=\"lazy\" decoding=\"async\" class=\"alignnone size-medium wp-image-65766\" src=\"https:\/\/hablemosclarotdf.com.ar\/wp-content\/uploads\/2026\/02\/photo_2026-02-02_12-37-37-300x200.jpg\" alt=\"\" width=\"300\" height=\"200\" srcset=\"https:\/\/hablemosclarotdf.com.ar\/wp-content\/uploads\/2026\/02\/photo_2026-02-02_12-37-37-300x200.jpg 300w, https:\/\/hablemosclarotdf.com.ar\/wp-content\/uploads\/2026\/02\/photo_2026-02-02_12-37-37-1024x682.jpg 1024w, https:\/\/hablemosclarotdf.com.ar\/wp-content\/uploads\/2026\/02\/photo_2026-02-02_12-37-37-768x511.jpg 768w, https:\/\/hablemosclarotdf.com.ar\/wp-content\/uploads\/2026\/02\/photo_2026-02-02_12-37-37.jpg 1280w\" sizes=\"auto, (max-width: 300px) 100vw, 300px\" \/> <img loading=\"lazy\" decoding=\"async\" class=\"alignnone size-medium wp-image-65767\" src=\"https:\/\/hablemosclarotdf.com.ar\/wp-content\/uploads\/2026\/02\/photo_2026-02-02_12-37-43-300x200.jpg\" alt=\"\" width=\"300\" height=\"200\" srcset=\"https:\/\/hablemosclarotdf.com.ar\/wp-content\/uploads\/2026\/02\/photo_2026-02-02_12-37-43-300x200.jpg 300w, https:\/\/hablemosclarotdf.com.ar\/wp-content\/uploads\/2026\/02\/photo_2026-02-02_12-37-43-1024x682.jpg 1024w, https:\/\/hablemosclarotdf.com.ar\/wp-content\/uploads\/2026\/02\/photo_2026-02-02_12-37-43-768x511.jpg 768w, https:\/\/hablemosclarotdf.com.ar\/wp-content\/uploads\/2026\/02\/photo_2026-02-02_12-37-43.jpg 1280w\" sizes=\"auto, (max-width: 300px) 100vw, 300px\" \/><\/p>\n","protected":false},"excerpt":{"rendered":"<p>Se trata de una jornada impulsada por la Secretar\u00eda de G\u00e9nero y Desarrollo Comunitario en&#8230;<\/p>\n","protected":false},"author":1,"featured_media":65762,"comment_status":"closed","ping_status":"closed","sticky":false,"template":"","format":"standard","meta":{"footnotes":""},"categories":[3],"tags":[],"class_list":["post-65761","post","type-post","status-publish","format-standard","has-post-thumbnail","hentry","category-noticias"],"jetpack_featured_media_url":"https:\/\/hablemosclarotdf.com.ar\/wp-content\/uploads\/2026\/02\/photo_2026-02-02_12-37-13.jpg","_links":{"self":[{"href":"https:\/\/hablemosclarotdf.com.ar\/index.php?rest_route=\/wp\/v2\/posts\/65761","targetHints":{"allow":["GET"]}}],"collection":[{"href":"https:\/\/hablemosclarotdf.com.ar\/index.php?rest_route=\/wp\/v2\/posts"}],"about":[{"href":"https:\/\/hablemosclarotdf.com.ar\/index.php?rest_route=\/wp\/v2\/types\/post"}],"author":[{"embeddable":true,"href":"https:\/\/hablemosclarotdf.com.ar\/index.php?rest_route=\/wp\/v2\/users\/1"}],"replies":[{"embeddable":true,"href":"https:\/\/hablemosclarotdf.com.ar\/index.php?rest_route=%2Fwp%2Fv2%2Fcomments&post=65761"}],"version-history":[{"count":1,"href":"https:\/\/hablemosclarotdf.com.ar\/index.php?rest_route=\/wp\/v2\/posts\/65761\/revisions"}],"predecessor-version":[{"id":65768,"href":"https:\/\/hablemosclarotdf.com.ar\/index.php?rest_route=\/wp\/v2\/posts\/65761\/revisions\/65768"}],"wp:featuredmedia":[{"embeddable":true,"href":"https:\/\/hablemosclarotdf.com.ar\/index.php?rest_route=\/wp\/v2\/media\/65762"}],"wp:attachment":[{"href":"https:\/\/hablemosclarotdf.com.ar\/index.php?rest_route=%2Fwp%2Fv2%2Fmedia&parent=65761"}],"wp:term":[{"taxonomy":"category","embeddable":true,"href":"https:\/\/hablemosclarotdf.com.ar\/index.php?rest_route=%2Fwp%2Fv2%2Fcategories&post=65761"},{"taxonomy":"post_tag","embeddable":true,"href":"https:\/\/hablemosclarotdf.com.ar\/index.php?rest_route=%2Fwp%2Fv2%2Ftags&post=65761"}],"curies":[{"name":"wp","href":"https:\/\/api.w.org\/{rel}","templated":true}]}}