{"id":65729,"date":"2026-02-02T11:27:56","date_gmt":"2026-02-02T14:27:56","guid":{"rendered":"https:\/\/hablemosclarotdf.com.ar\/?p=65729"},"modified":"2026-02-02T11:27:56","modified_gmt":"2026-02-02T14:27:56","slug":"rio-grande-vivio-el-primer-carnaval-barrial-del-2026-en-la-zona-sur","status":"publish","type":"post","link":"https:\/\/hablemosclarotdf.com.ar\/?p=65729","title":{"rendered":"R\u00cdO GRANDE VIVI\u00d3 EL PRIMER CARNAVAL BARRIAL DEL 2026 EN LA ZONA SUR"},"content":{"rendered":"<p>Con una gran participaci\u00f3n vecinal, m\u00fasica en vivo, murgas y expresiones culturales locales, la Zona Sur fue escenario del inicio de los Carnavales Barriales 2026, una propuesta impulsada por el Municipio que volvi\u00f3 a poner en valor el encuentro comunitario, la identidad cultural y la celebraci\u00f3n popular en los barrios de la ciudad.<\/p>\n<p>El domingo 1\u00b0 de febrero, la Zona Sur de R\u00edo Grande se llen\u00f3 de color, m\u00fasica y alegr\u00eda con la realizaci\u00f3n del primer Carnaval Barrial 2026, una propuesta que el Municipio impulsa por 4\u00b0 a\u00f1o consecutivo con el objetivo de acercar las celebraciones populares a cada rinc\u00f3n de la ciudad y fortalecer el encuentro comunitario. La jornada tuvo adem\u00e1s un condimento especial: la celebraci\u00f3n de un nuevo aniversario del barrio de la Margen Sur, que sum\u00f3 emoci\u00f3n y sentido de pertenencia a los festejos.<\/p>\n<p>Desde las primeras horas de la tarde, vecinas y vecinos se acercaron para disfrutar de un evento que reuni\u00f3 a destacadas expresiones culturales locales. La apertura estuvo a cargo de la Banda Municipal, qui\u00e9nes marcaron el inicio de una tarde festiva, mientras que la Murga \u201cExplosiva Pizpireta\u201d, el cuerpo de danzas \u201cMunay\u201d y la fraternidad \u201cCultural Fuego y Pasi\u00f3n\u201d aportaron ritmo, baile y color al escenario. El cierre musical lleg\u00f3 de la mano de la banda \u201cQue lo baile la vecina\u201d, coronando una jornada pensada para el disfrute de toda la familia.<\/p>\n<p>En el inicio del carnaval, autoridades de la Secretar\u00eda de Gesti\u00f3n Ciudadana compartieron unas palabras alusivas al 40\u00b0 aniversario del barrio junto a un antiguo poblador, en un gesto que busc\u00f3 revalorizar la historia y la identidad de la comunidad. El emotivo momento incluy\u00f3 el tradicional canto del \u201cfeliz cumplea\u00f1os\u201d y el corte de torta, reforzando el esp\u00edritu de celebraci\u00f3n colectiva.<\/p>\n<p>Los Carnavales Barriales forman parte de una pol\u00edtica cultural sostenida por el Municipio de R\u00edo Grande que apunta a descentralizar las propuestas culturales, promover la participaci\u00f3n de artistas y agrupaciones locales y garantizar el acceso de toda la comunidad a actividades recreativas y culturales. En ese marco, se convoca a murgas, comparsas y batucadas a ser protagonistas de estas jornadas, que continuar\u00e1n desarroll\u00e1ndose en distintos barrios de la ciudad.<\/p>\n<p>Estas celebraciones se complementar\u00e1n con el Carnaval Central, previsto para el pr\u00f3ximo 15 de febrero sobre el tradicional recorrido de la Avenida Perito Moreno, ampliando la propuesta festiva a toda la ciudad.<\/p>\n<p>La gran convocatoria, especialmente de vecinas y vecinos de la Margen Sur, volvi\u00f3 a demostrar el fuerte acompa\u00f1amiento de la comunidad a las iniciativas impulsadas por el Estado Municipal, consolidando a los Carnavales Barriales como espacios de encuentro, identidad cultural y celebraci\u00f3n popular.<\/p>\n<p><img loading=\"lazy\" decoding=\"async\" class=\"alignnone size-medium wp-image-65731\" src=\"https:\/\/hablemosclarotdf.com.ar\/wp-content\/uploads\/2026\/02\/photo_2026-02-02_11-26-49-300x200.jpg\" alt=\"\" width=\"300\" height=\"200\" srcset=\"https:\/\/hablemosclarotdf.com.ar\/wp-content\/uploads\/2026\/02\/photo_2026-02-02_11-26-49-300x200.jpg 300w, https:\/\/hablemosclarotdf.com.ar\/wp-content\/uploads\/2026\/02\/photo_2026-02-02_11-26-49-1024x682.jpg 1024w, https:\/\/hablemosclarotdf.com.ar\/wp-content\/uploads\/2026\/02\/photo_2026-02-02_11-26-49-768x512.jpg 768w, https:\/\/hablemosclarotdf.com.ar\/wp-content\/uploads\/2026\/02\/photo_2026-02-02_11-26-49.jpg 1280w\" sizes=\"auto, (max-width: 300px) 100vw, 300px\" \/> <img loading=\"lazy\" decoding=\"async\" class=\"alignnone size-medium wp-image-65732\" src=\"https:\/\/hablemosclarotdf.com.ar\/wp-content\/uploads\/2026\/02\/photo_2026-02-02_11-26-55-300x200.jpg\" alt=\"\" width=\"300\" height=\"200\" srcset=\"https:\/\/hablemosclarotdf.com.ar\/wp-content\/uploads\/2026\/02\/photo_2026-02-02_11-26-55-300x200.jpg 300w, https:\/\/hablemosclarotdf.com.ar\/wp-content\/uploads\/2026\/02\/photo_2026-02-02_11-26-55-1024x682.jpg 1024w, https:\/\/hablemosclarotdf.com.ar\/wp-content\/uploads\/2026\/02\/photo_2026-02-02_11-26-55-768x512.jpg 768w, https:\/\/hablemosclarotdf.com.ar\/wp-content\/uploads\/2026\/02\/photo_2026-02-02_11-26-55.jpg 1280w\" sizes=\"auto, (max-width: 300px) 100vw, 300px\" \/><\/p>\n","protected":false},"excerpt":{"rendered":"<p>Con una gran participaci\u00f3n vecinal, m\u00fasica en vivo, murgas y expresiones culturales locales, la Zona&#8230;<\/p>\n","protected":false},"author":1,"featured_media":65730,"comment_status":"closed","ping_status":"closed","sticky":false,"template":"","format":"standard","meta":{"footnotes":""},"categories":[3],"tags":[],"class_list":["post-65729","post","type-post","status-publish","format-standard","has-post-thumbnail","hentry","category-noticias"],"jetpack_featured_media_url":"https:\/\/hablemosclarotdf.com.ar\/wp-content\/uploads\/2026\/02\/photo_2026-02-02_11-26-39.jpg","_links":{"self":[{"href":"https:\/\/hablemosclarotdf.com.ar\/index.php?rest_route=\/wp\/v2\/posts\/65729","targetHints":{"allow":["GET"]}}],"collection":[{"href":"https:\/\/hablemosclarotdf.com.ar\/index.php?rest_route=\/wp\/v2\/posts"}],"about":[{"href":"https:\/\/hablemosclarotdf.com.ar\/index.php?rest_route=\/wp\/v2\/types\/post"}],"author":[{"embeddable":true,"href":"https:\/\/hablemosclarotdf.com.ar\/index.php?rest_route=\/wp\/v2\/users\/1"}],"replies":[{"embeddable":true,"href":"https:\/\/hablemosclarotdf.com.ar\/index.php?rest_route=%2Fwp%2Fv2%2Fcomments&post=65729"}],"version-history":[{"count":1,"href":"https:\/\/hablemosclarotdf.com.ar\/index.php?rest_route=\/wp\/v2\/posts\/65729\/revisions"}],"predecessor-version":[{"id":65734,"href":"https:\/\/hablemosclarotdf.com.ar\/index.php?rest_route=\/wp\/v2\/posts\/65729\/revisions\/65734"}],"wp:featuredmedia":[{"embeddable":true,"href":"https:\/\/hablemosclarotdf.com.ar\/index.php?rest_route=\/wp\/v2\/media\/65730"}],"wp:attachment":[{"href":"https:\/\/hablemosclarotdf.com.ar\/index.php?rest_route=%2Fwp%2Fv2%2Fmedia&parent=65729"}],"wp:term":[{"taxonomy":"category","embeddable":true,"href":"https:\/\/hablemosclarotdf.com.ar\/index.php?rest_route=%2Fwp%2Fv2%2Fcategories&post=65729"},{"taxonomy":"post_tag","embeddable":true,"href":"https:\/\/hablemosclarotdf.com.ar\/index.php?rest_route=%2Fwp%2Fv2%2Ftags&post=65729"}],"curies":[{"name":"wp","href":"https:\/\/api.w.org\/{rel}","templated":true}]}}