{"id":65664,"date":"2026-02-01T15:44:37","date_gmt":"2026-02-01T18:44:37","guid":{"rendered":"https:\/\/hablemosclarotdf.com.ar\/?p=65664"},"modified":"2026-02-01T15:44:37","modified_gmt":"2026-02-01T18:44:37","slug":"el-ministerio-de-trabajo-y-empleo-ofrece-formacion-gratuita-en-ushuaia-sobre-oratoria-y-comunicacion-para-el-ambito-laboral","status":"publish","type":"post","link":"https:\/\/hablemosclarotdf.com.ar\/?p=65664","title":{"rendered":"EL MINISTERIO DE TRABAJO Y EMPLEO OFRECE FORMACI\u00d3N GRATUITA EN USHUAIA SOBRE ORATORIA Y COMUNICACI\u00d3N PARA EL \u00c1MBITO LABORAL"},"content":{"rendered":"<p>El Ministerio de Trabajo y Empleo de la provincia informa que se encuentran abiertas las inscripciones para dos propuestas de formaci\u00f3n gratuita dirigidas a la comunidad: el curso de \u201cOratoria para la B\u00fasqueda de Empleo\u201d y el taller \u201cLa comunicaci\u00f3n como herramienta de intervenci\u00f3n en conflictos laborales\u201d. Ambas actividades se desarrollar\u00e1n el mi\u00e9rcoles 4 de febrero en el Merendero Solidario \u201cCaritas Felices\u201d, ubicado en la calle Almirante Ir\u00edzar 784, del Barrio Malvinas de Ushuaia.<\/p>\n<p>El curso de Oratoria para la B\u00fasqueda de Empleo se realizar\u00e1 en el horario de 14 a 15:30 horas. Est\u00e1 dise\u00f1ado como un espacio din\u00e1mico y participativo que trabajar\u00e1 sobre la comunicaci\u00f3n verbal y no verbal, y el uso de la voz como herramienta fundamental. Su objetivo principal es que los participantes adquieran recursos para expresarse con mayor claridad, seguridad y efectividad en instancias clave como entrevistas laborales, presentaciones personales y otras situaciones propias del proceso de b\u00fasqueda de empleo.<\/p>\n<p>Posteriormente, de 15:30 a 17 horas, se dictar\u00e1 el taller \u201cLa comunicaci\u00f3n como herramienta de intervenci\u00f3n en conflictos laborales\u201d. En esta capacitaci\u00f3n se abordar\u00e1n conceptos y herramientas para gestionar conflictos en el \u00e1mbito de trabajo. Se analizar\u00e1n los tipos de conflicto, distintos modos de abordaje, t\u00e9cnicas de negociaci\u00f3n y las etapas del proceso conflictivo. Mediante actividades din\u00e1micas y situaciones pr\u00e1cticas, los participantes podr\u00e1n incorporar estrategias para priorizar el di\u00e1logo, hacerlo manifiesto y avanzar hacia acuerdos constructivos, fortaleciendo as\u00ed las habilidades para la convivencia y el trabajo en equipo.<\/p>\n<p>Las actividades est\u00e1n dirigidas a personas mayores de 18 a\u00f1os. Los interesados pueden realizar su preinscripci\u00f3n completando el formulario en l\u00ednea disponible en el siguiente enlace: https:\/\/forms.gle\/W5Cw4HvqtFotVJjR9.<\/p>\n<p>Como alternativa, tambi\u00e9n podr\u00e1n inscribirse de manera presencial en la delegaci\u00f3n del Ministerio de Trabajo y Empleo, sita en Juana Fadul N\u00b0 204, de lunes a viernes de 8 a 15:30 horas.<\/p>\n<p>Google Docs (https:\/\/forms.gle\/W5Cw4HvqtFotVJjR9)<br \/>\nCompleta el formulario y sumate a una de las siguientes propuestas gratuitas del Ministerio de Trabajo y Empleo.<br \/>\n\u2705 Curso: Oratoria para la b\u00fasqueda de empleo<\/p>\n<p>\u2705 Taller: La comunicaci\u00f3n como herramienta de intervenci\u00f3n en conflictos laborales<\/p>\n<p>\ud83d\udccd Lugar: Merendero Solidario \u201cCaritas Felices\u201d (Almirante Irizar 784, Barrio Malvinas)<\/p>\n<p>\ud83d\uddd3 Mi\u00e9rcoles 04 de febrero<\/p>\n<p>\ud83d\udc64 Destinado a: personas mayores de 18 a\u00f1os.<\/p>\n<p><img loading=\"lazy\" decoding=\"async\" class=\"alignnone size-medium wp-image-65666\" src=\"https:\/\/hablemosclarotdf.com.ar\/wp-content\/uploads\/2026\/02\/photo_2026-02-01_15-43-25-240x300.jpg\" alt=\"\" width=\"240\" height=\"300\" srcset=\"https:\/\/hablemosclarotdf.com.ar\/wp-content\/uploads\/2026\/02\/photo_2026-02-01_15-43-25-240x300.jpg 240w, https:\/\/hablemosclarotdf.com.ar\/wp-content\/uploads\/2026\/02\/photo_2026-02-01_15-43-25-819x1024.jpg 819w, https:\/\/hablemosclarotdf.com.ar\/wp-content\/uploads\/2026\/02\/photo_2026-02-01_15-43-25-768x960.jpg 768w, https:\/\/hablemosclarotdf.com.ar\/wp-content\/uploads\/2026\/02\/photo_2026-02-01_15-43-25.jpg 1024w\" sizes=\"auto, (max-width: 240px) 100vw, 240px\" \/><\/p>\n","protected":false},"excerpt":{"rendered":"<p>El Ministerio de Trabajo y Empleo de la provincia informa que se encuentran abiertas las&#8230;<\/p>\n","protected":false},"author":1,"featured_media":65665,"comment_status":"closed","ping_status":"closed","sticky":false,"template":"","format":"standard","meta":{"footnotes":""},"categories":[3],"tags":[],"class_list":["post-65664","post","type-post","status-publish","format-standard","has-post-thumbnail","hentry","category-noticias"],"jetpack_featured_media_url":"https:\/\/hablemosclarotdf.com.ar\/wp-content\/uploads\/2026\/02\/photo_2026-02-01_15-43-07.jpg","_links":{"self":[{"href":"https:\/\/hablemosclarotdf.com.ar\/index.php?rest_route=\/wp\/v2\/posts\/65664","targetHints":{"allow":["GET"]}}],"collection":[{"href":"https:\/\/hablemosclarotdf.com.ar\/index.php?rest_route=\/wp\/v2\/posts"}],"about":[{"href":"https:\/\/hablemosclarotdf.com.ar\/index.php?rest_route=\/wp\/v2\/types\/post"}],"author":[{"embeddable":true,"href":"https:\/\/hablemosclarotdf.com.ar\/index.php?rest_route=\/wp\/v2\/users\/1"}],"replies":[{"embeddable":true,"href":"https:\/\/hablemosclarotdf.com.ar\/index.php?rest_route=%2Fwp%2Fv2%2Fcomments&post=65664"}],"version-history":[{"count":1,"href":"https:\/\/hablemosclarotdf.com.ar\/index.php?rest_route=\/wp\/v2\/posts\/65664\/revisions"}],"predecessor-version":[{"id":65667,"href":"https:\/\/hablemosclarotdf.com.ar\/index.php?rest_route=\/wp\/v2\/posts\/65664\/revisions\/65667"}],"wp:featuredmedia":[{"embeddable":true,"href":"https:\/\/hablemosclarotdf.com.ar\/index.php?rest_route=\/wp\/v2\/media\/65665"}],"wp:attachment":[{"href":"https:\/\/hablemosclarotdf.com.ar\/index.php?rest_route=%2Fwp%2Fv2%2Fmedia&parent=65664"}],"wp:term":[{"taxonomy":"category","embeddable":true,"href":"https:\/\/hablemosclarotdf.com.ar\/index.php?rest_route=%2Fwp%2Fv2%2Fcategories&post=65664"},{"taxonomy":"post_tag","embeddable":true,"href":"https:\/\/hablemosclarotdf.com.ar\/index.php?rest_route=%2Fwp%2Fv2%2Ftags&post=65664"}],"curies":[{"name":"wp","href":"https:\/\/api.w.org\/{rel}","templated":true}]}}