{"id":65654,"date":"2026-02-01T12:09:03","date_gmt":"2026-02-01T15:09:03","guid":{"rendered":"https:\/\/hablemosclarotdf.com.ar\/?p=65654"},"modified":"2026-02-01T12:09:03","modified_gmt":"2026-02-01T15:09:03","slug":"rio-grande-con-musica-y-color-llega-el-primer-carnaval-del-ano","status":"publish","type":"post","link":"https:\/\/hablemosclarotdf.com.ar\/?p=65654","title":{"rendered":"RIO GRANDE : CON M\u00daSICA Y COLOR, LLEGA EL PRIMER CARNAVAL DEL A\u00d1O"},"content":{"rendered":"<p>Este domingo 1\u00b0 de febrero, a partir de las 15 horas, el Municipio de R\u00edo Grande dar\u00e1 inicio a los Carnavales Barriales 2026 con una gran celebraci\u00f3n en la Margen sur, en la intersecci\u00f3n de Rafaela Ishton y El Alambrador.<\/p>\n<p>Vecinas y vecinos podr\u00e1n disfrutar de una tarde a puro ritmo y color, con la participaci\u00f3n de murgas, comparsas y batucadas, adem\u00e1s de la presentaci\u00f3n de la Banda Municipal de M\u00fasica y espect\u00e1culos en vivo de la mano de la Murga &#8220;ExplosivaPizpireta&#8221;, el cuerpo de danzas &#8220;Munay&#8221;, la fraternidad &#8220;Cultural Fuego y Pasi\u00f3n&#8221;; as\u00ed como la banda \u201cQue lo baile la vecina\u201d.<\/p>\n<p>Desde el Municipio se invita a la comunidad a participar y acompa\u00f1ar el comienzo de una nueva edici\u00f3n de los Carnavales Barriales, festejando la cultura, la identidad y la alegr\u00eda en los barrios de R\u00edo Grande.<\/p>\n","protected":false},"excerpt":{"rendered":"<p>Este domingo 1\u00b0 de febrero, a partir de las 15 horas, el Municipio de R\u00edo&#8230;<\/p>\n","protected":false},"author":1,"featured_media":65655,"comment_status":"closed","ping_status":"closed","sticky":false,"template":"","format":"standard","meta":{"footnotes":""},"categories":[3],"tags":[],"class_list":["post-65654","post","type-post","status-publish","format-standard","has-post-thumbnail","hentry","category-noticias"],"jetpack_featured_media_url":"https:\/\/hablemosclarotdf.com.ar\/wp-content\/uploads\/2026\/02\/photo_2026-02-01_12-07-45.jpg","_links":{"self":[{"href":"https:\/\/hablemosclarotdf.com.ar\/index.php?rest_route=\/wp\/v2\/posts\/65654","targetHints":{"allow":["GET"]}}],"collection":[{"href":"https:\/\/hablemosclarotdf.com.ar\/index.php?rest_route=\/wp\/v2\/posts"}],"about":[{"href":"https:\/\/hablemosclarotdf.com.ar\/index.php?rest_route=\/wp\/v2\/types\/post"}],"author":[{"embeddable":true,"href":"https:\/\/hablemosclarotdf.com.ar\/index.php?rest_route=\/wp\/v2\/users\/1"}],"replies":[{"embeddable":true,"href":"https:\/\/hablemosclarotdf.com.ar\/index.php?rest_route=%2Fwp%2Fv2%2Fcomments&post=65654"}],"version-history":[{"count":1,"href":"https:\/\/hablemosclarotdf.com.ar\/index.php?rest_route=\/wp\/v2\/posts\/65654\/revisions"}],"predecessor-version":[{"id":65656,"href":"https:\/\/hablemosclarotdf.com.ar\/index.php?rest_route=\/wp\/v2\/posts\/65654\/revisions\/65656"}],"wp:featuredmedia":[{"embeddable":true,"href":"https:\/\/hablemosclarotdf.com.ar\/index.php?rest_route=\/wp\/v2\/media\/65655"}],"wp:attachment":[{"href":"https:\/\/hablemosclarotdf.com.ar\/index.php?rest_route=%2Fwp%2Fv2%2Fmedia&parent=65654"}],"wp:term":[{"taxonomy":"category","embeddable":true,"href":"https:\/\/hablemosclarotdf.com.ar\/index.php?rest_route=%2Fwp%2Fv2%2Fcategories&post=65654"},{"taxonomy":"post_tag","embeddable":true,"href":"https:\/\/hablemosclarotdf.com.ar\/index.php?rest_route=%2Fwp%2Fv2%2Ftags&post=65654"}],"curies":[{"name":"wp","href":"https:\/\/api.w.org\/{rel}","templated":true}]}}