{"id":65633,"date":"2026-01-31T20:41:10","date_gmt":"2026-01-31T23:41:10","guid":{"rendered":"https:\/\/hablemosclarotdf.com.ar\/?p=65633"},"modified":"2026-01-31T20:41:10","modified_gmt":"2026-01-31T23:41:10","slug":"rio-grande-seguimos-consolidando-a-rio-grande-como-la-ciudad-de-la-soberania","status":"publish","type":"post","link":"https:\/\/hablemosclarotdf.com.ar\/?p=65633","title":{"rendered":"RIO GRANDE : \u201cSEGUIMOS CONSOLIDANDO A R\u00cdO GRANDE COMO LA CIUDAD DE LA SOBERAN\u00cdA\u201d"},"content":{"rendered":"<p>El Municipio de R\u00edo Grande contin\u00faa avanzando en obras estrat\u00e9gicas para la ciudad a partir de una gesti\u00f3n planificada, responsable y ordenada de los recursos p\u00fablicos, priorizando aquellos proyectos que fortalecen la identidad, la memoria colectiva y el desarrollo local.<\/p>\n<p>As\u00ed lo destac\u00f3 el intendente Mart\u00edn Perez durante una recorrida por la obra del edificio permanente de la Carpa de la Dignidad, un proyecto emblem\u00e1tico que se ejecuta con fondos municipales y que tendr\u00e1 un fuerte impacto social, cultural y simb\u00f3lico para la comunidad, en articulaci\u00f3n permanente con los Veteranos de la Guerra de Malvinas.<\/p>\n<p>Actualmente, la obra atraviesa una etapa fundamental con el inicio del hormigonado de la estructura, lo que permitir\u00e1 avanzar pr\u00f3ximamente con la colocaci\u00f3n de la estructura met\u00e1lica del edificio. Previamente, la Secretar\u00eda de Obras y Servicios P\u00fablicos llev\u00f3 adelante tareas de nivelado y relleno del terreno, fundaciones, contrapiso e instalaciones necesarias, garantizando una ejecuci\u00f3n t\u00e9cnica adecuada y una planificaci\u00f3n eficiente de cada instancia del proyecto.<\/p>\n<p>En ese marco, el intendente Mart\u00edn Perez expres\u00f3 que \u201cesta obra es \u00fanica en el pa\u00eds y representa el sentimiento profundo de nuestra comunidad en relaci\u00f3n con la causa Malvinas y la defensa de nuestra soberan\u00eda\u201d. Asimismo, se\u00f1al\u00f3 que \u201cavanzar con esta etapa tan importante nos llena de orgullo, porque es el resultado de una planificaci\u00f3n seria y del compromiso de seguir construyendo futuro para R\u00edo Grande\u201d.<\/p>\n<p>El jefe comunal remarc\u00f3 adem\u00e1s que \u201cse trata de una obra significativa para la ciudad, que va a quedar para las pr\u00f3ximas generaciones, y que esperamos que todos los vecinos y vecinas puedan disfrutar y cuidar\u201d. En ese sentido, subray\u00f3 que \u201ccada decisi\u00f3n que tomamos tiene que ver con priorizar lo verdaderamente importante, ordenar los recursos municipales y transformarlos en obras concretas que mejoran la calidad de vida y fortalecen nuestra identidad\u201d.<\/p>\n<p>El edificio contar\u00e1 con una superficie aproximada de 800 metros cuadrados y estar\u00e1 emplazado en el mismo sector donde cada a\u00f1o se monta la Carpa para las actividades del 2 de Abril, consolid\u00e1ndose como un espacio permanente destinado a sostener durante todo el a\u00f1o propuestas vinculadas a la memoria, la soberan\u00eda y la defensa nacional.<\/p>\n<p>Finalmente, Perez destac\u00f3 el impacto econ\u00f3mico y social de la obra al se\u00f1alar que \u201cestos trabajos se realizan con el aporte de los vecinos y vecinas de R\u00edo Grande, y por eso tenemos la responsabilidad de administrar cada peso con seriedad y transparencia\u201d. En ese sentido, agreg\u00f3 que \u201cadem\u00e1s de su valor simb\u00f3lico, esta obra genera empleo local y movimiento econ\u00f3mico, permitiendo que trabajadores y trabajadoras lleven el sustento a sus hogares\u201d.<\/p>\n<p>La construcci\u00f3n del edificio permanente de la Carpa de la Dignidad refleja una gesti\u00f3n municipal que apuesta al ordenamiento financiero, a la planificaci\u00f3n y al uso responsable de los recursos, reafirmando el compromiso de seguir avanzando en obras prioritarias que fortalecen la memoria colectiva, la identidad fueguina y el desarrollo de R\u00edo Grande.<\/p>\n<p><img loading=\"lazy\" decoding=\"async\" class=\"alignnone size-medium wp-image-65636\" src=\"https:\/\/hablemosclarotdf.com.ar\/wp-content\/uploads\/2026\/01\/photo_2026-01-31_20-39-32-1-300x200.jpg\" alt=\"\" width=\"300\" height=\"200\" srcset=\"https:\/\/hablemosclarotdf.com.ar\/wp-content\/uploads\/2026\/01\/photo_2026-01-31_20-39-32-1-300x200.jpg 300w, https:\/\/hablemosclarotdf.com.ar\/wp-content\/uploads\/2026\/01\/photo_2026-01-31_20-39-32-1-1024x682.jpg 1024w, https:\/\/hablemosclarotdf.com.ar\/wp-content\/uploads\/2026\/01\/photo_2026-01-31_20-39-32-1-768x512.jpg 768w, https:\/\/hablemosclarotdf.com.ar\/wp-content\/uploads\/2026\/01\/photo_2026-01-31_20-39-32-1.jpg 1280w\" sizes=\"auto, (max-width: 300px) 100vw, 300px\" \/> <img loading=\"lazy\" decoding=\"async\" class=\"alignnone size-medium wp-image-65637\" src=\"https:\/\/hablemosclarotdf.com.ar\/wp-content\/uploads\/2026\/01\/photo_2026-01-31_20-39-36-300x200.jpg\" alt=\"\" width=\"300\" height=\"200\" srcset=\"https:\/\/hablemosclarotdf.com.ar\/wp-content\/uploads\/2026\/01\/photo_2026-01-31_20-39-36-300x200.jpg 300w, https:\/\/hablemosclarotdf.com.ar\/wp-content\/uploads\/2026\/01\/photo_2026-01-31_20-39-36-1024x682.jpg 1024w, https:\/\/hablemosclarotdf.com.ar\/wp-content\/uploads\/2026\/01\/photo_2026-01-31_20-39-36-768x512.jpg 768w, https:\/\/hablemosclarotdf.com.ar\/wp-content\/uploads\/2026\/01\/photo_2026-01-31_20-39-36.jpg 1280w\" sizes=\"auto, (max-width: 300px) 100vw, 300px\" \/> <img loading=\"lazy\" decoding=\"async\" class=\"alignnone size-medium wp-image-65638\" src=\"https:\/\/hablemosclarotdf.com.ar\/wp-content\/uploads\/2026\/01\/photo_2026-01-31_20-39-41-300x200.jpg\" alt=\"\" width=\"300\" height=\"200\" srcset=\"https:\/\/hablemosclarotdf.com.ar\/wp-content\/uploads\/2026\/01\/photo_2026-01-31_20-39-41-300x200.jpg 300w, https:\/\/hablemosclarotdf.com.ar\/wp-content\/uploads\/2026\/01\/photo_2026-01-31_20-39-41-1024x682.jpg 1024w, https:\/\/hablemosclarotdf.com.ar\/wp-content\/uploads\/2026\/01\/photo_2026-01-31_20-39-41-768x512.jpg 768w, https:\/\/hablemosclarotdf.com.ar\/wp-content\/uploads\/2026\/01\/photo_2026-01-31_20-39-41.jpg 1280w\" sizes=\"auto, (max-width: 300px) 100vw, 300px\" \/><\/p>\n","protected":false},"excerpt":{"rendered":"<p>El Municipio de R\u00edo Grande contin\u00faa avanzando en obras estrat\u00e9gicas para la ciudad a partir&#8230;<\/p>\n","protected":false},"author":1,"featured_media":65634,"comment_status":"closed","ping_status":"closed","sticky":false,"template":"","format":"standard","meta":{"footnotes":""},"categories":[3],"tags":[],"class_list":["post-65633","post","type-post","status-publish","format-standard","has-post-thumbnail","hentry","category-noticias"],"jetpack_featured_media_url":"https:\/\/hablemosclarotdf.com.ar\/wp-content\/uploads\/2026\/01\/photo_2026-01-31_20-39-21.jpg","_links":{"self":[{"href":"https:\/\/hablemosclarotdf.com.ar\/index.php?rest_route=\/wp\/v2\/posts\/65633","targetHints":{"allow":["GET"]}}],"collection":[{"href":"https:\/\/hablemosclarotdf.com.ar\/index.php?rest_route=\/wp\/v2\/posts"}],"about":[{"href":"https:\/\/hablemosclarotdf.com.ar\/index.php?rest_route=\/wp\/v2\/types\/post"}],"author":[{"embeddable":true,"href":"https:\/\/hablemosclarotdf.com.ar\/index.php?rest_route=\/wp\/v2\/users\/1"}],"replies":[{"embeddable":true,"href":"https:\/\/hablemosclarotdf.com.ar\/index.php?rest_route=%2Fwp%2Fv2%2Fcomments&post=65633"}],"version-history":[{"count":1,"href":"https:\/\/hablemosclarotdf.com.ar\/index.php?rest_route=\/wp\/v2\/posts\/65633\/revisions"}],"predecessor-version":[{"id":65639,"href":"https:\/\/hablemosclarotdf.com.ar\/index.php?rest_route=\/wp\/v2\/posts\/65633\/revisions\/65639"}],"wp:featuredmedia":[{"embeddable":true,"href":"https:\/\/hablemosclarotdf.com.ar\/index.php?rest_route=\/wp\/v2\/media\/65634"}],"wp:attachment":[{"href":"https:\/\/hablemosclarotdf.com.ar\/index.php?rest_route=%2Fwp%2Fv2%2Fmedia&parent=65633"}],"wp:term":[{"taxonomy":"category","embeddable":true,"href":"https:\/\/hablemosclarotdf.com.ar\/index.php?rest_route=%2Fwp%2Fv2%2Fcategories&post=65633"},{"taxonomy":"post_tag","embeddable":true,"href":"https:\/\/hablemosclarotdf.com.ar\/index.php?rest_route=%2Fwp%2Fv2%2Ftags&post=65633"}],"curies":[{"name":"wp","href":"https:\/\/api.w.org\/{rel}","templated":true}]}}