{"id":65610,"date":"2026-01-31T12:30:06","date_gmt":"2026-01-31T15:30:06","guid":{"rendered":"https:\/\/hablemosclarotdf.com.ar\/?p=65610"},"modified":"2026-01-31T12:30:06","modified_gmt":"2026-01-31T15:30:06","slug":"rio-grande-jugate-con-juventudes-febrero-comienza-con-nuevos-seminarios-formativos","status":"publish","type":"post","link":"https:\/\/hablemosclarotdf.com.ar\/?p=65610","title":{"rendered":"RIO GRANDE : &#8220;JUGATE CON JUVENTUDES: FEBRERO COMIENZA CON NUEVOS SEMINARIOS FORMATIVOS"},"content":{"rendered":"<p>Las propuestas est\u00e1n destinadas a j\u00f3venes de entre 18 y 35 a\u00f1os y se desarrollar\u00e1n la primera semana de febrero, de 17 a 19 horas, en los Espacios J\u00f3venes AGP y Zona Sur, con cupos limitados e inscripci\u00f3n online. Cabe mencionar que la duraci\u00f3n de estos espacios es de un d\u00eda. Mediante est\u00e1s actividades, el Municipio acompa\u00f1a a las y los j\u00f3venes de nuestra ciudad, fortaleciendo espacios de formaci\u00f3n, encuentro y desarrollo personal.<\/p>\n<p>En el marco de las vacaciones de verano, el Municipio de R\u00edo Grande -mediante la Secretar\u00eda de Gesti\u00f3n Ciudadana- lanza una nueva edici\u00f3n de seminarios de \u201cJugate con juventudes\u201d, una iniciativa de formaci\u00f3n gratuita destinada a j\u00f3venes de 18 a 35 a\u00f1os.<\/p>\n<p>Dichas actividades son las primera semana de febrero, en el horario de 17 a 19 horas; los cuales se desarrollar\u00e1n en el Espacio Joven AGP (O\u2019Higgins 791) y en Espacio Joven Zona sur (El Alambrador 204). Es importante aclarar que la duraci\u00f3n del seminario es de un solo d\u00eda.<\/p>\n<p>En esta oportunidad, se dictar\u00e1n los siguiente seminarios:<br \/>\n\u2022 \u201cLifting de pesta\u00f1as y laminado de cejas\u201d, quienes participen deben tener conocimientos previos, comienza el lunes 2 de febrero.<br \/>\n\u2022 \u201cSpa de manos\u201d comenzar\u00e1 el 3 de febrero.<br \/>\n\u2022 \u201cMaquillaje para el carnaval\u201d, destinado a personas mayores de 15 a\u00f1os, con inicio el 4 de febrero.<br \/>\n\u2022 \u201cMaquillaje foxy eye\u201d, el cual se dictar\u00e1 a partir del jueves 5 de febrero.<\/p>\n<p>Las propuestas est\u00e1n pensadas para brindar herramientas pr\u00e1cticas vinculadas al cuidado personal, la creatividad y la adquisici\u00f3n de nuevos conocimientos, promoviendo espacios de aprendizaje, encuentro y desarrollo personal para las juventudes de nuestra ciudad.<\/p>\n<p>Quienes deseen inscribirse deber\u00e1n hacerlo de manera online, teniendo en cuenta que los cupos son limitados. Para participar de las actividades que se desarrollan en el Espacio Joven AGP deben ingresar a https:\/\/bit.ly\/49iuR4S, mientras que para las propuestas de Espacio Joven Zona sur deben ingresar a https:\/\/bit.ly\/4pNHb28.<\/p>\n<p>Desde el Estado Municipal se contin\u00faa fortaleciendo el rol de estos espacios como \u00e1mbitos de referencia, participaci\u00f3n y formaci\u00f3n, reafirmando el compromiso de acompa\u00f1ar a las juventudes con propuestas gratuitas y de calidad durante el verano, as\u00ed como a lo largo del a\u00f1o.<\/p>\n<p><img loading=\"lazy\" decoding=\"async\" class=\"alignnone size-medium wp-image-65612\" src=\"https:\/\/hablemosclarotdf.com.ar\/wp-content\/uploads\/2026\/01\/photo_2026-01-31_12-28-57-300x200.jpg\" alt=\"\" width=\"300\" height=\"200\" srcset=\"https:\/\/hablemosclarotdf.com.ar\/wp-content\/uploads\/2026\/01\/photo_2026-01-31_12-28-57-300x200.jpg 300w, https:\/\/hablemosclarotdf.com.ar\/wp-content\/uploads\/2026\/01\/photo_2026-01-31_12-28-57-1024x682.jpg 1024w, https:\/\/hablemosclarotdf.com.ar\/wp-content\/uploads\/2026\/01\/photo_2026-01-31_12-28-57-768x512.jpg 768w, https:\/\/hablemosclarotdf.com.ar\/wp-content\/uploads\/2026\/01\/photo_2026-01-31_12-28-57.jpg 1280w\" sizes=\"auto, (max-width: 300px) 100vw, 300px\" \/> <img loading=\"lazy\" decoding=\"async\" class=\"alignnone size-medium wp-image-65613\" src=\"https:\/\/hablemosclarotdf.com.ar\/wp-content\/uploads\/2026\/01\/photo_2026-01-31_12-29-00-300x200.jpg\" alt=\"\" width=\"300\" height=\"200\" srcset=\"https:\/\/hablemosclarotdf.com.ar\/wp-content\/uploads\/2026\/01\/photo_2026-01-31_12-29-00-300x200.jpg 300w, https:\/\/hablemosclarotdf.com.ar\/wp-content\/uploads\/2026\/01\/photo_2026-01-31_12-29-00-1024x682.jpg 1024w, https:\/\/hablemosclarotdf.com.ar\/wp-content\/uploads\/2026\/01\/photo_2026-01-31_12-29-00-768x512.jpg 768w, https:\/\/hablemosclarotdf.com.ar\/wp-content\/uploads\/2026\/01\/photo_2026-01-31_12-29-00.jpg 1280w\" sizes=\"auto, (max-width: 300px) 100vw, 300px\" \/><\/p>\n","protected":false},"excerpt":{"rendered":"<p>Las propuestas est\u00e1n destinadas a j\u00f3venes de entre 18 y 35 a\u00f1os y se desarrollar\u00e1n&#8230;<\/p>\n","protected":false},"author":1,"featured_media":65611,"comment_status":"closed","ping_status":"closed","sticky":false,"template":"","format":"standard","meta":{"footnotes":""},"categories":[3],"tags":[],"class_list":["post-65610","post","type-post","status-publish","format-standard","has-post-thumbnail","hentry","category-noticias"],"jetpack_featured_media_url":"https:\/\/hablemosclarotdf.com.ar\/wp-content\/uploads\/2026\/01\/photo_2026-01-31_12-28-46.jpg","_links":{"self":[{"href":"https:\/\/hablemosclarotdf.com.ar\/index.php?rest_route=\/wp\/v2\/posts\/65610","targetHints":{"allow":["GET"]}}],"collection":[{"href":"https:\/\/hablemosclarotdf.com.ar\/index.php?rest_route=\/wp\/v2\/posts"}],"about":[{"href":"https:\/\/hablemosclarotdf.com.ar\/index.php?rest_route=\/wp\/v2\/types\/post"}],"author":[{"embeddable":true,"href":"https:\/\/hablemosclarotdf.com.ar\/index.php?rest_route=\/wp\/v2\/users\/1"}],"replies":[{"embeddable":true,"href":"https:\/\/hablemosclarotdf.com.ar\/index.php?rest_route=%2Fwp%2Fv2%2Fcomments&post=65610"}],"version-history":[{"count":1,"href":"https:\/\/hablemosclarotdf.com.ar\/index.php?rest_route=\/wp\/v2\/posts\/65610\/revisions"}],"predecessor-version":[{"id":65614,"href":"https:\/\/hablemosclarotdf.com.ar\/index.php?rest_route=\/wp\/v2\/posts\/65610\/revisions\/65614"}],"wp:featuredmedia":[{"embeddable":true,"href":"https:\/\/hablemosclarotdf.com.ar\/index.php?rest_route=\/wp\/v2\/media\/65611"}],"wp:attachment":[{"href":"https:\/\/hablemosclarotdf.com.ar\/index.php?rest_route=%2Fwp%2Fv2%2Fmedia&parent=65610"}],"wp:term":[{"taxonomy":"category","embeddable":true,"href":"https:\/\/hablemosclarotdf.com.ar\/index.php?rest_route=%2Fwp%2Fv2%2Fcategories&post=65610"},{"taxonomy":"post_tag","embeddable":true,"href":"https:\/\/hablemosclarotdf.com.ar\/index.php?rest_route=%2Fwp%2Fv2%2Ftags&post=65610"}],"curies":[{"name":"wp","href":"https:\/\/api.w.org\/{rel}","templated":true}]}}