{"id":65574,"date":"2026-01-30T17:26:33","date_gmt":"2026-01-30T20:26:33","guid":{"rendered":"https:\/\/hablemosclarotdf.com.ar\/?p=65574"},"modified":"2026-01-30T17:26:33","modified_gmt":"2026-01-30T20:26:33","slug":"el-gobernador-melella-participo-de-la-inauguracion-de-la-sede-del-centro-de-jubilados-tol-wen","status":"publish","type":"post","link":"https:\/\/hablemosclarotdf.com.ar\/?p=65574","title":{"rendered":"EL GOBERNADOR MELELLA PARTICIP\u00d3 DE LA INAUGURACI\u00d3N DE LA SEDE DEL CENTRO DE JUBILADOS TOL-WEN"},"content":{"rendered":"<p>Con la presencia del Gobernador Gustavo Melella, se llev\u00f3 a cabo esta tarde el acto inaugural de la flamante sede del Centro de Jubilados Tol-Wen, ubicada en la calle Justo Jos\u00e9 de Urquiza 122 de la ciudad de Tolhuin.<\/p>\n<p>El evento cont\u00f3 adem\u00e1s con la participaci\u00f3n de la ministra de Obras y Servicios P\u00fablicos, Gabriela Castillo; el intendente Daniel Harrington; la legisladora Gisela Dos Santos; dem\u00e1s autoridades provinciales y municipales, junto a vecinos y socios del centro.<\/p>\n<p>En el emotivo acto, el Gobernador Gustavo Melella destac\u00f3 el profundo significado de la concreci\u00f3n de esta obra para la comunidad. \u201cHoy no solo se inaugura un edificio, sino que se abren las puertas a un espacio de contenci\u00f3n, encuentro y dignidad para quienes han dedicado su vida a construir nuestra provincia. Auguramos que este sea un lugar de mucha actividad, alegr\u00eda y crecimiento para todos sus socios\u201d, expres\u00f3 el Mandatario provincial.<\/p>\n<p>El Mandatario provincial, acompa\u00f1ado por la ministra Castillo y el secretario, Federico Vel\u00e1zquez, hizo entrega de un presente institucional.<\/p>\n<p>La presidenta del Centro, Olga Costilla, dirigi\u00f3 un sentido mensaje de bienvenida: \u201ces un enorme honor y una profunda emoci\u00f3n darles la bienvenida en este d\u00eda tan significativo. Hoy abrimos las puertas de un espacio que representa a\u00f1os de esfuerzo, trabajo colectivo y amor por la comunidad\u201d. Remarc\u00f3 que el centro naci\u00f3 para ser \u201cun lugar de encuentro, de participaci\u00f3n activa y de dignidad\u201d, y que la nueva sede materializa ese sue\u00f1o.<\/p>\n<p>Por su parte, la legisladora Gisela Dos Santos manifest\u00f3 que \u201choy nos re\u00fane una alegr\u00eda enorme, esperada por mucho tiempo y que finalmente hoy se pudo hacer realidad\u201d. Destac\u00f3 el trabajo conjunto para superar obst\u00e1culos y celebr\u00f3 la concreci\u00f3n \u201cdel primer Centro de jubilados de Tol-Wen, que esper\u00f3 16 a\u00f1os para poder tener su espacio propio\u201d. Afirm\u00f3 el compromiso de seguir acompa\u00f1ando a la instituci\u00f3n, se\u00f1alando que \u201creivindicarlos a ustedes es una forma de honrar nosotros a nuestros padres, a nuestros abuelos\u201d.<\/p>\n<p>En tanto, Hilda, socia mayor del Centro, comparti\u00f3 su emoci\u00f3n: \u201c30 de enero de 2026, no lo olvidemos. Con una gran satisfacci\u00f3n y con ayuda de muchas personas, inauguramos nuestra sede\u201d. Adem\u00e1s expres\u00f3 su agradecimiento a todos los que hicieron posibles el proyecto y culmin\u00f3 con un \u201cgracias a todos. Me siento muy bien\u201d.<\/p>\n<p>La nueva sede, largamente anhelada, cuenta con espacios adecuados para el desarrollo de actividades recreativas, formativas y de esparcimiento para los adultos mayores de Tolhuin. Su concreci\u00f3n representa un hito para la comunidad, respondiendo a una demanda hist\u00f3rica de un espacio propio y digno para este sector fundamental de la sociedad.<\/p>\n<p><img loading=\"lazy\" decoding=\"async\" class=\"alignnone size-medium wp-image-65576\" src=\"https:\/\/hablemosclarotdf.com.ar\/wp-content\/uploads\/2026\/01\/photo_2026-01-30_17-23-29-300x200.jpg\" alt=\"\" width=\"300\" height=\"200\" srcset=\"https:\/\/hablemosclarotdf.com.ar\/wp-content\/uploads\/2026\/01\/photo_2026-01-30_17-23-29-300x200.jpg 300w, https:\/\/hablemosclarotdf.com.ar\/wp-content\/uploads\/2026\/01\/photo_2026-01-30_17-23-29-1024x682.jpg 1024w, https:\/\/hablemosclarotdf.com.ar\/wp-content\/uploads\/2026\/01\/photo_2026-01-30_17-23-29-768x512.jpg 768w, https:\/\/hablemosclarotdf.com.ar\/wp-content\/uploads\/2026\/01\/photo_2026-01-30_17-23-29.jpg 1280w\" sizes=\"auto, (max-width: 300px) 100vw, 300px\" \/> <img loading=\"lazy\" decoding=\"async\" class=\"alignnone size-medium wp-image-65577\" src=\"https:\/\/hablemosclarotdf.com.ar\/wp-content\/uploads\/2026\/01\/photo_2026-01-30_17-23-35-300x200.jpg\" alt=\"\" width=\"300\" height=\"200\" srcset=\"https:\/\/hablemosclarotdf.com.ar\/wp-content\/uploads\/2026\/01\/photo_2026-01-30_17-23-35-300x200.jpg 300w, https:\/\/hablemosclarotdf.com.ar\/wp-content\/uploads\/2026\/01\/photo_2026-01-30_17-23-35-1024x682.jpg 1024w, https:\/\/hablemosclarotdf.com.ar\/wp-content\/uploads\/2026\/01\/photo_2026-01-30_17-23-35-768x512.jpg 768w, https:\/\/hablemosclarotdf.com.ar\/wp-content\/uploads\/2026\/01\/photo_2026-01-30_17-23-35.jpg 1280w\" sizes=\"auto, (max-width: 300px) 100vw, 300px\" \/> <img loading=\"lazy\" decoding=\"async\" class=\"alignnone size-medium wp-image-65578\" src=\"https:\/\/hablemosclarotdf.com.ar\/wp-content\/uploads\/2026\/01\/photo_2026-01-30_17-23-51-300x200.jpg\" alt=\"\" width=\"300\" height=\"200\" srcset=\"https:\/\/hablemosclarotdf.com.ar\/wp-content\/uploads\/2026\/01\/photo_2026-01-30_17-23-51-300x200.jpg 300w, https:\/\/hablemosclarotdf.com.ar\/wp-content\/uploads\/2026\/01\/photo_2026-01-30_17-23-51-1024x682.jpg 1024w, https:\/\/hablemosclarotdf.com.ar\/wp-content\/uploads\/2026\/01\/photo_2026-01-30_17-23-51-768x512.jpg 768w, https:\/\/hablemosclarotdf.com.ar\/wp-content\/uploads\/2026\/01\/photo_2026-01-30_17-23-51.jpg 1280w\" sizes=\"auto, (max-width: 300px) 100vw, 300px\" \/> <img loading=\"lazy\" decoding=\"async\" class=\"alignnone size-medium wp-image-65579\" src=\"https:\/\/hablemosclarotdf.com.ar\/wp-content\/uploads\/2026\/01\/photo_2026-01-30_17-24-00-300x200.jpg\" alt=\"\" width=\"300\" height=\"200\" srcset=\"https:\/\/hablemosclarotdf.com.ar\/wp-content\/uploads\/2026\/01\/photo_2026-01-30_17-24-00-300x200.jpg 300w, https:\/\/hablemosclarotdf.com.ar\/wp-content\/uploads\/2026\/01\/photo_2026-01-30_17-24-00-1024x682.jpg 1024w, https:\/\/hablemosclarotdf.com.ar\/wp-content\/uploads\/2026\/01\/photo_2026-01-30_17-24-00-768x512.jpg 768w, https:\/\/hablemosclarotdf.com.ar\/wp-content\/uploads\/2026\/01\/photo_2026-01-30_17-24-00.jpg 1280w\" sizes=\"auto, (max-width: 300px) 100vw, 300px\" \/> <img loading=\"lazy\" decoding=\"async\" class=\"alignnone size-medium wp-image-65580\" src=\"https:\/\/hablemosclarotdf.com.ar\/wp-content\/uploads\/2026\/01\/photo_2026-01-30_17-24-05-300x200.jpg\" alt=\"\" width=\"300\" height=\"200\" srcset=\"https:\/\/hablemosclarotdf.com.ar\/wp-content\/uploads\/2026\/01\/photo_2026-01-30_17-24-05-300x200.jpg 300w, https:\/\/hablemosclarotdf.com.ar\/wp-content\/uploads\/2026\/01\/photo_2026-01-30_17-24-05-1024x682.jpg 1024w, https:\/\/hablemosclarotdf.com.ar\/wp-content\/uploads\/2026\/01\/photo_2026-01-30_17-24-05-768x512.jpg 768w, https:\/\/hablemosclarotdf.com.ar\/wp-content\/uploads\/2026\/01\/photo_2026-01-30_17-24-05.jpg 1280w\" sizes=\"auto, (max-width: 300px) 100vw, 300px\" \/> <img loading=\"lazy\" decoding=\"async\" class=\"alignnone size-medium wp-image-65581\" src=\"https:\/\/hablemosclarotdf.com.ar\/wp-content\/uploads\/2026\/01\/photo_2026-01-30_17-24-20-300x200.jpg\" alt=\"\" width=\"300\" height=\"200\" srcset=\"https:\/\/hablemosclarotdf.com.ar\/wp-content\/uploads\/2026\/01\/photo_2026-01-30_17-24-20-300x200.jpg 300w, https:\/\/hablemosclarotdf.com.ar\/wp-content\/uploads\/2026\/01\/photo_2026-01-30_17-24-20-1024x682.jpg 1024w, https:\/\/hablemosclarotdf.com.ar\/wp-content\/uploads\/2026\/01\/photo_2026-01-30_17-24-20-768x512.jpg 768w, https:\/\/hablemosclarotdf.com.ar\/wp-content\/uploads\/2026\/01\/photo_2026-01-30_17-24-20.jpg 1280w\" sizes=\"auto, (max-width: 300px) 100vw, 300px\" \/> <img loading=\"lazy\" decoding=\"async\" class=\"alignnone size-medium wp-image-65582\" src=\"https:\/\/hablemosclarotdf.com.ar\/wp-content\/uploads\/2026\/01\/photo_2026-01-30_17-24-25-300x200.jpg\" alt=\"\" width=\"300\" height=\"200\" srcset=\"https:\/\/hablemosclarotdf.com.ar\/wp-content\/uploads\/2026\/01\/photo_2026-01-30_17-24-25-300x200.jpg 300w, https:\/\/hablemosclarotdf.com.ar\/wp-content\/uploads\/2026\/01\/photo_2026-01-30_17-24-25-1024x682.jpg 1024w, https:\/\/hablemosclarotdf.com.ar\/wp-content\/uploads\/2026\/01\/photo_2026-01-30_17-24-25-768x512.jpg 768w, https:\/\/hablemosclarotdf.com.ar\/wp-content\/uploads\/2026\/01\/photo_2026-01-30_17-24-25.jpg 1280w\" sizes=\"auto, (max-width: 300px) 100vw, 300px\" \/> <img loading=\"lazy\" decoding=\"async\" class=\"alignnone size-medium wp-image-65583\" src=\"https:\/\/hablemosclarotdf.com.ar\/wp-content\/uploads\/2026\/01\/photo_2026-01-30_17-24-30-300x200.jpg\" alt=\"\" width=\"300\" height=\"200\" srcset=\"https:\/\/hablemosclarotdf.com.ar\/wp-content\/uploads\/2026\/01\/photo_2026-01-30_17-24-30-300x200.jpg 300w, https:\/\/hablemosclarotdf.com.ar\/wp-content\/uploads\/2026\/01\/photo_2026-01-30_17-24-30-1024x682.jpg 1024w, https:\/\/hablemosclarotdf.com.ar\/wp-content\/uploads\/2026\/01\/photo_2026-01-30_17-24-30-768x512.jpg 768w, https:\/\/hablemosclarotdf.com.ar\/wp-content\/uploads\/2026\/01\/photo_2026-01-30_17-24-30.jpg 1280w\" sizes=\"auto, (max-width: 300px) 100vw, 300px\" \/><\/p>\n","protected":false},"excerpt":{"rendered":"<p>Con la presencia del Gobernador Gustavo Melella, se llev\u00f3 a cabo esta tarde el acto&#8230;<\/p>\n","protected":false},"author":1,"featured_media":65575,"comment_status":"closed","ping_status":"closed","sticky":false,"template":"","format":"standard","meta":{"footnotes":""},"categories":[3],"tags":[],"class_list":["post-65574","post","type-post","status-publish","format-standard","has-post-thumbnail","hentry","category-noticias"],"jetpack_featured_media_url":"https:\/\/hablemosclarotdf.com.ar\/wp-content\/uploads\/2026\/01\/photo_2026-01-30_17-23-47.jpg","_links":{"self":[{"href":"https:\/\/hablemosclarotdf.com.ar\/index.php?rest_route=\/wp\/v2\/posts\/65574","targetHints":{"allow":["GET"]}}],"collection":[{"href":"https:\/\/hablemosclarotdf.com.ar\/index.php?rest_route=\/wp\/v2\/posts"}],"about":[{"href":"https:\/\/hablemosclarotdf.com.ar\/index.php?rest_route=\/wp\/v2\/types\/post"}],"author":[{"embeddable":true,"href":"https:\/\/hablemosclarotdf.com.ar\/index.php?rest_route=\/wp\/v2\/users\/1"}],"replies":[{"embeddable":true,"href":"https:\/\/hablemosclarotdf.com.ar\/index.php?rest_route=%2Fwp%2Fv2%2Fcomments&post=65574"}],"version-history":[{"count":1,"href":"https:\/\/hablemosclarotdf.com.ar\/index.php?rest_route=\/wp\/v2\/posts\/65574\/revisions"}],"predecessor-version":[{"id":65584,"href":"https:\/\/hablemosclarotdf.com.ar\/index.php?rest_route=\/wp\/v2\/posts\/65574\/revisions\/65584"}],"wp:featuredmedia":[{"embeddable":true,"href":"https:\/\/hablemosclarotdf.com.ar\/index.php?rest_route=\/wp\/v2\/media\/65575"}],"wp:attachment":[{"href":"https:\/\/hablemosclarotdf.com.ar\/index.php?rest_route=%2Fwp%2Fv2%2Fmedia&parent=65574"}],"wp:term":[{"taxonomy":"category","embeddable":true,"href":"https:\/\/hablemosclarotdf.com.ar\/index.php?rest_route=%2Fwp%2Fv2%2Fcategories&post=65574"},{"taxonomy":"post_tag","embeddable":true,"href":"https:\/\/hablemosclarotdf.com.ar\/index.php?rest_route=%2Fwp%2Fv2%2Ftags&post=65574"}],"curies":[{"name":"wp","href":"https:\/\/api.w.org\/{rel}","templated":true}]}}