{"id":65570,"date":"2026-01-30T17:22:24","date_gmt":"2026-01-30T20:22:24","guid":{"rendered":"https:\/\/hablemosclarotdf.com.ar\/?p=65570"},"modified":"2026-01-30T17:22:24","modified_gmt":"2026-01-30T20:22:24","slug":"rio-grande-avanza-el-trabajo-conjunto-para-fortalecer-el-deporte-motor-en-la-provincia","status":"publish","type":"post","link":"https:\/\/hablemosclarotdf.com.ar\/?p=65570","title":{"rendered":"RIO GRANDE : AVANZA EL TRABAJO CONJUNTO PARA FORTALECER EL DEPORTE MOTOR EN LA PROVINCIA"},"content":{"rendered":"<p>En el marco de las pol\u00edticas destinadas a fortalecer el deporte motor en Tierra del Fuego, el Municipio -a trav\u00e9s de la Agencia de Deportes, Cultura y Turismo- mantuvo un encuentro con la nueva comisi\u00f3n directiva de la Asociaci\u00f3n de Pilotos de Turismo (A.PI.TUR).<\/p>\n<p>La reuni\u00f3n cont\u00f3 con la presencia de Gabriel Alonso, quien se encuentra pr\u00f3ximo a finalizar su mandato como presidente y acompa\u00f1a el proceso de transici\u00f3n institucional, respaldando a la nueva comisi\u00f3n encabezada por Santiago Capelo, flamante presidente de A.PI.TUR. Tambi\u00e9n participaron el secretario de la entidad, Jorge Silva; el subsecretario de Deportes, Diego Radwanitzer; la directora general de Deportes, Antonella Soto; y la vicepresidenta del Moto Club, Pamela Miranda.<\/p>\n<p>Durante el encuentro se dialog\u00f3 sobre la continuidad del trabajo articulado entre las instituciones y se puso a disposici\u00f3n de los pilotos el uso de espacios deportivos municipales para su preparaci\u00f3n f\u00edsica, con el objetivo de acompa\u00f1ar su desarrollo integral y mejorar las condiciones para la pr\u00e1ctica del deporte motor fueguino.<\/p>\n<p>Asimismo, se avanz\u00f3 en la coordinaci\u00f3n del calendario de actividades deportivas, buscando optimizar la organizaci\u00f3n de la temporada y potenciar la participaci\u00f3n en las distintas competencias.<\/p>\n<p>Al respecto, el gerente ejecutivo de la Agencia de Deportes, Cultura y Turismo, Sebasti\u00e1n Benda\u00f1a, destac\u00f3 que \u201cestos encuentros nos permiten seguir construyendo en equipo, generando oportunidades y fortaleciendo el deporte motor en la provincia. La articulaci\u00f3n con A.PI.TUR es fundamental para que los pilotos cuenten con m\u00e1s y mejores herramientas\u201d.<\/p>\n<p>De esta manera, el Municipio reafirma su compromiso de seguir acompa\u00f1ando al deporte motor como una pol\u00edtica p\u00fablica, promoviendo el trabajo conjunto con las instituciones para el crecimiento sostenido de la disciplina en Tierra del Fuego.<\/p>\n<p><img loading=\"lazy\" decoding=\"async\" class=\"alignnone size-medium wp-image-65572\" src=\"https:\/\/hablemosclarotdf.com.ar\/wp-content\/uploads\/2026\/01\/photo_2026-01-30_17-21-33-300x225.jpg\" alt=\"\" width=\"300\" height=\"225\" srcset=\"https:\/\/hablemosclarotdf.com.ar\/wp-content\/uploads\/2026\/01\/photo_2026-01-30_17-21-33-300x225.jpg 300w, https:\/\/hablemosclarotdf.com.ar\/wp-content\/uploads\/2026\/01\/photo_2026-01-30_17-21-33-1024x768.jpg 1024w, https:\/\/hablemosclarotdf.com.ar\/wp-content\/uploads\/2026\/01\/photo_2026-01-30_17-21-33-768x576.jpg 768w, https:\/\/hablemosclarotdf.com.ar\/wp-content\/uploads\/2026\/01\/photo_2026-01-30_17-21-33.jpg 1280w\" sizes=\"auto, (max-width: 300px) 100vw, 300px\" \/><\/p>\n","protected":false},"excerpt":{"rendered":"<p>En el marco de las pol\u00edticas destinadas a fortalecer el deporte motor en Tierra del&#8230;<\/p>\n","protected":false},"author":1,"featured_media":65571,"comment_status":"closed","ping_status":"closed","sticky":false,"template":"","format":"standard","meta":{"footnotes":""},"categories":[3],"tags":[],"class_list":["post-65570","post","type-post","status-publish","format-standard","has-post-thumbnail","hentry","category-noticias"],"jetpack_featured_media_url":"https:\/\/hablemosclarotdf.com.ar\/wp-content\/uploads\/2026\/01\/photo_2026-01-30_17-21-28.jpg","_links":{"self":[{"href":"https:\/\/hablemosclarotdf.com.ar\/index.php?rest_route=\/wp\/v2\/posts\/65570","targetHints":{"allow":["GET"]}}],"collection":[{"href":"https:\/\/hablemosclarotdf.com.ar\/index.php?rest_route=\/wp\/v2\/posts"}],"about":[{"href":"https:\/\/hablemosclarotdf.com.ar\/index.php?rest_route=\/wp\/v2\/types\/post"}],"author":[{"embeddable":true,"href":"https:\/\/hablemosclarotdf.com.ar\/index.php?rest_route=\/wp\/v2\/users\/1"}],"replies":[{"embeddable":true,"href":"https:\/\/hablemosclarotdf.com.ar\/index.php?rest_route=%2Fwp%2Fv2%2Fcomments&post=65570"}],"version-history":[{"count":1,"href":"https:\/\/hablemosclarotdf.com.ar\/index.php?rest_route=\/wp\/v2\/posts\/65570\/revisions"}],"predecessor-version":[{"id":65573,"href":"https:\/\/hablemosclarotdf.com.ar\/index.php?rest_route=\/wp\/v2\/posts\/65570\/revisions\/65573"}],"wp:featuredmedia":[{"embeddable":true,"href":"https:\/\/hablemosclarotdf.com.ar\/index.php?rest_route=\/wp\/v2\/media\/65571"}],"wp:attachment":[{"href":"https:\/\/hablemosclarotdf.com.ar\/index.php?rest_route=%2Fwp%2Fv2%2Fmedia&parent=65570"}],"wp:term":[{"taxonomy":"category","embeddable":true,"href":"https:\/\/hablemosclarotdf.com.ar\/index.php?rest_route=%2Fwp%2Fv2%2Fcategories&post=65570"},{"taxonomy":"post_tag","embeddable":true,"href":"https:\/\/hablemosclarotdf.com.ar\/index.php?rest_route=%2Fwp%2Fv2%2Ftags&post=65570"}],"curies":[{"name":"wp","href":"https:\/\/api.w.org\/{rel}","templated":true}]}}