{"id":65563,"date":"2026-01-30T14:50:44","date_gmt":"2026-01-30T17:50:44","guid":{"rendered":"https:\/\/hablemosclarotdf.com.ar\/?p=65563"},"modified":"2026-01-30T14:50:44","modified_gmt":"2026-01-30T17:50:44","slug":"rio-grande-memoria-y-malvinas-nueva-puesta-en-valor-del-paseo-ara-general-belgrano","status":"publish","type":"post","link":"https:\/\/hablemosclarotdf.com.ar\/?p=65563","title":{"rendered":"RIO GRANDE : MEMORIA Y MALVINAS: NUEVA PUESTA EN VALOR DEL PASEO \u201cARA GENERAL BELGRANO\u201d"},"content":{"rendered":"<p>El Municipio de R\u00edo Grande llevar\u00e1 adelante una nueva puesta en valor del Paseo \u201cARA General Belgrano\u201d, ubicado sobre la Doble Santa Fe, a trav\u00e9s de una intervenci\u00f3n art\u00edstica que rinde homenaje al hist\u00f3rico buque y a sus tripulantes, en el marco de las pol\u00edticas p\u00fablicas que promueven la memoria, la identidad y la causa Malvinas.<\/p>\n<p>En este sentido, se realiz\u00f3 una reuni\u00f3n de trabajo junto al Centro de Veteranos de Guerra de R\u00edo Grande y a artistas del Museo Municipal \u201cVirginia Choquintel\u201d, trabajadores municipales que se encuentran diagramando esta intervenci\u00f3n de manera articulada, incorporando adem\u00e1s material hist\u00f3rico cedido por el propio Centro de Veteranos.<\/p>\n<p>La primera etapa de los trabajos se desarrollar\u00e1 en el tramo comprendido desde el sector conocido como \u201cEl Arbolito\u201d, donde comienza las plaza c\u00edvica \u201cR\u00edo Grande, Capital Nacional de la Vigilia\u201d, hasta la calle Posadas. En ese espacio, las estructuras existentes que hacen referencia al ARA General Belgrano ser\u00e1n intervenidas con murales tem\u00e1ticos que abordar\u00e1n distintos momentos y relatos vinculados al hundimiento del buque.<\/p>\n<p>Las obras reflejar\u00e1n el hundimiento del ARA General Belgrano, el regreso al continente de los marinos sobrevivientes, la figura del capit\u00e1n H\u00e9ctor Bonzo, historias particulares de tripulantes durante el conflicto y un homenaje especial a Cabo G\u00f3mez, riograndense ca\u00eddo en el hundimiento del Belgrano. Asimismo, se incorporar\u00e1n fragmentos de cartas escritas por marinos a sus familias, frases significativas y referencias a elementos que formaban parte de la vida a bordo, generando un recorrido de fuerte contenido emotivo como testimonial.<\/p>\n<p>El dise\u00f1o de los murales estuvo a cargo de los artistas del Museo Municipal \u201cVirginia Choquintel\u201d: Cristian Pereira, Camila C\u00e1rdenas, Kevin Romero y Emanuel Mu\u00f1oz. El proyecto fue presentado al Centro de Veteranos de Guerra en un encuentro del que particip\u00f3 tambi\u00e9n Mart\u00edn Vargas, veterano del ARA General Belgrano, lo cual otorg\u00f3 un marco especialmente emotivo a la instancia de intercambio y validaci\u00f3n de la propuesta.<\/p>\n<p>Desde el Centro de Veteranos destacaron y acompa\u00f1aron la iniciativa, valorando la decisi\u00f3n del Municipio de continuar fortaleciendo la malvinizaci\u00f3n a trav\u00e9s del arte, tanto en intervenciones al aire libre como en las distintas propuestas culturales que se impulsan desde el Museo Municipal, la Casa de la Cultura y otros espacios municipales.<\/p>\n<p>De la reuni\u00f3n participaron Sebasti\u00e1n Benda\u00f1a, gerente de la Agencia Municipal de Deportes, Cultura y Turismo; Carlos G\u00f3mez, subsecretario de Cultura; as\u00ed como Coral Leguina, coordinadora del Museo Municipal \u201cVirginia Choquintel\u201d, junto a trabajadores municipales involucrados en el desarrollo del proyecto.<\/p>\n<p><img loading=\"lazy\" decoding=\"async\" class=\"alignnone size-medium wp-image-65565\" src=\"https:\/\/hablemosclarotdf.com.ar\/wp-content\/uploads\/2026\/01\/photo_2026-01-30_14-48-42-300x200.jpg\" alt=\"\" width=\"300\" height=\"200\" srcset=\"https:\/\/hablemosclarotdf.com.ar\/wp-content\/uploads\/2026\/01\/photo_2026-01-30_14-48-42-300x200.jpg 300w, https:\/\/hablemosclarotdf.com.ar\/wp-content\/uploads\/2026\/01\/photo_2026-01-30_14-48-42-1024x682.jpg 1024w, https:\/\/hablemosclarotdf.com.ar\/wp-content\/uploads\/2026\/01\/photo_2026-01-30_14-48-42-768x512.jpg 768w, https:\/\/hablemosclarotdf.com.ar\/wp-content\/uploads\/2026\/01\/photo_2026-01-30_14-48-42.jpg 1280w\" sizes=\"auto, (max-width: 300px) 100vw, 300px\" \/> <img loading=\"lazy\" decoding=\"async\" class=\"alignnone size-medium wp-image-65566\" src=\"https:\/\/hablemosclarotdf.com.ar\/wp-content\/uploads\/2026\/01\/photo_2026-01-30_14-48-48-300x200.jpg\" alt=\"\" width=\"300\" height=\"200\" srcset=\"https:\/\/hablemosclarotdf.com.ar\/wp-content\/uploads\/2026\/01\/photo_2026-01-30_14-48-48-300x200.jpg 300w, https:\/\/hablemosclarotdf.com.ar\/wp-content\/uploads\/2026\/01\/photo_2026-01-30_14-48-48-1024x682.jpg 1024w, https:\/\/hablemosclarotdf.com.ar\/wp-content\/uploads\/2026\/01\/photo_2026-01-30_14-48-48-768x512.jpg 768w, https:\/\/hablemosclarotdf.com.ar\/wp-content\/uploads\/2026\/01\/photo_2026-01-30_14-48-48.jpg 1280w\" sizes=\"auto, (max-width: 300px) 100vw, 300px\" \/> <img loading=\"lazy\" decoding=\"async\" class=\"alignnone size-medium wp-image-65567\" src=\"https:\/\/hablemosclarotdf.com.ar\/wp-content\/uploads\/2026\/01\/photo_2026-01-30_14-49-02-300x200.jpg\" alt=\"\" width=\"300\" height=\"200\" srcset=\"https:\/\/hablemosclarotdf.com.ar\/wp-content\/uploads\/2026\/01\/photo_2026-01-30_14-49-02-300x200.jpg 300w, https:\/\/hablemosclarotdf.com.ar\/wp-content\/uploads\/2026\/01\/photo_2026-01-30_14-49-02-1024x682.jpg 1024w, https:\/\/hablemosclarotdf.com.ar\/wp-content\/uploads\/2026\/01\/photo_2026-01-30_14-49-02-768x512.jpg 768w, https:\/\/hablemosclarotdf.com.ar\/wp-content\/uploads\/2026\/01\/photo_2026-01-30_14-49-02.jpg 1280w\" sizes=\"auto, (max-width: 300px) 100vw, 300px\" \/> <img loading=\"lazy\" decoding=\"async\" class=\"alignnone size-medium wp-image-65568\" src=\"https:\/\/hablemosclarotdf.com.ar\/wp-content\/uploads\/2026\/01\/photo_2026-01-30_14-49-14-300x200.jpg\" alt=\"\" width=\"300\" height=\"200\" srcset=\"https:\/\/hablemosclarotdf.com.ar\/wp-content\/uploads\/2026\/01\/photo_2026-01-30_14-49-14-300x200.jpg 300w, https:\/\/hablemosclarotdf.com.ar\/wp-content\/uploads\/2026\/01\/photo_2026-01-30_14-49-14-1024x682.jpg 1024w, https:\/\/hablemosclarotdf.com.ar\/wp-content\/uploads\/2026\/01\/photo_2026-01-30_14-49-14-768x512.jpg 768w, https:\/\/hablemosclarotdf.com.ar\/wp-content\/uploads\/2026\/01\/photo_2026-01-30_14-49-14.jpg 1280w\" sizes=\"auto, (max-width: 300px) 100vw, 300px\" \/><\/p>\n","protected":false},"excerpt":{"rendered":"<p>El Municipio de R\u00edo Grande llevar\u00e1 adelante una nueva puesta en valor del Paseo \u201cARA&#8230;<\/p>\n","protected":false},"author":1,"featured_media":65564,"comment_status":"closed","ping_status":"closed","sticky":false,"template":"","format":"standard","meta":{"footnotes":""},"categories":[3],"tags":[],"class_list":["post-65563","post","type-post","status-publish","format-standard","has-post-thumbnail","hentry","category-noticias"],"jetpack_featured_media_url":"https:\/\/hablemosclarotdf.com.ar\/wp-content\/uploads\/2026\/01\/photo_2026-01-30_14-48-31.jpg","_links":{"self":[{"href":"https:\/\/hablemosclarotdf.com.ar\/index.php?rest_route=\/wp\/v2\/posts\/65563","targetHints":{"allow":["GET"]}}],"collection":[{"href":"https:\/\/hablemosclarotdf.com.ar\/index.php?rest_route=\/wp\/v2\/posts"}],"about":[{"href":"https:\/\/hablemosclarotdf.com.ar\/index.php?rest_route=\/wp\/v2\/types\/post"}],"author":[{"embeddable":true,"href":"https:\/\/hablemosclarotdf.com.ar\/index.php?rest_route=\/wp\/v2\/users\/1"}],"replies":[{"embeddable":true,"href":"https:\/\/hablemosclarotdf.com.ar\/index.php?rest_route=%2Fwp%2Fv2%2Fcomments&post=65563"}],"version-history":[{"count":1,"href":"https:\/\/hablemosclarotdf.com.ar\/index.php?rest_route=\/wp\/v2\/posts\/65563\/revisions"}],"predecessor-version":[{"id":65569,"href":"https:\/\/hablemosclarotdf.com.ar\/index.php?rest_route=\/wp\/v2\/posts\/65563\/revisions\/65569"}],"wp:featuredmedia":[{"embeddable":true,"href":"https:\/\/hablemosclarotdf.com.ar\/index.php?rest_route=\/wp\/v2\/media\/65564"}],"wp:attachment":[{"href":"https:\/\/hablemosclarotdf.com.ar\/index.php?rest_route=%2Fwp%2Fv2%2Fmedia&parent=65563"}],"wp:term":[{"taxonomy":"category","embeddable":true,"href":"https:\/\/hablemosclarotdf.com.ar\/index.php?rest_route=%2Fwp%2Fv2%2Fcategories&post=65563"},{"taxonomy":"post_tag","embeddable":true,"href":"https:\/\/hablemosclarotdf.com.ar\/index.php?rest_route=%2Fwp%2Fv2%2Ftags&post=65563"}],"curies":[{"name":"wp","href":"https:\/\/api.w.org\/{rel}","templated":true}]}}