{"id":65557,"date":"2026-01-30T12:42:56","date_gmt":"2026-01-30T15:42:56","guid":{"rendered":"https:\/\/hablemosclarotdf.com.ar\/?p=65557"},"modified":"2026-01-30T12:42:56","modified_gmt":"2026-01-30T15:42:56","slug":"la-provincia-impulsa-60-becas-completas-para-profesorados-con-enfoque-en-derechos-humanos","status":"publish","type":"post","link":"https:\/\/hablemosclarotdf.com.ar\/?p=65557","title":{"rendered":"LA PROVINCIA IMPULSA 60 BECAS COMPLETAS PARA PROFESORADOS CON ENFOQUE EN DERECHOS HUMANOS"},"content":{"rendered":"<p>El Gobierno Provincial abri\u00f3 la convocatoria 2026 a 60 becas completas para cursar los profesorados de Historia, Lengua y Literatura y Geograf\u00eda, con t\u00edtulos oficiales y formaci\u00f3n con perspectiva de Derechos Humanos y Memoria.<\/p>\n<p>La iniciativa es impulsada a trav\u00e9s de la Secretar\u00eda de Derechos Humanos e Igualdad del Ministerio de Bienestar Ciudadano y Justicia, en el marco del convenio firmado con la Fundaci\u00f3n Universitaria Popular de Escobar (FUPE), instituci\u00f3n que dicta las carreras bajo modalidad totalmente virtual.<\/p>\n<p>Al respecto, la secretaria de Derechos Humanos e Igualdad, Sonia Splausky, destac\u00f3 que \u201cen el tejido de redes que iniciamos a partir de la realizaci\u00f3n del Primer Congreso de Derechos Humanos de Tierra del Fuego, el acceso a estas becas es uno de los ejes que pudimos concretar\u201d, y subray\u00f3 que \u201cla provincia contin\u00faa apostando a la construcci\u00f3n de pol\u00edticas p\u00fablicas en materia de Derechos Humanos, aun en un contexto nacional adverso\u201d.<\/p>\n<p>Las becas cubren el 100% del arancel y est\u00e1n destinadas a personas residentes en la provincia con estudios secundarios completos o en curso, as\u00ed como a mayores de 25 a\u00f1os que no hayan finalizado el secundario, de acuerdo a lo establecido en el art\u00edculo 7 de la Ley de Educaci\u00f3n Superior N.\u00ba 24.521, que tengan inter\u00e9s en la docencia y en la tem\u00e1tica de Derechos Humanos.<\/p>\n<p>La inscripci\u00f3n se realiza mediante formulario online hasta el 15 de febrero de 2026, a trav\u00e9s del siguiente enlace:<br \/>\nhttps:\/\/forms.gle\/aAgPo9sHXXrApjEF9<\/p>\n<p>La selecci\u00f3n de las y los postulantes se llevar\u00e1 a cabo durante el mes de marzo de 2026. Para m\u00e1s informaci\u00f3n o consultas, se encuentra disponible el correo electr\u00f3nico: becasfupe@gmail.com.<\/p>\n","protected":false},"excerpt":{"rendered":"<p>El Gobierno Provincial abri\u00f3 la convocatoria 2026 a 60 becas completas para cursar los profesorados&#8230;<\/p>\n","protected":false},"author":1,"featured_media":65558,"comment_status":"closed","ping_status":"closed","sticky":false,"template":"","format":"standard","meta":{"footnotes":""},"categories":[3],"tags":[],"class_list":["post-65557","post","type-post","status-publish","format-standard","has-post-thumbnail","hentry","category-noticias"],"jetpack_featured_media_url":"https:\/\/hablemosclarotdf.com.ar\/wp-content\/uploads\/2026\/01\/photo_2026-01-30_12-42-33.jpg","_links":{"self":[{"href":"https:\/\/hablemosclarotdf.com.ar\/index.php?rest_route=\/wp\/v2\/posts\/65557","targetHints":{"allow":["GET"]}}],"collection":[{"href":"https:\/\/hablemosclarotdf.com.ar\/index.php?rest_route=\/wp\/v2\/posts"}],"about":[{"href":"https:\/\/hablemosclarotdf.com.ar\/index.php?rest_route=\/wp\/v2\/types\/post"}],"author":[{"embeddable":true,"href":"https:\/\/hablemosclarotdf.com.ar\/index.php?rest_route=\/wp\/v2\/users\/1"}],"replies":[{"embeddable":true,"href":"https:\/\/hablemosclarotdf.com.ar\/index.php?rest_route=%2Fwp%2Fv2%2Fcomments&post=65557"}],"version-history":[{"count":1,"href":"https:\/\/hablemosclarotdf.com.ar\/index.php?rest_route=\/wp\/v2\/posts\/65557\/revisions"}],"predecessor-version":[{"id":65559,"href":"https:\/\/hablemosclarotdf.com.ar\/index.php?rest_route=\/wp\/v2\/posts\/65557\/revisions\/65559"}],"wp:featuredmedia":[{"embeddable":true,"href":"https:\/\/hablemosclarotdf.com.ar\/index.php?rest_route=\/wp\/v2\/media\/65558"}],"wp:attachment":[{"href":"https:\/\/hablemosclarotdf.com.ar\/index.php?rest_route=%2Fwp%2Fv2%2Fmedia&parent=65557"}],"wp:term":[{"taxonomy":"category","embeddable":true,"href":"https:\/\/hablemosclarotdf.com.ar\/index.php?rest_route=%2Fwp%2Fv2%2Fcategories&post=65557"},{"taxonomy":"post_tag","embeddable":true,"href":"https:\/\/hablemosclarotdf.com.ar\/index.php?rest_route=%2Fwp%2Fv2%2Ftags&post=65557"}],"curies":[{"name":"wp","href":"https:\/\/api.w.org\/{rel}","templated":true}]}}