{"id":65554,"date":"2026-01-30T12:41:29","date_gmt":"2026-01-30T15:41:29","guid":{"rendered":"https:\/\/hablemosclarotdf.com.ar\/?p=65554"},"modified":"2026-01-30T12:41:29","modified_gmt":"2026-01-30T15:41:29","slug":"rio-grande-vivira-un-fin-de-semana-con-propuestas-para-toda-la-familia","status":"publish","type":"post","link":"https:\/\/hablemosclarotdf.com.ar\/?p=65554","title":{"rendered":"R\u00cdO GRANDE VIVIR\u00c1 UN FIN DE SEMANA CON PROPUESTAS PARA TODA LA FAMILIA"},"content":{"rendered":"<p>\u201cRGA ALIMENTOS\u201d EN EL PASEO CANTO DEL VIENTO<\/p>\n<p>El punto de venta funciona de 10 a 20 horas, el viernes y s\u00e1bado, mientras que el domingo abrir\u00e1 sus puertas de 10 a 13 horas, en Fagnano 650. Durante el fin de semana, las vecinas y vecinos podr\u00e1n adquirir pollos y tomates agroecol\u00f3gicos de RGA Alimentos y productos de productores locales como pescados, huevos y hortalizas.<\/p>\n<p>\u201cMERCADO DEL ATL\u00c1NTICO\u201d EN EL PASEO<\/p>\n<p>Este espacio atender\u00e1 este viernes 30 de enero, de 10 a 16 horas, y el s\u00e1bado 31, desde las 16 hasta las 20 horas, en Fagnano 650. All\u00ed la comunidad podr\u00e1 encontrar productos elaborados por emprendedores, artesanos y productores locales.<\/p>\n<p>SE PROYECTAR\u00c1 \u201cEL PRINCIPITO\u201d EN EL MUSEO VIRGINIA CHOQUINTEL<\/p>\n<p>La funci\u00f3n se llevar\u00e1 adelante el viernes 30, a las 15 horas, en el Museo Municipal &#8220;Virginia Choquintel&#8221;, ubicado en Alberdi 555. Es importante mencionar que la entrada es libre y gratuita, apta para todo el p\u00fablico.<\/p>\n<p>DISFRUT\u00c1 DE LA CALESITA DE ZONA SUR<\/p>\n<p>La calesita est\u00e1 ubicada en Rafaela Ishton y Tolhuin, la cual est\u00e1 abierta de mi\u00e9rcoles a domingos, de 15.30 a 19 horas. La actividad es libre y gratuita, destinada a las infancias y est\u00e1 sujeta a las condiciones clim\u00e1ticas.<\/p>\n<p>VERANO EN EL PASEO<\/p>\n<p>De mi\u00e9rcoles a domingo, en el horario de 16 a 20 horas, el Paseo Canto del Viento abre sus puertas para que las y los riograndenses visiten los stands de emprendedores, artesanos y manualistas de nuestra ciudad, adem\u00e1s de disfrutar de propuestas gastron\u00f3micas y art\u00edsticas.<\/p>\n<p>TALLER DE LECTURA: \u201cCLUB DEL VIENTO\u201d<\/p>\n<p>Una iniciativa que se realizar\u00e1 este viernes 30 de enero, de 17 a 19 horas, en Casa de J\u00f3venes (ubicada en Isla de los Estados 1195). La inscripci\u00f3n es presencial y pueden acercarse en el horario del taller. Est\u00e1 destinada a personas mayores de 16 a\u00f1os. Quienes quieran m\u00e1s informaci\u00f3n pueden comunicarse al 436223.<\/p>\n<p>\u201cVACACIONES EN EL PARQUE\u201d<\/p>\n<p>El Parque es escenario de diferentes actividades durante el fin de semana donde las vecinas y vecinos se encontrar\u00e1n con un patio gastron\u00f3mico y cultural, de 20 a 00 horas. Respecto a los espect\u00e1culos, este viernes 30 har\u00e1 lo propio el Dj Alejandro Cerd\u00e1, luego se presentar\u00e1 &#8220;1.0.3.8&#8221;. Mientras que el s\u00e1bado 31 ser\u00e1 el turno del DJ Mario Antieco y luego \u201cDisco Viejo\u201d.<\/p>\n<p>NUEVA JORNADA DE ADOPCI\u00d3N DE MASCOTAS Y VACUNACI\u00d3N ANTIRR\u00c1BICA<\/p>\n<p>Este s\u00e1bado 31 de enero se llevar\u00e1 adelante una nueva jornada de vacunaci\u00f3n antirr\u00e1bica y adopci\u00f3n de mascotas, una iniciativa que tendr\u00e1 lugar en la Direcci\u00f3n de Servicios Veterinarios, ubicado en 25 de Mayo 2937, en el horario de 10 a 17 horas. La atenci\u00f3n ser\u00e1 por orden de llegada.<\/p>\n<p>\u201cCAF\u00c9 LITERARIO\u201d EN EL PASEO CANTO DEL VIENTO<\/p>\n<p>La actividad se desarrollar\u00e1 este s\u00e1bado 31 de enero, de 16 a 20 horas, en Fagnano 650. All\u00ed se presentar\u00e1n m\u00fasicos, poetas y escritores. La jornada es en colaboraci\u00f3n con la productora Truego TV.<\/p>\n<p>CARNAVAL BARRIAL<\/p>\n<p>El domingo 1\u00b0 de febrero se llevar\u00e1 adelante el primer Carnaval Barrial del a\u00f1o en la zona sur de nuestra ciudad. Ser\u00e1 en la intersecci\u00f3n de la calle Rafaela Ishton y El Alambrador. Comenzar\u00e1 a partir de las 15 horas con la presencia de artistas invitados. El Municipio invita a las familias a ser parte de estos festejos de Carnaval para compartir una tarde entre familia y amigos. Est\u00e1 sujeta a condiciones clim\u00e1ticas.<\/p>\n","protected":false},"excerpt":{"rendered":"<p>\u201cRGA ALIMENTOS\u201d EN EL PASEO CANTO DEL VIENTO El punto de venta funciona de 10&#8230;<\/p>\n","protected":false},"author":1,"featured_media":65555,"comment_status":"closed","ping_status":"closed","sticky":false,"template":"","format":"standard","meta":{"footnotes":""},"categories":[3],"tags":[],"class_list":["post-65554","post","type-post","status-publish","format-standard","has-post-thumbnail","hentry","category-noticias"],"jetpack_featured_media_url":"https:\/\/hablemosclarotdf.com.ar\/wp-content\/uploads\/2026\/01\/photo_2026-01-30_12-40-19.jpg","_links":{"self":[{"href":"https:\/\/hablemosclarotdf.com.ar\/index.php?rest_route=\/wp\/v2\/posts\/65554","targetHints":{"allow":["GET"]}}],"collection":[{"href":"https:\/\/hablemosclarotdf.com.ar\/index.php?rest_route=\/wp\/v2\/posts"}],"about":[{"href":"https:\/\/hablemosclarotdf.com.ar\/index.php?rest_route=\/wp\/v2\/types\/post"}],"author":[{"embeddable":true,"href":"https:\/\/hablemosclarotdf.com.ar\/index.php?rest_route=\/wp\/v2\/users\/1"}],"replies":[{"embeddable":true,"href":"https:\/\/hablemosclarotdf.com.ar\/index.php?rest_route=%2Fwp%2Fv2%2Fcomments&post=65554"}],"version-history":[{"count":1,"href":"https:\/\/hablemosclarotdf.com.ar\/index.php?rest_route=\/wp\/v2\/posts\/65554\/revisions"}],"predecessor-version":[{"id":65556,"href":"https:\/\/hablemosclarotdf.com.ar\/index.php?rest_route=\/wp\/v2\/posts\/65554\/revisions\/65556"}],"wp:featuredmedia":[{"embeddable":true,"href":"https:\/\/hablemosclarotdf.com.ar\/index.php?rest_route=\/wp\/v2\/media\/65555"}],"wp:attachment":[{"href":"https:\/\/hablemosclarotdf.com.ar\/index.php?rest_route=%2Fwp%2Fv2%2Fmedia&parent=65554"}],"wp:term":[{"taxonomy":"category","embeddable":true,"href":"https:\/\/hablemosclarotdf.com.ar\/index.php?rest_route=%2Fwp%2Fv2%2Fcategories&post=65554"},{"taxonomy":"post_tag","embeddable":true,"href":"https:\/\/hablemosclarotdf.com.ar\/index.php?rest_route=%2Fwp%2Fv2%2Ftags&post=65554"}],"curies":[{"name":"wp","href":"https:\/\/api.w.org\/{rel}","templated":true}]}}