{"id":65534,"date":"2026-01-30T05:19:00","date_gmt":"2026-01-30T08:19:00","guid":{"rendered":"https:\/\/hablemosclarotdf.com.ar\/?p=65534"},"modified":"2026-01-30T05:19:00","modified_gmt":"2026-01-30T08:19:00","slug":"pablo-blanco-cuestiono-la-intervencion-no-se-explica-nada-y-se-generan-rumores","status":"publish","type":"post","link":"https:\/\/hablemosclarotdf.com.ar\/?p=65534","title":{"rendered":"Pablo Blanco cuestion\u00f3 la intervenci\u00f3n : \u201cNo se explica nada y se generan rumores\u201d"},"content":{"rendered":"<p>Blanco atribuy\u00f3 la proliferaci\u00f3n de rumores y versiones cruzadas en los \u00faltimos d\u00edas \u2014entre ellas, la supuesta entrega del puerto o la llegada de fuerzas extranjeras\u2014 a la ausencia de informaci\u00f3n clara y coordinada entre Naci\u00f3n y Provincia. \u201cTodo esto es producto de la falta de informaci\u00f3n oficial y de decisiones que el Gobierno Nacional toma ignorando al gobierno provincial\u201d, afirm\u00f3.<\/p>\n<div class=\"k-nota-div-notas\">\n<div class=\"k-nota-med-div-notas\">\n<table class=\"k-nota-tabla-notas\" cellspacing=\"0\" cellpadding=\"0\">\n<tbody>\n<tr>\n<td class=\"k-nota-tabla-celda-notas\">\n<table border=\"0\" cellspacing=\"0\" cellpadding=\"0\">\n<tbody>\n<tr class=\"k-nota-fila-notas\">\n<td class=\"k-nota-celda-notas\" valign=\"top\">\n<div class=\"k-nota-tabla-fila-notas\">\n<table border=\"0\" cellspacing=\"0\" cellpadding=\"0\">\n<tbody>\n<tr>\n<td class=\"k-nota-body-inf-notas\">\n<div class=\"k-nota-body-inf-1-notas\">\n<div class=\"k-nota-texto-notas\">R\u00edo Grande.- El exsenador nacional por Tierra del Fuego, Pablo Blanco, analiz\u00f3 la situaci\u00f3n pol\u00edtica e institucional que atraviesa la provincia a partir de la intervenci\u00f3n del puerto de Ushuaia, el creciente inter\u00e9s de Estados Unidos en la regi\u00f3n y la falta de informaci\u00f3n oficial por parte del Gobierno Nacional. Las declaraciones fueron realizadas en una entrevista brindada a Radio Provincia.<\/p>\n<p>Falta de informaci\u00f3n y descoordinaci\u00f3n institucional<\/p>\n<p>Seg\u00fan el exlegislador, la gravedad del escenario no radica solo en los rumores, sino en el hecho de que las propias autoridades provinciales no est\u00e9n debidamente informadas.<br \/>\n\u201cLas autoridades provinciales deber\u00edan estar al tanto de este tipo de situaciones. Uno consulta y no hay informaci\u00f3n, y eso genera todo tipo de suposiciones\u201d, sostuvo.<br \/>\nEn ese marco, consider\u00f3 que existe una falla de coordinaci\u00f3n pol\u00edtica que impacta de lleno en la confianza institucional y en la percepci\u00f3n p\u00fablica sobre decisiones estrat\u00e9gicas que involucran a Tierra del Fuego.<\/p>\n<p>La intervenci\u00f3n del puerto de Ushuaia<\/p>\n<p>Uno de los puntos m\u00e1s cr\u00edticos de sus declaraciones fue la intervenci\u00f3n del puerto de Ushuaia, medida que Blanco calific\u00f3 como llamativa y excesiva.<br \/>\n\u201cYo no recuerdo que se haya intervenido otro puerto del pa\u00eds, ni siquiera en situaciones mucho m\u00e1s graves\u201d, se\u00f1al\u00f3, al comparar el caso fueguino con antecedentes nacionales.<br \/>\nEl exsenador record\u00f3 que el puerto es propiedad de la provincia, transferido en el marco de la provincializaci\u00f3n, y remarc\u00f3 que se trata de un ente aut\u00e1rquico creado por ley provincial. En ese sentido, sostuvo que cualquier irregularidad deber\u00eda ser evaluada por los organismos de control provinciales, como el Tribunal de Cuentas o la Fiscal\u00eda de Estado, antes de avanzar con una intervenci\u00f3n nacional.<br \/>\n\u201cEsto es un atropello a la jurisdicci\u00f3n provincial\u201d, afirm\u00f3.<\/p>\n<p>Contradicciones pol\u00edticas y silencios<\/p>\n<p>Blanco tambi\u00e9n cuestion\u00f3 las contradicciones dentro de la dirigencia pol\u00edtica fueguina, al se\u00f1alar que algunos sectores que aprobaron leyes vinculadas al uso de recursos del puerto luego respaldaron la intervenci\u00f3n.<br \/>\n\u201cHay cosas que no est\u00e1n claras y generan muchas dudas\u201d, indic\u00f3.<br \/>\nAdem\u00e1s, expres\u00f3 su sorpresa por el silencio de gran parte de la Legislatura provincial y de los representantes nacionales de Tierra del Fuego, a quienes reclam\u00f3 una posici\u00f3n institucional m\u00e1s firme frente a lo que considera un avance sobre la soberan\u00eda provincial.<\/p>\n<p>Inter\u00e9s de Estados Unidos y falta de explicaciones<\/p>\n<p>Durante la entrevista, el exsenador se refiri\u00f3 al inter\u00e9s manifiesto de Estados Unidos en Ushuaia, a proyectos vinculados a bases militares, al polo log\u00edstico ant\u00e1rtico y a recientes visitas sin informaci\u00f3n oficial precisa.<br \/>\n\u201cNo hay una explicaci\u00f3n oficial, ni del Gobierno Nacional ni del Provincial, y eso es grave\u201d, sostuvo.<br \/>\nSi bien descart\u00f3 que el Presidente tenga facultades para \u201centregar\u201d un puerto -ya que cualquier acuerdo internacional debe pasar por el Congreso-, advirti\u00f3 que la falta de explicaciones alimenta sospechas en una regi\u00f3n de alto valor estrat\u00e9gico.<\/p>\n<p>\u201cEl puerto es un recurso clave\u201d<\/p>\n<p>Finalmente, Blanco remarc\u00f3 que el puerto de Ushuaia es un recurso estrat\u00e9gico fundamental, no solo desde lo econ\u00f3mico sino tambi\u00e9n desde lo geopol\u00edtico.<br \/>\n\u201cNo se trata de estar a favor o en contra de un gobierno. Se trata de defender los derechos de la provincia sobre sus recursos\u201d, concluy\u00f3.<br \/>\nLa entrevista dej\u00f3 expuesta una preocupaci\u00f3n central: la sensaci\u00f3n de que decisiones clave se est\u00e1n tomando sin informaci\u00f3n, sin transparencia y sin el debido respeto por la autonom\u00eda de Tierra del Fuego, en un contexto donde el puerto de Ushuaia vuelve a ocupar un lugar central en el debate pol\u00edtico provincial y nacional.<\/p>\n<\/div>\n<\/div>\n<div>FUENTE : PROVINCIA 23.<\/div>\n<\/td>\n<\/tr>\n<\/tbody>\n<\/table>\n<\/div>\n<\/td>\n<\/tr>\n<\/tbody>\n<\/table>\n<\/td>\n<\/tr>\n<\/tbody>\n<\/table>\n<\/div>\n<div class=\"k-nota-pie-div-notas\">\n<table class=\"k-nota-pie-notas\" cellspacing=\"0\" cellpadding=\"0\">\n<tbody>\n<tr>\n<td class=\"k-nota-pie-sup-notas\"><\/td>\n<\/tr>\n<tr>\n<td class=\"k-nota-pie-med-notas\"><\/td>\n<\/tr>\n<tr>\n<td class=\"k-nota-pie-inf-notas\"><\/td>\n<\/tr>\n<\/tbody>\n<\/table>\n<\/div>\n<div class=\"k-nota-inf-div-notas\"><\/div>\n<\/div>\n<div id=\"cuerpoarr\" class=\"cuerpoarr\"><\/div>\n<div id=\"cuerpomed\"><\/div>\n<div id=\"cuerpoaba\" class=\"cuerpoaba\"><\/div>\n<div class=\"j_publi\"><\/div>\n","protected":false},"excerpt":{"rendered":"<p>Blanco atribuy\u00f3 la proliferaci\u00f3n de rumores y versiones cruzadas en los \u00faltimos d\u00edas \u2014entre ellas,&#8230;<\/p>\n","protected":false},"author":1,"featured_media":65536,"comment_status":"closed","ping_status":"closed","sticky":false,"template":"","format":"standard","meta":{"footnotes":""},"categories":[3],"tags":[],"class_list":["post-65534","post","type-post","status-publish","format-standard","has-post-thumbnail","hentry","category-noticias"],"jetpack_featured_media_url":"https:\/\/hablemosclarotdf.com.ar\/wp-content\/uploads\/2026\/01\/download.jpg","_links":{"self":[{"href":"https:\/\/hablemosclarotdf.com.ar\/index.php?rest_route=\/wp\/v2\/posts\/65534","targetHints":{"allow":["GET"]}}],"collection":[{"href":"https:\/\/hablemosclarotdf.com.ar\/index.php?rest_route=\/wp\/v2\/posts"}],"about":[{"href":"https:\/\/hablemosclarotdf.com.ar\/index.php?rest_route=\/wp\/v2\/types\/post"}],"author":[{"embeddable":true,"href":"https:\/\/hablemosclarotdf.com.ar\/index.php?rest_route=\/wp\/v2\/users\/1"}],"replies":[{"embeddable":true,"href":"https:\/\/hablemosclarotdf.com.ar\/index.php?rest_route=%2Fwp%2Fv2%2Fcomments&post=65534"}],"version-history":[{"count":1,"href":"https:\/\/hablemosclarotdf.com.ar\/index.php?rest_route=\/wp\/v2\/posts\/65534\/revisions"}],"predecessor-version":[{"id":65537,"href":"https:\/\/hablemosclarotdf.com.ar\/index.php?rest_route=\/wp\/v2\/posts\/65534\/revisions\/65537"}],"wp:featuredmedia":[{"embeddable":true,"href":"https:\/\/hablemosclarotdf.com.ar\/index.php?rest_route=\/wp\/v2\/media\/65536"}],"wp:attachment":[{"href":"https:\/\/hablemosclarotdf.com.ar\/index.php?rest_route=%2Fwp%2Fv2%2Fmedia&parent=65534"}],"wp:term":[{"taxonomy":"category","embeddable":true,"href":"https:\/\/hablemosclarotdf.com.ar\/index.php?rest_route=%2Fwp%2Fv2%2Fcategories&post=65534"},{"taxonomy":"post_tag","embeddable":true,"href":"https:\/\/hablemosclarotdf.com.ar\/index.php?rest_route=%2Fwp%2Fv2%2Ftags&post=65534"}],"curies":[{"name":"wp","href":"https:\/\/api.w.org\/{rel}","templated":true}]}}