{"id":65509,"date":"2026-01-29T22:22:47","date_gmt":"2026-01-30T01:22:47","guid":{"rendered":"https:\/\/hablemosclarotdf.com.ar\/?p=65509"},"modified":"2026-01-29T22:22:47","modified_gmt":"2026-01-30T01:22:47","slug":"la-provincia-solicito-una-medida-cautelar-que-suspenda-los-efectos-irreparables-de-la-intervencion-del-puerto","status":"publish","type":"post","link":"https:\/\/hablemosclarotdf.com.ar\/?p=65509","title":{"rendered":"LA PROVINCIA SOLICIT\u00d3 UNA MEDIDA CAUTELAR QUE SUSPENDA LOS EFECTOS IRREPARABLES DE LA INTERVENCI\u00d3N DEL PUERTO"},"content":{"rendered":"<p>El secretario Legal del Gobierno de la Provincia, Emiliano Fossatto, confirm\u00f3 que junto a la presentaci\u00f3n realizada ante la Justicia Federal planteando la inconstitucionalidad de la resoluci\u00f3n que orden\u00f3 la intervenci\u00f3n del Puerto de Ushuaia, se sum\u00f3 el pedido de una medida cautelar urgente para suspender los efectos del acto y acciones que viene llevando adelante la Administraci\u00f3n Nacional de Puertos y Navegaci\u00f3n (ANPyN).<\/p>\n<p>\u201cConsideramos que la resoluci\u00f3n de intervenci\u00f3n viola el r\u00e9gimen federal, la autonom\u00eda provincial y requerimos el cese definitivo de toda acci\u00f3n o acto que lleve adelante la ANPyN y tambi\u00e9n, particularmente, que se nos garantice el pleno y exclusivo ejercicio del dominio, la administraci\u00f3n y la explotaci\u00f3n de actividades portuarias por parte de la Direcci\u00f3n Provincial de Puertos\u201d, repas\u00f3 el funcionario sobre la presentaci\u00f3n del Ejecutivo.<\/p>\n<p>En ese sentido, Fossatto resalt\u00f3 que la presentaci\u00f3n tambi\u00e9n contempla la solicitud de una medida cautelar \u201ccon el fin de que se suspendan los efectos del acto y se garanticen los derechos de la Provincia sobre el Puerto\u201d, por lo que desde el Gobierno \u201cse solicit\u00f3 la habilitaci\u00f3n de feria y entiendo que, con la premura que implica esta situaci\u00f3n, el Juzgado estar\u00e1 emitiendo su primer despacho\u201d.<\/p>\n<p>\u201cEntendemos que es necesario porque existe una afectaci\u00f3n concreta de la autonom\u00eda provincial, la percepci\u00f3n de recursos generados por el Puerto y no tenemos explicaci\u00f3n alguna por parte de la ANPyN\u201d, agreg\u00f3.<\/p>\n<p>Asimismo, el funcionario se\u00f1al\u00f3 que \u201cuna de las primeras medidas llevadas adelante por parte de la intervenci\u00f3n fue la notificaci\u00f3n de una cuenta a la que se deben transferir los dep\u00f3sitos por servicios portuarios\u201d, por lo que \u201cla renta que se genera pertenece al erario p\u00fablico de la provincia de Tierra del Fuego. Se trata de una vulneraci\u00f3n flagrante a la autonom\u00eda provincial\u201d<\/p>\n<p>Para Fossatto es preocupante adem\u00e1s \u201cque no tenemos conocimiento de qu\u00e9 se est\u00e1 recaudando y c\u00f3mo se est\u00e1 invirtiendo esa recaudaci\u00f3n; y en particular comprendemos tambi\u00e9n que hay una violaci\u00f3n directa al convenio que oportunamente suscribieron Naci\u00f3n y Provincia, donde se trasladaba a t\u00edtulo gratuito el dominio y la explotaci\u00f3n del Puerto\u201d.<\/p>\n<p>Por otra parte, el Secretario Legal confirm\u00f3 que este jueves, se recibi\u00f3 el primer despacho, por parte del Juez Federal, de no habilitar la feria judicial. Al respecto expres\u00f3 &#8220;sorprende ya que dada la grave situaci\u00f3n planteada y el pedido de medida cautelar por estar desarroll\u00e1ndose actos y da\u00f1os de tal magnitud a la Provincia, tal como la sustracci\u00f3n de recursos propios, es evidente que los presupuestos para la habilitaci\u00f3n est\u00e1n acreditados.&#8221;<\/p>\n<p>Asimismo, se indica que ya ha dado curso al expediente traslad\u00e1ndolo a la Fiscal\u00eda Federal, donde se requiere que dicho organismo eval\u00fae la competencia de la Corte, la validez de la medida cautelar solicitada y la competencia del Gobernador para la acci\u00f3n que se present\u00f3.<\/p>\n<p>En ese sentido, Fossatto precis\u00f3 que \u201centendemos que la competencia y legitimaci\u00f3n est\u00e1n dadas por ser el titular de la administraci\u00f3n y la defensa de los intereses de la provincia, pero ya estamos en an\u00e1lisis de ello&#8221;.<\/p>\n<p>Respecto a la indicaci\u00f3n que deber\u00eda tener la Matricula Federal se\u00f1al\u00f3 que son cuestiones formales menores y que se present\u00f3 como apoderado legal de la Provincia.<\/p>\n","protected":false},"excerpt":{"rendered":"<p>El secretario Legal del Gobierno de la Provincia, Emiliano Fossatto, confirm\u00f3 que junto a la&#8230;<\/p>\n","protected":false},"author":1,"featured_media":65510,"comment_status":"closed","ping_status":"closed","sticky":false,"template":"","format":"standard","meta":{"footnotes":""},"categories":[3],"tags":[],"class_list":["post-65509","post","type-post","status-publish","format-standard","has-post-thumbnail","hentry","category-noticias"],"jetpack_featured_media_url":"https:\/\/hablemosclarotdf.com.ar\/wp-content\/uploads\/2026\/01\/photo_2026-01-29_22-22-18.jpg","_links":{"self":[{"href":"https:\/\/hablemosclarotdf.com.ar\/index.php?rest_route=\/wp\/v2\/posts\/65509","targetHints":{"allow":["GET"]}}],"collection":[{"href":"https:\/\/hablemosclarotdf.com.ar\/index.php?rest_route=\/wp\/v2\/posts"}],"about":[{"href":"https:\/\/hablemosclarotdf.com.ar\/index.php?rest_route=\/wp\/v2\/types\/post"}],"author":[{"embeddable":true,"href":"https:\/\/hablemosclarotdf.com.ar\/index.php?rest_route=\/wp\/v2\/users\/1"}],"replies":[{"embeddable":true,"href":"https:\/\/hablemosclarotdf.com.ar\/index.php?rest_route=%2Fwp%2Fv2%2Fcomments&post=65509"}],"version-history":[{"count":1,"href":"https:\/\/hablemosclarotdf.com.ar\/index.php?rest_route=\/wp\/v2\/posts\/65509\/revisions"}],"predecessor-version":[{"id":65511,"href":"https:\/\/hablemosclarotdf.com.ar\/index.php?rest_route=\/wp\/v2\/posts\/65509\/revisions\/65511"}],"wp:featuredmedia":[{"embeddable":true,"href":"https:\/\/hablemosclarotdf.com.ar\/index.php?rest_route=\/wp\/v2\/media\/65510"}],"wp:attachment":[{"href":"https:\/\/hablemosclarotdf.com.ar\/index.php?rest_route=%2Fwp%2Fv2%2Fmedia&parent=65509"}],"wp:term":[{"taxonomy":"category","embeddable":true,"href":"https:\/\/hablemosclarotdf.com.ar\/index.php?rest_route=%2Fwp%2Fv2%2Fcategories&post=65509"},{"taxonomy":"post_tag","embeddable":true,"href":"https:\/\/hablemosclarotdf.com.ar\/index.php?rest_route=%2Fwp%2Fv2%2Ftags&post=65509"}],"curies":[{"name":"wp","href":"https:\/\/api.w.org\/{rel}","templated":true}]}}